{"id":41564,"date":"2024-02-08T11:01:32","date_gmt":"2024-02-08T14:01:32","guid":{"rendered":"https:\/\/atecordoba.org\/?p=41564"},"modified":"2024-02-08T11:41:26","modified_gmt":"2024-02-08T14:41:26","slug":"anisacate-el-cuerpo-de-delegadas-os-realizo-una-formacion-sobre-genero-y-violencia-laboral","status":"publish","type":"post","link":"https:\/\/atecordoba.org\/?p=41564","title":{"rendered":"Anisacate: el cuerpo de delegadas\/os realiz\u00f3 una formaci\u00f3n sobre g\u00e9nero y violencia laboral"},"content":{"rendered":"<div class=\"wp-block-image\">\n<figure class=\"aligncenter size-large is-resized\"><img loading=\"lazy\" decoding=\"async\" src=\"https:\/\/atecordoba.org\/wp-content\/uploads\/2024\/02\/cabeza-1-1024x791.jpeg\" alt=\"\" class=\"wp-image-41566\" width=\"768\" height=\"593\" \/><\/figure>\n<\/div>\n\n\n<p>La Secretar\u00eda de G\u00e9neros y Diversidades del Consejo Directivo Provincial (CDP) realiz\u00f3 ayer un curso de capacitaci\u00f3n para el cuerpo de delegadas y delegados municipales de ATE en Anisacate a los fines de poner en conocimiento de las y los compa\u00f1eros del sector la pol\u00edtica de ATE en la materia, la legislaci\u00f3n vigente y la organizaci\u00f3n en el marco de los conflictos gremiales aportando la perspectiva de g\u00e9nero. <\/p>\n\n\n\n<p>La reuni\u00f3n estuvo encabezada por la secretar\u00eda de G\u00e9neros y Diversidades, Mar\u00eda Spaventa, acompa\u00f1ada por la secretaria de Acci\u00f3n pol\u00edtica, Alejandra Agnone, y las vocales del CDP y delegadas del personal civil de las FFAAA, Lis Paz y Mariela Lozano. Anisacate es una de las localidades donde ATE desarroll\u00f3 un fuerte plan de lucha a partir de <a href=\"https:\/\/atecordoba.org\/?p=40498\">decenas de despidos que implement\u00f3 la intendenta Natalia Contini<\/a>, desde que asumi\u00f3 el cargo el pasado 10 de diciembre. El conflicto deriv\u00f3 en la<a href=\"https:\/\/atecordoba.org\/?p=40673\"> intervenci\u00f3n del Ministerio de Trabaj<\/a>o, donde ATE logr\u00f3 la <a href=\"https:\/\/atecordoba.org\/?p=41370\">reincorporaci\u00f3n <\/a>de algunos delegados\/as y candidatos al cargo que integraban el lote de despidos, donde la mayor\u00eda de las v\u00edctimas del brutal ajuste son mujeres. <\/p>\n\n\n<div class=\"wp-block-image\">\n<figure class=\"aligncenter size-large is-resized\"><img loading=\"lazy\" decoding=\"async\" src=\"https:\/\/atecordoba.org\/wp-content\/uploads\/2024\/02\/WhatsApp-Image-2024-02-07-at-11.56.31-1024x576.jpeg\" alt=\"\" class=\"wp-image-41567\" width=\"768\" height=\"432\" srcset=\"https:\/\/atecordoba.org\/wp-content\/uploads\/2024\/02\/WhatsApp-Image-2024-02-07-at-11.56.31-1024x576.jpeg 1024w, https:\/\/atecordoba.org\/wp-content\/uploads\/2024\/02\/WhatsApp-Image-2024-02-07-at-11.56.31-300x169.jpeg 300w, https:\/\/atecordoba.org\/wp-content\/uploads\/2024\/02\/WhatsApp-Image-2024-02-07-at-11.56.31-768x432.jpeg 768w, https:\/\/atecordoba.org\/wp-content\/uploads\/2024\/02\/WhatsApp-Image-2024-02-07-at-11.56.31-1536x864.jpeg 1536w, https:\/\/atecordoba.org\/wp-content\/uploads\/2024\/02\/WhatsApp-Image-2024-02-07-at-11.56.31-2048x1152.jpeg 2048w, https:\/\/atecordoba.org\/wp-content\/uploads\/2024\/02\/WhatsApp-Image-2024-02-07-at-11.56.31-750x422.jpeg 750w, https:\/\/atecordoba.org\/wp-content\/uploads\/2024\/02\/WhatsApp-Image-2024-02-07-at-11.56.31-1140x641.jpeg 1140w\" sizes=\"auto, (max-width: 768px) 100vw, 768px\" \/><\/figure>\n<\/div>\n\n\n<p>&#8220;El cuerpo de delegados quer\u00eda interiorizarse sobre la pol\u00edtica de nuestra secretaria de ATE, porque tras los despidos se pusieron en discusi\u00f3n muchas cosas, como que la mayor\u00eda de los despidos fueron compa\u00f1eras, o que se empezaron a presentar situaciones de violencia laboral a partir de la falta de tareas y directivas de parte de funcionarios. Son todas circunstancias que generan malestar a las y los compa\u00f1eros, por lo que necesitan herramientas para determinar que es violencia laboral. Hablamos mucho de la situaci\u00f3n que atraviesan, su v\u00ednculo laboral con la patronal&#8221;, explic\u00f3 Spaventa.<\/p>\n\n\n<div class=\"wp-block-image\">\n<figure class=\"alignleft size-large is-resized\"><img loading=\"lazy\" decoding=\"async\" src=\"https:\/\/atecordoba.org\/wp-content\/uploads\/2024\/02\/pie-1024x974.jpeg\" alt=\"\" class=\"wp-image-41568\" width=\"512\" height=\"487\" srcset=\"https:\/\/atecordoba.org\/wp-content\/uploads\/2024\/02\/pie-1024x974.jpeg 1024w, https:\/\/atecordoba.org\/wp-content\/uploads\/2024\/02\/pie-300x285.jpeg 300w, https:\/\/atecordoba.org\/wp-content\/uploads\/2024\/02\/pie-768x731.jpeg 768w, https:\/\/atecordoba.org\/wp-content\/uploads\/2024\/02\/pie-1536x1461.jpeg 1536w, https:\/\/atecordoba.org\/wp-content\/uploads\/2024\/02\/pie-2048x1948.jpeg 2048w, https:\/\/atecordoba.org\/wp-content\/uploads\/2024\/02\/pie-750x713.jpeg 750w, https:\/\/atecordoba.org\/wp-content\/uploads\/2024\/02\/pie-1140x1084.jpeg 1140w\" sizes=\"auto, (max-width: 512px) 100vw, 512px\" \/><\/figure>\n<\/div>\n\n\n<p>De esta forma, la formaci\u00f3n auspici\u00f3 la participaci\u00f3n de acciones pol\u00edticas que ATE est\u00e1 llevando adelante. &nbsp;<\/p>\n\n\n\n<p>&#8220;La reuni\u00f3n muy fruct\u00edfera. Facilitamos y formamos sobre la legislaci\u00f3n vigente que previene y castiga la violencia de g\u00e9nero: el Convenio 190 de la OIT, la Ley Nacional de Erradicaci\u00f3n de Violencias de G\u00e9nero que contempla la violencia digital, el Estatuto de ATE y el protocolo de actuaci\u00f3n frente a las situaciones de violencia en el trabajo&#8221;, agreg\u00f3 la dirigenta.<\/p>\n\n\n\n<p><strong>Paro de Mujeres<\/strong><\/p>\n\n\n\n<p>En ese marco, Spaventa adelant\u00f3 que ATE C\u00f3rdoba est\u00e1 preparando la marcha del pr\u00f3ximo 8 de marzo, fecha de fuertes movilizaciones a nivel nacional e internacional. La concentraci\u00f3n, que cada a\u00f1o es multitudinaria en Argentina, cobra mayor relevancia en la coyuntura del gobierno de Javier Milei, que entre otras pol\u00edtica regresivas en t\u00e9rminos de derechos de mujeres y diversidades, porque ayer se supo de un grupo de diputados nacionales de sus espacio propuso derogar la Ley IVE (Interrupci\u00f3n Voluntaria del Embarazo).<\/p>\n\n\n\n<p>Vale se\u00f1alar que el plan de despidos del gobierno nacional en el Estado, y su correlaci\u00f3n en provincias como C\u00f3rdoba y municipios, <a href=\"https:\/\/atecordoba.org\/?p=41535\">afecta mayoritariamente a las mujeres. <\/a><\/p>\n\n\n\n<p>&#8220;Queremos dejar asentado en al calle que no vamos a aceptar ning\u00fan despido de mujeres, defenderemos las pol\u00edticas de g\u00e9neros y vamos a luchar por un Estado que garantice los derechos de las mujeres y diversidades, y por la reincorporaci\u00f3n de todas las compa\u00f1eras despedidas&#8221;.<\/p>\n\n\n\n<p>Para organizar este proceso organizativo est\u00e1 previsto realizar en se de de ATE el pr\u00f3ximo 21 de febrero un plenario de compa\u00f1eras. &#8220;Invitamos a las compa\u00f1eras de Anisacate para que se sumen&#8221;, concluy\u00f3 Spaventa.<\/p>\n","protected":false},"excerpt":{"rendered":"<p>La Secretar\u00eda de G\u00e9neros y Diversidades del Consejo Directivo Provincial (CDP) realiz\u00f3 ayer un curso de capacitaci\u00f3n para el cuerpo de delegadas y delegados municipales de ATE en Anisacate a los fines de poner en conocimiento de las y los compa\u00f1eros del sector la pol\u00edtica de ATE en la materia, la legislaci\u00f3n vigente y la [&hellip;]<\/p>\n","protected":false},"author":7,"featured_media":41566,"comment_status":"open","ping_status":"open","sticky":false,"template":"","format":"standard","meta":{"_exactmetrics_skip_tracking":false,"_exactmetrics_sitenote_active":false,"_exactmetrics_sitenote_note":"","_exactmetrics_sitenote_category":0,"jnews-multi-image_gallery":[],"jnews_single_post":{"subtitle":"\"El cuerpo de delegados quer\u00eda interiorizarse sobre la pol\u00edtica de nuestra secretaria de ATE, porque tras los despidos se pusieron en discusi\u00f3n muchas cosas, como que la mayor\u00eda de los despidos fueron compa\u00f1eras, o que se empezaron a presentar situaciones de violencia laboral a partir de la falta de tareas y directivas de parte de funcionarios. Son todas circunstancias que generan malestar a las y los compa\u00f1eros, por lo que necesitan herramientas para determinar que es violencia laboral\", dijo la secretaria de G\u00e9neros y Diversidades de ATE C\u00f3rdoba, Mar\u00eda Spaventa. Convocan a un plenario de mujeres de ATE el 21 de febrero para organizar la marcha del 8M.","format":"standard","video":"","gallery":"","source_name":"","source_url":"","via_name":"","via_url":"","override_template":"0","override":[{"template":"1","single_blog_custom":"","parallax":"1","fullscreen":"1","layout":"no-sidebar-narrow","sidebar":"default-sidebar","second_sidebar":"default-sidebar","sticky_sidebar":"1","share_position":"bottom","share_float_style":"share-monocrhome","show_share_counter":"1","show_view_counter":"1","show_featured":"0","show_post_meta":"1","show_post_author":"0","show_post_author_image":"1","show_post_date":"1","post_date_format":"default","post_date_format_custom":"Y\/m\/d","show_post_category":"1","show_post_reading_time":"0","post_reading_time_wpm":"300","show_zoom_button":"0","zoom_button_out_step":"2","zoom_button_in_step":"3","show_post_tag":"1","show_prev_next_post":"0","show_popup_post":"0","number_popup_post":"1","show_author_box":"0","show_post_related":"1","show_inline_post_related":"0"}],"override_image_size":"0","image_override":[{"single_post_thumbnail_size":"crop-500","single_post_gallery_size":"crop-500"}],"trending_post":"0","trending_post_position":"meta","trending_post_label":"Trending","sponsored_post":"0","sponsored_post_label":"Sponsored by","sponsored_post_name":"","sponsored_post_url":"","sponsored_post_logo_enable":"0","sponsored_post_logo":"","sponsored_post_desc":"","disable_ad":"0"},"jnews_primary_category":{"id":"","hide":""},"jnews_social_meta":{"fb_title":"","fb_description":"","fb_image":"","twitter_title":"","twitter_description":"","twitter_image":""},"jnews_review":[],"enable_review":"0","type":"percentage","name":"","summary":"","brand":"","sku":"","good":[{"good_text":""}],"bad":[{"bad_text":""}],"score_override":"","override_value":"","rating":[{"rating_text":"","rating_number":"10"}],"price":[{"shop":"","price":"","link":"","icon":""}],"jnews_override_counter":{"override_view_counter":"0","view_counter_number":"0","override_share_counter":"0","share_counter_number":"0","override_like_counter":"0","like_counter_number":"0","override_dislike_counter":"0","dislike_counter_number":"0"},"jnews_post_split":{"enable_post_split":"0","post_split":[{"template":"1","tag":"h2","numbering":"asc","mode":"normal","first":"0","enable_toc":"0","toc_type":"normal"}]},"footnotes":""},"categories":[325,20],"tags":[],"class_list":["post-41564","post","type-post","status-publish","format-standard","has-post-thumbnail","hentry","category-generos-y-diversidades","category-municipales"],"jetpack_featured_media_url":"https:\/\/atecordoba.org\/wp-content\/uploads\/2024\/02\/cabeza-1-scaled-e1707400887204.jpeg","_links":{"self":[{"href":"https:\/\/atecordoba.org\/index.php?rest_route=\/wp\/v2\/posts\/41564","targetHints":{"allow":["GET"]}}],"collection":[{"href":"https:\/\/atecordoba.org\/index.php?rest_route=\/wp\/v2\/posts"}],"about":[{"href":"https:\/\/atecordoba.org\/index.php?rest_route=\/wp\/v2\/types\/post"}],"author":[{"embeddable":true,"href":"https:\/\/atecordoba.org\/index.php?rest_route=\/wp\/v2\/users\/7"}],"replies":[{"embeddable":true,"href":"https:\/\/atecordoba.org\/index.php?rest_route=%2Fwp%2Fv2%2Fcomments&post=41564"}],"version-history":[{"count":3,"href":"https:\/\/atecordoba.org\/index.php?rest_route=\/wp\/v2\/posts\/41564\/revisions"}],"predecessor-version":[{"id":41572,"href":"https:\/\/atecordoba.org\/index.php?rest_route=\/wp\/v2\/posts\/41564\/revisions\/41572"}],"wp:featuredmedia":[{"embeddable":true,"href":"https:\/\/atecordoba.org\/index.php?rest_route=\/wp\/v2\/media\/41566"}],"wp:attachment":[{"href":"https:\/\/atecordoba.org\/index.php?rest_route=%2Fwp%2Fv2%2Fmedia&parent=41564"}],"wp:term":[{"taxonomy":"category","embeddable":true,"href":"https:\/\/atecordoba.org\/index.php?rest_route=%2Fwp%2Fv2%2Fcategories&post=41564"},{"taxonomy":"post_tag","embeddable":true,"href":"https:\/\/atecordoba.org\/index.php?rest_route=%2Fwp%2Fv2%2Ftags&post=41564"}],"curies":[{"name":"wp","href":"https:\/\/api.w.org\/{rel}","templated":true}]}}