{"id":41535,"date":"2024-02-07T12:39:59","date_gmt":"2024-02-07T15:39:59","guid":{"rendered":"https:\/\/atecordoba.org\/?p=41535"},"modified":"2024-02-07T14:19:56","modified_gmt":"2024-02-07T17:19:56","slug":"despidos-en-cordoba-las-mujeres-son-principales-victimas-del-ajuste-libertario-y-de-sus-aliados-en-el-estado","status":"publish","type":"post","link":"https:\/\/atecordoba.org\/?p=41535","title":{"rendered":"Despidos en C\u00f3rdoba: las mujeres son principales v\u00edctimas del ajuste libertario y de sus aliados en el Estado"},"content":{"rendered":"<div class=\"wp-block-image\">\n<figure class=\"aligncenter size-full is-resized\"><img loading=\"lazy\" decoding=\"async\" src=\"https:\/\/atecordoba.org\/wp-content\/uploads\/2024\/02\/mujeres-ate-carteles.jpg\" alt=\"\" class=\"wp-image-41536\" width=\"880\" height=\"493\" \/><\/figure>\n<\/div>\n\n\n<p>El impacto del ajuste libertario en el Estado nacional, junto a su r\u00e9plica en espejo en la administraci\u00f3n provincial cordobesa y los municipios, afecta de manera desigual a varones y mujeres. <\/p>\n\n\n\n<p>Esta realidad es abrumadora en la Provincia y la experiencia es equivalente en aquellos municipios donde el proceso de ajuste enfrenta la representaci\u00f3n de ATE de las y los trabajadores de la localidad.<\/p>\n\n\n\n<p>As\u00ed, del total de aproximadamente 400 despidos en el Estado provincial, las mujeres superan de manera holgada las 200. El caso de SENAF es claro: el Complejo Esperanza sufri\u00f3 23 despedidas\/os, pero solo dos fueron varones. En tanto, en la Subsecretar\u00eda los 14 despidos son todas mujeres.<\/p>\n\n\n<div class=\"wp-block-image\">\n<figure class=\"alignright size-large is-resized\"><img loading=\"lazy\" decoding=\"async\" src=\"https:\/\/atecordoba.org\/wp-content\/uploads\/2024\/02\/WhatsApp-Image-2024-02-07-at-12.08.05-768x1024.jpeg\" alt=\"\" class=\"wp-image-41537\" width=\"510\" height=\"680\" srcset=\"https:\/\/atecordoba.org\/wp-content\/uploads\/2024\/02\/WhatsApp-Image-2024-02-07-at-12.08.05-768x1024.jpeg 768w, https:\/\/atecordoba.org\/wp-content\/uploads\/2024\/02\/WhatsApp-Image-2024-02-07-at-12.08.05-225x300.jpeg 225w, https:\/\/atecordoba.org\/wp-content\/uploads\/2024\/02\/WhatsApp-Image-2024-02-07-at-12.08.05-1152x1536.jpeg 1152w, https:\/\/atecordoba.org\/wp-content\/uploads\/2024\/02\/WhatsApp-Image-2024-02-07-at-12.08.05-1536x2048.jpeg 1536w, https:\/\/atecordoba.org\/wp-content\/uploads\/2024\/02\/WhatsApp-Image-2024-02-07-at-12.08.05-750x1000.jpeg 750w, https:\/\/atecordoba.org\/wp-content\/uploads\/2024\/02\/WhatsApp-Image-2024-02-07-at-12.08.05-1140x1520.jpeg 1140w, https:\/\/atecordoba.org\/wp-content\/uploads\/2024\/02\/WhatsApp-Image-2024-02-07-at-12.08.05-scaled.jpeg 1920w\" sizes=\"auto, (max-width: 510px) 100vw, 510px\" \/><\/figure>\n<\/div>\n\n\n<p>A su vez, 51 despidos en el \u00e1mbito municipal, 26 de 40 cesanteadas son mujeres en Anisacate, las nueve despedidas de Mina Clavero son compa\u00f1eras y otras 2 trabajadoras sufrieron el despido en la Municipalidad de Mendiolaza. <\/p>\n\n\n\n<p>Por su parte, en los organismos del Estado nacional en C\u00f3rdoba, ATE tiene registrados al d\u00eda de hoy ocho despidos, de las cuales seis son mujeres. <\/p>\n\n\n\n<p>Esta situaci\u00f3n se mantiene en pie a pesar de la ca\u00edda en desgracia de la ley \u00f3mnibus, sucedida ayer. <\/p>\n\n\n\n<p>El ajuste en le Estado se expresa en congelamiento de salarios, no renovaci\u00f3n de contratos y persecuci\u00f3n gremial.<\/p>\n\n\n\n<p>En tal sentido, la secretaria de Formaci\u00f3n del Consejo Directivo Provincial y trabajadora provincial de la SENAF, Irina Silberman, explica que sufre la precarizaci\u00f3n &#8220;hace m\u00e1s de siete a\u00f1os. Sabemos que el Estado viene vulnerando derechos ya antes que asuma este gobierno pero la gesti\u00f3n de Milei, a trav\u00e9s del DNU y la ley \u00f3mnibus, vino a profundizar las malas condiciones de trabajo y la precarizaci\u00f3n, desde una mirada patriarcal y olig\u00e1rquica&#8221;. <\/p>\n\n\n\n<p>Y agrega que &#8220;claramente en este contexto las mujeres son las personas m\u00e1s vulneradas, a partir del achicamiento del Estado. Atacan siempre a las que le ponemos el cuerpo cada d\u00eda en nuestro lugar de trabajo. Tratan de invisibilizar a las mujeres y las disidencias para llevarse puestos los derechos conquistados por el movimiento feminista en Argentina y el mundo. As\u00ed corren riesgo la ley del aborto seguro y gratuito, el matrimonio igualitario, la paridad de g\u00e9nero en espacios p\u00fablicos, las licencias por maternidad embarazo y lactancia. Vienen por todo&#8221;. <\/p>\n\n\n\n<p>En esa l\u00ednea, baja la situaci\u00f3n a la administraci\u00f3n provincial, al se\u00f1alar que &#8220;C\u00f3rdoba fue de las primeras provincias permeables a las propuestas de Milei de meter par\u00e1metros de productividad en funci\u00f3n de las licencias. No es casual que la mayor cantidad de despedidos en C\u00f3rdoba seamos mujeres y que el nivel de productividad se analiza en funci\u00f3n de las licencias relacionadas con el cuidado de nuestros ni\u00f1os y de maternidad. Dicen que las mujeres somos carpeteras porque gestamos, porque parimos y cuidamos a las infancias&#8221;.<\/p>\n\n\n\n<p>Otro testimonio de una compa\u00f1era provincial da cuenta de esta situaci\u00f3n. La enfermera del Hospital de Ni\u00f1os, Mar\u00eda Jos\u00e9 Ag\u00fcero, delegada de ATE e integrante del CDP, dice que &#8220;el DNU afecta directamente a las y los enfermeros, tanto en nuestra labor diaria como en las condiciones de trabajo y de participaci\u00f3n en el sistema de salud. Adem\u00e1s, puede influir en la regulaci\u00f3n la profesi\u00f3n a partir de la modificaci\u00f3n de la ley para su ejercicio, as\u00ed como en la promoci\u00f3n de la formaci\u00f3n y el desarrollo profesional. Tambi\u00e9n hay que considerar como estas medidas impactan en la salud mental del personal de enfermer\u00eda dado el nivel de presi\u00f3n al que estamos sometidas&#8221;.<\/p>\n\n\n<div class=\"wp-block-image\">\n<figure class=\"aligncenter size-large\"><img loading=\"lazy\" decoding=\"async\" width=\"1024\" height=\"576\" src=\"https:\/\/atecordoba.org\/wp-content\/uploads\/2024\/02\/intersindical-mujeres-cordoba-2-1024x576.jpg\" alt=\"\" class=\"wp-image-41538\" srcset=\"https:\/\/atecordoba.org\/wp-content\/uploads\/2024\/02\/intersindical-mujeres-cordoba-2-1024x576.jpg 1024w, https:\/\/atecordoba.org\/wp-content\/uploads\/2024\/02\/intersindical-mujeres-cordoba-2-300x169.jpg 300w, https:\/\/atecordoba.org\/wp-content\/uploads\/2024\/02\/intersindical-mujeres-cordoba-2-768x432.jpg 768w, https:\/\/atecordoba.org\/wp-content\/uploads\/2024\/02\/intersindical-mujeres-cordoba-2-750x422.jpg 750w, https:\/\/atecordoba.org\/wp-content\/uploads\/2024\/02\/intersindical-mujeres-cordoba-2.jpg 1058w\" sizes=\"auto, (max-width: 1024px) 100vw, 1024px\" \/><\/figure>\n<\/div>\n\n\n<p>&#8220;Una de las tantas discriminaciones a las mujeres es que se habilite la pregunta, en la evaluaci\u00f3n para un puesto de trabajo, si la mujer est\u00e1 en los planes ser madre, si tenes familia, hijos. Ante esto no tendr\u00edamos herramientas para defender a nuestras compa\u00f1eras, trabajar\u00edamos tres meses y se dar\u00eda de baja el contrato sin justificaci\u00f3n&#8221;, denuncia.<\/p>\n\n\n\n<p>Por otro lado, la Vocal del Consejo Directivo Nacional, madre de dos y trabajadora municipal, Julia Giuliani, se congratulo con la baja de la ley \u00f3mnibus pero afirm\u00f3 que el ajuste prosigue y castiga &#8220;a las administraciones municipales, al reducir las partidas presupuestarias para las provincias, que derrama en un ajuste de los presupuestos municipales, donde los trabajadores somos el eslab\u00f3n m\u00e1s d\u00e9bil de los estatales&#8221;. <\/p>\n\n\n<div class=\"wp-block-image\">\n<figure class=\"alignleft size-large is-resized\"><img loading=\"lazy\" decoding=\"async\" src=\"https:\/\/atecordoba.org\/wp-content\/uploads\/2024\/02\/julia-909x1024.jpeg\" alt=\"\" class=\"wp-image-41544\" width=\"455\" height=\"512\" srcset=\"https:\/\/atecordoba.org\/wp-content\/uploads\/2024\/02\/julia-909x1024.jpeg 909w, https:\/\/atecordoba.org\/wp-content\/uploads\/2024\/02\/julia-266x300.jpeg 266w, https:\/\/atecordoba.org\/wp-content\/uploads\/2024\/02\/julia-768x865.jpeg 768w, https:\/\/atecordoba.org\/wp-content\/uploads\/2024\/02\/julia-750x845.jpeg 750w, https:\/\/atecordoba.org\/wp-content\/uploads\/2024\/02\/julia-1140x1285.jpeg 1140w, https:\/\/atecordoba.org\/wp-content\/uploads\/2024\/02\/julia.jpeg 1182w\" sizes=\"auto, (max-width: 455px) 100vw, 455px\" \/><\/figure>\n<\/div>\n\n\n<p>&#8220;Como productora y realizadora de medios genera fuerte preocupaci\u00f3n el ajuste que el gobierno nacional aplica sobre los medios p\u00fablicos. As\u00ed buscan acallar voces, generar un discurso \u00fanico que posicione la pol\u00edtica de ajuste generando apoyo dentro de la poblaci\u00f3n, apuntando a una agenda de discusi\u00f3n p\u00fablica con falta de cr\u00edtica a la pol\u00edtica que se lleva adelante desde el 10 de diciembre y fomentando la privatizaci\u00f3n y desguace de los medios estatales&#8221;, enumera.&nbsp;<\/p>\n\n\n\n<p>En esa senda, la secretaria de G\u00e9neros y Diversidades del CDP, Mar\u00eda Spaventa, mostr\u00f3 su preocupaci\u00f3n por &#8220;la baj\u00edsima asignaci\u00f3n de presupuesto para las pol\u00edticas de g\u00e9neros y de cuidados, al ver el fuerte ataque institucional con la degradaci\u00f3n del Ministerio a Secretar\u00eda&#8221;.<\/p>\n\n\n\n<p><strong>Jubiladas<\/strong><\/p>\n\n\n\n<p>La compa\u00f1era Nora Cendra, jubilada provincial del sector salud, afirma que &#8220;tanto en el DNU como en la ley \u00f3mnibus los jubilados somos los m\u00e1s afectados por las implicancias que impone a trav\u00e9s del ajuste a nuestros sueldos, sacando el 1% del PBI del gasto previsional para llegar al equilibrio fiscal&#8221;.<\/p>\n\n\n\n<p>&#8220;Con el ajuste de las jubilaciones nuestros ingresos se van a devaluar m\u00e1s de un 30%&#8221;, se lamenta. <\/p>\n\n\n\n<p>Si bien la derrota pol\u00edtica del Gobierno en el Congreso detuvo la iniciativa para vender el Fondo de Garant\u00edas de Sustentabilidad del ANSES, su millonario capital sigue en las miras libertarias. &#8220;Tiene un papel clave como garant\u00eda para cobrar nuestros sueldos en \u00e9pocas de crisis profunda. No sabemos que se har\u00eda a ciencia cierta con ese dinero: si pagar deudas que no contrajimos o financiar la fuga a para\u00edsos fiscales&#8221;.<\/p>\n\n\n<div class=\"wp-block-image\">\n<figure class=\"alignright size-large is-resized\"><img loading=\"lazy\" decoding=\"async\" src=\"https:\/\/atecordoba.org\/wp-content\/uploads\/2024\/02\/nora-cendra-1024x470.jpg\" alt=\"\" class=\"wp-image-41539\" width=\"512\" height=\"235\" srcset=\"https:\/\/atecordoba.org\/wp-content\/uploads\/2024\/02\/nora-cendra-1024x470.jpg 1024w, https:\/\/atecordoba.org\/wp-content\/uploads\/2024\/02\/nora-cendra-300x138.jpg 300w, https:\/\/atecordoba.org\/wp-content\/uploads\/2024\/02\/nora-cendra-768x352.jpg 768w, https:\/\/atecordoba.org\/wp-content\/uploads\/2024\/02\/nora-cendra-750x344.jpg 750w, https:\/\/atecordoba.org\/wp-content\/uploads\/2024\/02\/nora-cendra-1140x523.jpg 1140w, https:\/\/atecordoba.org\/wp-content\/uploads\/2024\/02\/nora-cendra.jpg 1411w\" sizes=\"auto, (max-width: 512px) 100vw, 512px\" \/><\/figure>\n<\/div>\n\n\n<p>La dirigente de Santa Mar\u00eda de Punilla sostiene que &#8220;la derogaci\u00f3n del c\u00e1lculo de movilidad, ya devaluado durante el gobierno anterior, nos dejar\u00eda a expensas de los aumentos miserables que el Gobierno aplicar\u00e1 a propia voluntad, mientras que el ajuste en PAMI directamente nos pone en riesgo de muerte por la p\u00e9rdida de pr\u00e1cticas m\u00e9dicas y remedios gratuitos&#8221;.<\/p>\n\n\n\n<p>Por eso sostiene que &#8220;est\u00e1n en riesgo demasiados a\u00f1os de trabajo, ahorro y salud dejados en el camino para someternos al final de nuestras vidas a una subsistencia en condiciones indignas. Por eso pedimos acompa\u00f1ar de la manera que podamos la lucha de los que ponen el cuerpo y el alma para defendernos&#8221;.<\/p>\n\n\n\n<p><strong>El ajuste previsional en ANSES<\/strong><\/p>\n\n\n\n<p>La compa\u00f1era Estefan\u00eda Carranza es abogada e integra el \u00c1rea Jur\u00eddica de ANSES en C\u00f3rdoba, al tiempo que es delegada de ATE en la oficina de Despe\u00f1aderos. &#8220;Mi tarea consiste en analizar registros, pruebas o solicitar medidas reparatorias para emitir una opini\u00f3n legal, fundament\u00e1ndose a partir del ordenamiento jur\u00eddico, para versar sobre la correspondencia del derecho, el car\u00e1cter del servicio, que involucra a determinado titular sobre un determinado beneficio de la seguridad social&#8221;, dice para explicar que su actividad requiere conocimiento y constante actualizaci\u00f3n sobre las normas jur\u00eddicas y el derecho previsional.<\/p>\n\n\n<div class=\"wp-block-image\">\n<figure class=\"alignleft size-full is-resized\"><img loading=\"lazy\" decoding=\"async\" src=\"https:\/\/atecordoba.org\/wp-content\/uploads\/2024\/02\/mujeres-8mespalda.jpg\" alt=\"\" class=\"wp-image-41540\" width=\"553\" height=\"402\" srcset=\"https:\/\/atecordoba.org\/wp-content\/uploads\/2024\/02\/mujeres-8mespalda.jpg 666w, https:\/\/atecordoba.org\/wp-content\/uploads\/2024\/02\/mujeres-8mespalda-300x218.jpg 300w, https:\/\/atecordoba.org\/wp-content\/uploads\/2024\/02\/mujeres-8mespalda-120x86.jpg 120w\" sizes=\"auto, (max-width: 553px) 100vw, 553px\" \/><\/figure>\n<\/div>\n\n\n<p>Seg\u00fan la OIT, la seguridad social, explica la especialista, es la protecci\u00f3n que una sociedad proporciona a los individuos y los hogares para garantizar el acceder a la seguridad m\u00e9dica y los ingresos en caso de vejez, falta de empleo, invalidez, accidentes de trabajo, maternidad o p\u00e9rdida de sost\u00e9n de familia. Este concepto est\u00e1 garantizado en la Declaraci\u00f3n Universal de los DDHH.<\/p>\n\n\n\n<p>Seg\u00fan un informe del organismo que se analiz\u00f3 su actuaci\u00f3n en el primer trimestre de 2023, las mujeres constituyen el 65% de las beneficiarias del &nbsp;Sistema Integrado Previsional Argentino, en tanto el 35% son varones. <\/p>\n\n\n\n<p>&#8220;La creencia que pretenden instalar que en ANSES se dan planes no es real, sino una falacia para darle al organismo una mirada meramente asistencialista. La ANSES otorga derechos de la seguridad social, con beneficios destinados a todas las personas que habitan nuestro pa\u00eds, conforme los requisitos que fijan su obtenci\u00f3n. De esta forma ANSES permite que el Estado argentino cumpla con las obligaciones que fija la Constituci\u00f3n Nacional y los tratados internacionales firmados con otros pa\u00edses. Al ser un sistema p\u00fablico no es un organismo excluyente y brinda garant\u00edas sobre el pago de las prestaciones, a diferencia de empresas privadas como las AFJP que limitaban el acceso a las prestaciones por debajo del m\u00ednimo legal establecido&#8221;, dice Carranza.<\/p>\n\n\n\n<p>Y concluye: &#8220;si la seguridad social es una obligaci\u00f3n estatal lo l\u00f3gico es que la entidad que lo hace efectivo sea del Estado, cuidando y administrando sus fondos. Para eso la ANSES cuenta desde con el FGS (Fondo de Garant\u00eda de Sustentabilidad), que a la fecha tiene super\u00e1vit y fue creado para garantizar el pago y prestaci\u00f3n de las obligaciones. A trav\u00e9s de la ley \u00f3mnibus se pretende otorgarle al presidente la capacidad de disponer discrecionalmente de los fondos. Esto es grav\u00edsimo porque implica una profunda desfinanciaci\u00f3n de nuestro sistema previsional. Las jubilaciones, pensiones, asignaciones, cr\u00e9ditos a jubilados, moratorias para regularizar aportes, todo en riesgo por la desfinanciaci\u00f3n&#8221;.<\/p>\n\n\n\n<p><strong>Represi\u00f3n en el Congreso<\/strong><\/p>\n\n\n\n<p>Mientras se trataba la semana pasada la ley \u00f3mnibus en el Congreso y grupos de  militantes, organizaciones pol\u00edticas y sociales, ciudadanos llegados al lugar por s\u00ed mismos, manifestaron su rechazo al tratamiento de la ley que finalmente ser\u00eda retirada por el propio oficialismo, ante la presi\u00f3n social y su incapacidad de articular las alianzas pol\u00edticas que lograsen la media sanci\u00f3n en Diputados.<\/p>\n\n\n<div class=\"wp-block-image\">\n<figure class=\"alignright size-full is-resized\"><img loading=\"lazy\" decoding=\"async\" src=\"https:\/\/atecordoba.org\/wp-content\/uploads\/2024\/02\/represion-congreso.png\" alt=\"\" class=\"wp-image-41549\" width=\"536\" height=\"341\" srcset=\"https:\/\/atecordoba.org\/wp-content\/uploads\/2024\/02\/represion-congreso.png 714w, https:\/\/atecordoba.org\/wp-content\/uploads\/2024\/02\/represion-congreso-300x191.png 300w\" sizes=\"auto, (max-width: 536px) 100vw, 536px\" \/><\/figure>\n<\/div>\n\n\n<p>All\u00ed encontr\u00f3 la ministra de Seguridad, Patricia Bullrich el \u00e1mbito propicio para desplegar su habitual aparato represivo, que hasta los propios aliados calificaron de desproporcionado, habida cuenta de la cantidad de polic\u00edas dispuestos para una escasa cantidad de gente en el lugar.<\/p>\n\n\n\n<p>En ese contexto, al mismo tiempo que se complicaba dentro de la C\u00e1mara el debate para el oficialismo, en una acci\u00f3n claramente distractiva y a los fines de quitar el foco de atenci\u00f3n sobre el debate, la polic\u00eda arremeti\u00f3 contra cuatro chicas que estaban sentadas en el suelo cantando el Himno Nacional de manera absolutamente pac\u00edfica. <\/p>\n\n\n\n<p>Cuatro mujeres j\u00f3venes de distintos or\u00edgenes pol\u00edticos que un\u00edan anhelos con la esperanza que la ley fracasara en su tratamiento, lo que finalmente sucedi\u00f3 d\u00edas despu\u00e9s. Pero la detenci\u00f3n expresa como la pol\u00edtica represiva tambi\u00e9n hace foco en las mujeres, sin importarle la vulnerabilidad  e indefensi\u00f3n del momento frente a los hombres armados que, seg\u00fan denunciaron posteriormente, alguna de ellas fue arrastrada del pelo por una cuadra. <\/p>\n\n\n\n<p>En ese contexto, la delegada de ATE en Parques Nacionales e integrante de la Secretar\u00eda de DDHH en el CDP, Mar\u00eda Llorens, expres\u00f3 el repudio de nuestra organizaci\u00f3n a las detenciones y apunt\u00f3 contra la pol\u00edtica represiva de Milei. &#8220;Es evidente que esta pol\u00edtica cierra con represi\u00f3n en la calle. No tienen el consenso necesario para aplicar estas pol\u00edticas de desguace y remate del Estado&#8221;, apunt\u00f3 la dirigente. <\/p>\n\n\n\n<p>Los decretos 84 y 70\/2023 van en contra de los derechos laborales adquiridos del movimiento obrero. Lo \u00fanico que ofrece este gobierno a las y los trabajadores es pobreza y represi\u00f3n, por eso seguiremos en la calle representando a las y los estatales para resistir y dar vuelta este ajuste&#8221;, advierte Llorens.<\/p>\n\n\n\n<p><strong>Conclusiones<\/strong><\/p>\n\n\n\n<p>A pesar que el proyecto de ley no ser\u00e1 aprobado, sus m\u00e1s directas expresiones referidas a la situaci\u00f3n de las mujeres y su ninguneo a las diversidades, muestran una pol\u00edtica de retroceso claro en derechos para el sector. <\/p>\n\n\n<div class=\"wp-block-image\">\n<figure class=\"alignleft size-large is-resized\"><img loading=\"lazy\" decoding=\"async\" src=\"https:\/\/atecordoba.org\/wp-content\/uploads\/2024\/02\/IMG-20220219-WA0056-1024x799.jpg\" alt=\"\" class=\"wp-image-41550\" width=\"512\" height=\"400\" srcset=\"https:\/\/atecordoba.org\/wp-content\/uploads\/2024\/02\/IMG-20220219-WA0056-1024x799.jpg 1024w, https:\/\/atecordoba.org\/wp-content\/uploads\/2024\/02\/IMG-20220219-WA0056-300x234.jpg 300w, https:\/\/atecordoba.org\/wp-content\/uploads\/2024\/02\/IMG-20220219-WA0056-768x599.jpg 768w, https:\/\/atecordoba.org\/wp-content\/uploads\/2024\/02\/IMG-20220219-WA0056-750x585.jpg 750w, https:\/\/atecordoba.org\/wp-content\/uploads\/2024\/02\/IMG-20220219-WA0056-1140x890.jpg 1140w, https:\/\/atecordoba.org\/wp-content\/uploads\/2024\/02\/IMG-20220219-WA0056.jpg 1280w\" sizes=\"auto, (max-width: 512px) 100vw, 512px\" \/><\/figure>\n<\/div>\n\n\n<p>As\u00ed, la expresi\u00f3n violencia de g\u00e9nero se reemplazaba en el texto de la Ley Micaela por ejemplo por \u201cviolencia familiar y contra la mujer\u201d. Por un lado, invisibilizaba la diversidad al acotarla a la categor\u00eda \u201cmujer\u201d. Y dejaba de lado que la violencia de g\u00e9nero adopta diferentes dimensiones&nbsp; y se perpetra en espacios que van mucho m\u00e1s all\u00e1 del familiar, operando como base de desigualdad estructural.<\/p>\n\n\n\n<p>El proyecto oficialista propon\u00eda modificar, entre tantas cosas, la Ley de los Mil D\u00edas (Ley 27.611 de Atenci\u00f3n y Cuidado Integral de la Salud durante el Embarazo y la Primera Infancia), eliminaba la nominaci\u00f3n \u00abpersonas gestantes\u00bb -en el original- y la reemplazaba por \u00abmadres embarazadas\u00bb. Al tiempo que hac\u00eda menci\u00f3n en reiteradas oportunidades a \u00abni\u00f1os desde la concepci\u00f3n\u00ab, un concepto que es la base de los movimientos que se oponen al aborto.<\/p>\n\n\n\n<p>Tambi\u00e9n eliminaba las menciones al &#8220;respeto irrestricto del inter\u00e9s superior del ni\u00f1o y de la ni\u00f1a y del principio de autonom\u00eda progresiva&#8221; y a la &#8220;autonom\u00eda de las mujeres y otras personas gestantes&#8221;.<\/p>\n\n\n\n<p>Para ATE se trata del m\u00e1s feroz ataque a los derechos conquistados por las mujeres y diversidades desde la recuperaci\u00f3n democr\u00e1tica, pol\u00edtica implementada pro un gobierno que pretende cambiar de ra\u00edz la concepci\u00f3n de Estado, para pasar a ser de garante de derechos a garante exclusivo de negocios. Sin lugar en su programa para el movimiento feminista, ya que representa a los sectores m\u00e1s reaccionarios y medievales, su pol\u00edtica encontrar\u00e1 en ATE la resistencia eficaz y necesaria para defender los derechos adquiridos en a\u00f1os de lucha.  Las y los estatales estamos unidos en la defensa de nuestros derechos.  <\/p>\n\n\n\n<p><\/p>\n\n\n\n<p><\/p>\n","protected":false},"excerpt":{"rendered":"<p>El impacto del ajuste libertario en el Estado nacional, junto a su r\u00e9plica en espejo en la administraci\u00f3n provincial cordobesa y los municipios, afecta de manera desigual a varones y mujeres. Esta realidad es abrumadora en la Provincia y la experiencia es equivalente en aquellos municipios donde el proceso de ajuste enfrenta la representaci\u00f3n de [&hellip;]<\/p>\n","protected":false},"author":7,"featured_media":41536,"comment_status":"open","ping_status":"open","sticky":false,"template":"","format":"standard","meta":{"_exactmetrics_skip_tracking":false,"_exactmetrics_sitenote_active":false,"_exactmetrics_sitenote_note":"","_exactmetrics_sitenote_category":0,"jnews-multi-image_gallery":[],"jnews_single_post":{"subtitle":"\"Sabemos que el Estado viene vulnerando derechos ya antes que asuma este gobierno pero la gesti\u00f3n de Milei, a trav\u00e9s del DNU y la ley \u00f3mnibus, vino a profundizar las malas condiciones de trabajo y la precarizaci\u00f3n, desde una mirada patriarcal y olig\u00e1rquica\", explica la trabajadora provincial e integrante del Consejo Directivo Provincial, Irina Silberman.","format":"standard","video":"","gallery":"","source_name":"","source_url":"","via_name":"","via_url":"","override_template":"0","override":[{"template":"1","single_blog_custom":"","parallax":"1","fullscreen":"1","layout":"no-sidebar-narrow","sidebar":"default-sidebar","second_sidebar":"default-sidebar","sticky_sidebar":"1","share_position":"bottom","share_float_style":"share-monocrhome","show_share_counter":"1","show_view_counter":"1","show_featured":"0","show_post_meta":"1","show_post_author":"0","show_post_author_image":"1","show_post_date":"1","post_date_format":"default","post_date_format_custom":"Y\/m\/d","show_post_category":"1","show_post_reading_time":"0","post_reading_time_wpm":"300","show_zoom_button":"0","zoom_button_out_step":"2","zoom_button_in_step":"3","show_post_tag":"1","show_prev_next_post":"0","show_popup_post":"0","number_popup_post":"1","show_author_box":"0","show_post_related":"1","show_inline_post_related":"0"}],"override_image_size":"0","image_override":[{"single_post_thumbnail_size":"crop-500","single_post_gallery_size":"crop-500"}],"trending_post":"0","trending_post_position":"meta","trending_post_label":"Trending","sponsored_post":"0","sponsored_post_label":"Sponsored by","sponsored_post_name":"","sponsored_post_url":"","sponsored_post_logo_enable":"0","sponsored_post_logo":"","sponsored_post_desc":"","disable_ad":"0"},"jnews_primary_category":{"id":"","hide":""},"jnews_social_meta":{"fb_title":"","fb_description":"","fb_image":"","twitter_title":"","twitter_description":"","twitter_image":""},"jnews_review":[],"enable_review":"0","type":"percentage","name":"","summary":"","brand":"","sku":"","good":[{"good_text":""}],"bad":[{"bad_text":""}],"score_override":"","override_value":"","rating":[{"rating_text":"","rating_number":"10"}],"price":[{"shop":"","price":"","link":"","icon":""}],"jnews_override_counter":{"override_view_counter":"0","view_counter_number":"0","override_share_counter":"0","share_counter_number":"0","override_like_counter":"0","like_counter_number":"0","override_dislike_counter":"0","dislike_counter_number":"0"},"jnews_post_split":{"enable_post_split":"0","post_split":[{"template":"1","tag":"h2","numbering":"asc","mode":"normal","first":"0","enable_toc":"0","toc_type":"normal"}]},"footnotes":""},"categories":[325],"tags":[],"class_list":["post-41535","post","type-post","status-publish","format-standard","has-post-thumbnail","hentry","category-generos-y-diversidades"],"jetpack_featured_media_url":"https:\/\/atecordoba.org\/wp-content\/uploads\/2024\/02\/mujeres-ate-carteles-e1707320391627.jpg","_links":{"self":[{"href":"https:\/\/atecordoba.org\/index.php?rest_route=\/wp\/v2\/posts\/41535","targetHints":{"allow":["GET"]}}],"collection":[{"href":"https:\/\/atecordoba.org\/index.php?rest_route=\/wp\/v2\/posts"}],"about":[{"href":"https:\/\/atecordoba.org\/index.php?rest_route=\/wp\/v2\/types\/post"}],"author":[{"embeddable":true,"href":"https:\/\/atecordoba.org\/index.php?rest_route=\/wp\/v2\/users\/7"}],"replies":[{"embeddable":true,"href":"https:\/\/atecordoba.org\/index.php?rest_route=%2Fwp%2Fv2%2Fcomments&post=41535"}],"version-history":[{"count":6,"href":"https:\/\/atecordoba.org\/index.php?rest_route=\/wp\/v2\/posts\/41535\/revisions"}],"predecessor-version":[{"id":41553,"href":"https:\/\/atecordoba.org\/index.php?rest_route=\/wp\/v2\/posts\/41535\/revisions\/41553"}],"wp:featuredmedia":[{"embeddable":true,"href":"https:\/\/atecordoba.org\/index.php?rest_route=\/wp\/v2\/media\/41536"}],"wp:attachment":[{"href":"https:\/\/atecordoba.org\/index.php?rest_route=%2Fwp%2Fv2%2Fmedia&parent=41535"}],"wp:term":[{"taxonomy":"category","embeddable":true,"href":"https:\/\/atecordoba.org\/index.php?rest_route=%2Fwp%2Fv2%2Fcategories&post=41535"},{"taxonomy":"post_tag","embeddable":true,"href":"https:\/\/atecordoba.org\/index.php?rest_route=%2Fwp%2Fv2%2Ftags&post=41535"}],"curies":[{"name":"wp","href":"https:\/\/api.w.org\/{rel}","templated":true}]}}