{"id":41531,"date":"2024-02-06T15:44:39","date_gmt":"2024-02-06T18:44:39","guid":{"rendered":"https:\/\/atecordoba.org\/?p=41531"},"modified":"2024-02-06T15:45:21","modified_gmt":"2024-02-06T18:45:21","slug":"rechazar-las-privatizaciones-para-mantener-el-sentido-de-comunidad-y-soberania","status":"publish","type":"post","link":"https:\/\/atecordoba.org\/?p=41531","title":{"rendered":"Rechazar las privatizaciones para mantener el sentido de comunidad y de soberan\u00eda"},"content":{"rendered":"<div class=\"wp-block-image\">\n<figure class=\"alignright size-full is-resized\"><img loading=\"lazy\" decoding=\"async\" src=\"https:\/\/atecordoba.org\/wp-content\/uploads\/2023\/12\/WhatsApp-Image-2023-12-29-at-09.13.01-1.jpeg\" alt=\"\" class=\"wp-image-40802\" width=\"384\" height=\"512\" srcset=\"https:\/\/atecordoba.org\/wp-content\/uploads\/2023\/12\/WhatsApp-Image-2023-12-29-at-09.13.01-1.jpeg 768w, https:\/\/atecordoba.org\/wp-content\/uploads\/2023\/12\/WhatsApp-Image-2023-12-29-at-09.13.01-1-225x300.jpeg 225w, https:\/\/atecordoba.org\/wp-content\/uploads\/2023\/12\/WhatsApp-Image-2023-12-29-at-09.13.01-1-750x1000.jpeg 750w\" sizes=\"auto, (max-width: 384px) 100vw, 384px\" \/><\/figure>\n<\/div>\n\n\n<p>Por Federico Giuliani, secretario General de ATE C\u00f3rdoba y CTAA Provincia de C\u00f3rdoba<\/p>\n\n\n\n<p>Las y los diputados cordobeses que voten esta semana el otorgamiento o no al Poder Ejecutivo de capacidad para privatizar empresas p\u00fablicas deben saber que los ojos del movimiento obrero recaen sobre ellos.<\/p>\n\n\n\n<p>Habilitar el desguace y enajenaci\u00f3n de los bienes p\u00fablicos no ser\u00e1 gratuito, como no fue gratis su construcci\u00f3n en base al ahorro acumulado, el trabajo y el sue\u00f1o de soberan\u00eda de generaciones de argentinos y argentinas que pusieron su esfuerzo para alcanzar ese objetivo.<\/p>\n\n\n\n<p>Adem\u00e1s, dar carta blanca a Milei para que haga y deshaga significa retroceder tres d\u00e9cadas retomando el camino de los negociados y el vaciamiento de los \u201990, que concluy\u00f3 con el pa\u00eds social, econ\u00f3mica y pol\u00edticamente estallado, a pesar de \u2013presuntamente- gozar de los beneficios de una econom\u00eda privatizada y desregulada.<\/p>\n\n\n\n<p>\u00bfC\u00f3mo termin\u00f3? Con cinco presidentes desfilando uno detr\u00e1s del otro frente a una sociedad desahuciada y sometida al hambre y la desesperaci\u00f3n, pero que busc\u00f3 en sus organizaciones libres del pueblo el camino de la recuperaci\u00f3n.<\/p>\n\n\n\n<p>El proceso para llegar a tal amargo fin estuvo plagado de cientos de miles de despidos, desintegraci\u00f3n territorial, desindustrializaci\u00f3n, afectaci\u00f3n de los servicios b\u00e1sicos para la poblaci\u00f3n y aumento de costos de servicios que desplegaron la fuga de capitales y la desinversi\u00f3n que el Estado garantizaba.<\/p>\n\n\n\n<p>En C\u00f3rdoba sabemos bien su resultado, el cord\u00f3n industrial m\u00e1s floreciente del pa\u00eds pas\u00f3 a ser un p\u00e1ramo donde la industria privada que integraba el circuito de suministros y contrataciones termin\u00f3 liquidada. Todo fue muy dif\u00edcil de recuperar. El caso de la F\u00e1brica de Aviones es quiz\u00e1s el m\u00e1s flagrante de todos.<\/p>\n\n\n\n<p>Otros antecedentes se encuentran m\u00e1s all\u00e1 en el tiempo, cuando la dictadura c\u00edvico-militar-eclesi\u00e1stica (76-83) desguaz\u00f3 la f\u00e1brica IME que constitu\u00eda un centro de producci\u00f3n de veh\u00edculos de trabajo m\u00e1s importante de Latinoam\u00e9rica. Todo para dejarles campo despejado a las terminales de las empresas trasnacionales de producci\u00f3n de veh\u00edculos, que hoy solo producen menos del 10% de las autopartes en nuestro pa\u00eds.<\/p>\n\n\n\n<p>Pol\u00edtica canallesca implementada por Jos\u00e9 Alfredo Mart\u00ednez de Hoz, que encuentra en el gobierno actual sus herederos, como los tuvo en los \u201990 y durante el macrismo.<\/p>\n\n\n\n<p>Sabemos que nuestra historia est\u00e1 plagada de marchas y contramarchas. Sin duda que ATE fue protagonista de la gran mayor\u00eda de aquellos momentos donde el Estado avanz\u00f3 garantizando derechos y ejerciendo soberan\u00eda, de la misma manera fue puntal de resistencia para que las involuciones generadas por los liberales de todas las \u00e9pocas no terminaran con el sentido de comunidad que involucra al Estado.<\/p>\n\n\n\n<p>Un buen ejemplo es la resistencia a la privatizaci\u00f3n de la seguridad social en 1993, cuando el menemismo implement\u00f3 el sistema de AFJP. Aquel enero las militancia de ATE sali\u00f3 a juntar en cada esquina de los barrios, en las puertas de las f\u00e1bricas, los comercios y los organismos p\u00fablicos un mill\u00f3n de firmas que permitieron que siguiera existiendo el sistema de reparto. Se conform\u00f3 un sistema mixto donde el trabajador pod\u00eda optar entre la cuenta individual para sus aportes o el sistema solidario.<\/p>\n\n\n\n<p>Sin aquella lucha, encabezada por V\u00edctor De Gennaro, hubiera sido m\u00e1s dif\u00edcil recuperar el sistema de reparto de monopolio estatal en 2009, cuando los bancos amenazaban con vaciar el sistema previsional para salvar sus cuentas en la crisis internacional de aquel a\u00f1o.<\/p>\n\n\n\n<p>Hoy enfrentamos el riesgo que la pol\u00edtica energ\u00e9tica, el correo, el Banco Naci\u00f3n, el sistema cient\u00edfico t\u00e9cnico, las universidades p\u00fablicas o el sistema ferroviario, caigan nuevamente en manos de quienes explotan los recursos nacionales en base a la inversi\u00f3n ya realizada por el ahorro de las y los argentinos.<\/p>\n\n\n\n<p>Reclamamos a los diputados nacionales que rechacen este proyecto, que respeten la herencia de los pioneros en el desarrollo inclusivo nacional y que recuerden que la infame traici\u00f3n a la patria no es una opci\u00f3n para la gente de bien.<\/p>\n\n\n\n<p>ATE estar\u00e1 siempre defendiendo el Estado para liberar la Naci\u00f3n.<\/p>\n","protected":false},"excerpt":{"rendered":"<p>Por Federico Giuliani, secretario General de ATE C\u00f3rdoba y CTAA Provincia de C\u00f3rdoba Las y los diputados cordobeses que voten esta semana el otorgamiento o no al Poder Ejecutivo de capacidad para privatizar empresas p\u00fablicas deben saber que los ojos del movimiento obrero recaen sobre ellos. Habilitar el desguace y enajenaci\u00f3n de los bienes p\u00fablicos [&hellip;]<\/p>\n","protected":false},"author":7,"featured_media":40807,"comment_status":"open","ping_status":"open","sticky":false,"template":"","format":"standard","meta":{"_exactmetrics_skip_tracking":false,"_exactmetrics_sitenote_active":false,"_exactmetrics_sitenote_note":"","_exactmetrics_sitenote_category":0,"jnews-multi-image_gallery":[],"jnews_single_post":{"subtitle":"\"Hoy enfrentamos el riesgo que la pol\u00edtica energ\u00e9tica, el correo, el Banco Naci\u00f3n, el sistema cient\u00edfico t\u00e9cnico, las universidades p\u00fablicas o el sistema ferroviario, caigan nuevamente en manos de quienes explotan los recursos nacionales en base a la inversi\u00f3n ya realizada por el ahorro de las y los argentinos. Reclamamos a los diputados nacionales que rechacen este proyecto, que respeten la herencia de los pioneros en el desarrollo inclusivo nacional y que recuerden que la infame traici\u00f3n a la patria no es una opci\u00f3n para la gente de bien\", afirma el secretario General de ATE Cordoba, Federico Giuliani..","format":"standard","video":"","gallery":"","source_name":"","source_url":"","via_name":"","via_url":"","override_template":"0","override":[{"template":"1","single_blog_custom":"","parallax":"1","fullscreen":"1","layout":"no-sidebar-narrow","sidebar":"default-sidebar","second_sidebar":"default-sidebar","sticky_sidebar":"1","share_position":"bottom","share_float_style":"share-monocrhome","show_share_counter":"1","show_view_counter":"1","show_featured":"0","show_post_meta":"1","show_post_author":"0","show_post_author_image":"1","show_post_date":"1","post_date_format":"default","post_date_format_custom":"Y\/m\/d","show_post_category":"1","show_post_reading_time":"0","post_reading_time_wpm":"300","show_zoom_button":"0","zoom_button_out_step":"2","zoom_button_in_step":"3","show_post_tag":"1","show_prev_next_post":"0","show_popup_post":"0","number_popup_post":"1","show_author_box":"0","show_post_related":"1","show_inline_post_related":"0"}],"override_image_size":"0","image_override":[{"single_post_thumbnail_size":"crop-500","single_post_gallery_size":"crop-500"}],"trending_post":"0","trending_post_position":"meta","trending_post_label":"Trending","sponsored_post":"0","sponsored_post_label":"Sponsored by","sponsored_post_name":"","sponsored_post_url":"","sponsored_post_logo_enable":"0","sponsored_post_logo":"","sponsored_post_desc":"","disable_ad":"0"},"jnews_primary_category":{"id":"","hide":""},"jnews_social_meta":{"fb_title":"","fb_description":"","fb_image":"","twitter_title":"","twitter_description":"","twitter_image":""},"jnews_review":[],"enable_review":"0","type":"percentage","name":"","summary":"","brand":"","sku":"","good":[{"good_text":""}],"bad":[{"bad_text":""}],"score_override":"","override_value":"","rating":[{"rating_text":"","rating_number":"10"}],"price":[{"shop":"","price":"","link":"","icon":""}],"jnews_override_counter":{"override_view_counter":"0","view_counter_number":"0","override_share_counter":"0","share_counter_number":"0","override_like_counter":"0","like_counter_number":"0","override_dislike_counter":"0","dislike_counter_number":"0"},"jnews_post_split":{"enable_post_split":"0","post_split":[{"template":"1","tag":"h2","numbering":"asc","mode":"normal","first":"0","enable_toc":"0","toc_type":"normal"}]},"footnotes":""},"categories":[53,341],"tags":[],"class_list":["post-41531","post","type-post","status-publish","format-standard","has-post-thumbnail","hentry","category-comunicados-de-prensa","category-cdp"],"jetpack_featured_media_url":"https:\/\/atecordoba.org\/wp-content\/uploads\/2023\/12\/fedeperfil-e1703862951626.jpeg","_links":{"self":[{"href":"https:\/\/atecordoba.org\/index.php?rest_route=\/wp\/v2\/posts\/41531","targetHints":{"allow":["GET"]}}],"collection":[{"href":"https:\/\/atecordoba.org\/index.php?rest_route=\/wp\/v2\/posts"}],"about":[{"href":"https:\/\/atecordoba.org\/index.php?rest_route=\/wp\/v2\/types\/post"}],"author":[{"embeddable":true,"href":"https:\/\/atecordoba.org\/index.php?rest_route=\/wp\/v2\/users\/7"}],"replies":[{"embeddable":true,"href":"https:\/\/atecordoba.org\/index.php?rest_route=%2Fwp%2Fv2%2Fcomments&post=41531"}],"version-history":[{"count":2,"href":"https:\/\/atecordoba.org\/index.php?rest_route=\/wp\/v2\/posts\/41531\/revisions"}],"predecessor-version":[{"id":41534,"href":"https:\/\/atecordoba.org\/index.php?rest_route=\/wp\/v2\/posts\/41531\/revisions\/41534"}],"wp:featuredmedia":[{"embeddable":true,"href":"https:\/\/atecordoba.org\/index.php?rest_route=\/wp\/v2\/media\/40807"}],"wp:attachment":[{"href":"https:\/\/atecordoba.org\/index.php?rest_route=%2Fwp%2Fv2%2Fmedia&parent=41531"}],"wp:term":[{"taxonomy":"category","embeddable":true,"href":"https:\/\/atecordoba.org\/index.php?rest_route=%2Fwp%2Fv2%2Fcategories&post=41531"},{"taxonomy":"post_tag","embeddable":true,"href":"https:\/\/atecordoba.org\/index.php?rest_route=%2Fwp%2Fv2%2Ftags&post=41531"}],"curies":[{"name":"wp","href":"https:\/\/api.w.org\/{rel}","templated":true}]}}