{"id":41510,"date":"2024-02-02T13:46:55","date_gmt":"2024-02-02T16:46:55","guid":{"rendered":"https:\/\/atecordoba.org\/?p=41510"},"modified":"2024-02-02T14:12:29","modified_gmt":"2024-02-02T17:12:29","slug":"ate-exige-la-reincorporacion-de-una-trabajadora-embarazada-del-ministerio-de-obras-publicas-despedida-en-diciembre-2","status":"publish","type":"post","link":"https:\/\/atecordoba.org\/?p=41510","title":{"rendered":"ATE exige la reincorporaci\u00f3n de una trabajadora embarazada del Ministerio de Obras P\u00fablicas despedida en diciembre"},"content":{"rendered":"<div class=\"wp-block-image\">\n<figure class=\"alignleft size-large is-resized\"><img loading=\"lazy\" decoding=\"async\" src=\"https:\/\/atecordoba.org\/wp-content\/uploads\/2024\/02\/WhatsApp-Image-2024-02-02-at-13.41.48-679x1024.jpeg\" alt=\"\" class=\"wp-image-41507\" width=\"340\" height=\"512\" srcset=\"https:\/\/atecordoba.org\/wp-content\/uploads\/2024\/02\/WhatsApp-Image-2024-02-02-at-13.41.48-679x1024.jpeg 679w, https:\/\/atecordoba.org\/wp-content\/uploads\/2024\/02\/WhatsApp-Image-2024-02-02-at-13.41.48-199x300.jpeg 199w, https:\/\/atecordoba.org\/wp-content\/uploads\/2024\/02\/WhatsApp-Image-2024-02-02-at-13.41.48-768x1158.jpeg 768w, https:\/\/atecordoba.org\/wp-content\/uploads\/2024\/02\/WhatsApp-Image-2024-02-02-at-13.41.48-750x1131.jpeg 750w, https:\/\/atecordoba.org\/wp-content\/uploads\/2024\/02\/WhatsApp-Image-2024-02-02-at-13.41.48.jpeg 1017w\" sizes=\"auto, (max-width: 340px) 100vw, 340px\" \/><\/figure>\n<\/div>\n\n\n<p>La compa\u00f1era Eugenia Guevara es otra de las y los miles de estatales que est\u00e1n sufriendo el brutal ajuste que el gobierno de Javier Milei impone en el Estado Nacional.<\/p>\n\n\n\n<p>Su despido del Ministerio de Obras P\u00fablicas (hoy Infraestructura), el pasado 31 de diciembre, es una de las prioridades para tramitar su reincorporaci\u00f3n ya que se encuentra cursando un embarazo de 34 semanas y ya ten\u00eda asignada la licencia por maternidad correspondiente a partir de febrero.<\/p>\n\n\n\n<p>Guevara hab\u00eda cumplimentado los tr\u00e1mites necesarios para renovar un contrato Ley Marco tal como le hab\u00edan solicitado las autoridades del Ministerio pero d\u00edas antes de fin de a\u00f1o le notificaron informalmente por tel\u00e9fono que estaba despedida debido a que no le renovar\u00edan el contrato.<\/p>\n\n\n\n<p>De esta manera, infame e inhumana, la nueva gesti\u00f3n de gobierno dej\u00f3 a la trabajadora sin trabajo a pesar de su condici\u00f3n -vale se\u00f1alar que tiene un hijo de 11 a\u00f1os- demostrando que adem\u00e1s de agredir a las y los estatales, la troupe que encabeza Milei tiene un car\u00e1cter antiderechos que se ensa\u00f1a con las mujeres.<\/p>\n\n\n\n<p>Sin recibir ninguna notificaci\u00f3n institucional, no obstante que sus supervisores le hab\u00edan garantizado la continuidad de su contrato, Eugenia no cobr\u00f3 el salario de enero y todas las cuentas de comunicaci\u00f3n institucional con la jerarqu\u00eda fueron bloqueadas.<\/p>\n\n\n\n<p>\u201cMe est\u00e1n dejando sin cobrar mi licencia a 6 semanas de que nazca mi hija\u201d, coment\u00f3 la compa\u00f1era.<\/p>\n\n\n\n<p>Guevara hab\u00eda sido una de las trabajadoras reincorporadas al Estado nacional como parte de las gestiones llevadas a cabo por nuestro gremio despu\u00e9s de sufrir el ajuste en 2015 que, en esta misma l\u00ednea del gobierno actual, perpetr\u00f3 Mauricio Macr\u00ed.<\/p>\n\n\n\n<p>ATE exige su inmediata reincorporaci\u00f3n as\u00ed como las pol\u00edtica de ajuste general de Milei, que tiene en vilo a miles de estatales.<\/p>\n","protected":false},"excerpt":{"rendered":"<p>La compa\u00f1era Eugenia Guevara es otra de las y los miles de estatales que est\u00e1n sufriendo el brutal ajuste que el gobierno de Javier Milei impone en el Estado Nacional. Su despido del Ministerio de Obras P\u00fablicas (hoy Infraestructura), el pasado 31 de diciembre, es una de las prioridades para tramitar su reincorporaci\u00f3n ya que [&hellip;]<\/p>\n","protected":false},"author":7,"featured_media":41509,"comment_status":"open","ping_status":"open","sticky":false,"template":"","format":"standard","meta":{"_exactmetrics_skip_tracking":false,"_exactmetrics_sitenote_active":false,"_exactmetrics_sitenote_note":"","_exactmetrics_sitenote_category":0,"jnews-multi-image_gallery":[],"jnews_single_post":{"subtitle":"Su despido, el pasado 31 de diciembre, es una de las prioridades para tramitar la reincorporaci\u00f3n ya que se encuentra cursando un embarazo de 34 semanas y ya ten\u00eda asignada la licencia por maternidad correspondiente a partir de febrero.","format":"standard","video":"","gallery":"","source_name":"","source_url":"","via_name":"","via_url":"","override_template":"0","override":[{"template":"1","single_blog_custom":"","parallax":"1","fullscreen":"1","layout":"no-sidebar-narrow","sidebar":"default-sidebar","second_sidebar":"default-sidebar","sticky_sidebar":"1","share_position":"bottom","share_float_style":"share-monocrhome","show_share_counter":"1","show_view_counter":"1","show_featured":"0","show_post_meta":"1","show_post_author":"0","show_post_author_image":"1","show_post_date":"1","post_date_format":"default","post_date_format_custom":"Y\/m\/d","show_post_category":"1","show_post_reading_time":"0","post_reading_time_wpm":"300","show_zoom_button":"0","zoom_button_out_step":"2","zoom_button_in_step":"3","show_post_tag":"1","show_prev_next_post":"0","show_popup_post":"0","number_popup_post":"1","show_author_box":"0","show_post_related":"1","show_inline_post_related":"0"}],"override_image_size":"0","image_override":[{"single_post_thumbnail_size":"crop-500","single_post_gallery_size":"crop-500"}],"trending_post":"0","trending_post_position":"meta","trending_post_label":"Trending","sponsored_post":"0","sponsored_post_label":"Sponsored by","sponsored_post_name":"","sponsored_post_url":"","sponsored_post_logo_enable":"0","sponsored_post_logo":"","sponsored_post_desc":"","disable_ad":"0"},"jnews_primary_category":{"id":"","hide":""},"jnews_social_meta":{"fb_title":"","fb_description":"","fb_image":"","twitter_title":"","twitter_description":"","twitter_image":""},"jnews_review":[],"enable_review":"0","type":"percentage","name":"","summary":"","brand":"","sku":"","good":[{"good_text":""}],"bad":[{"bad_text":""}],"score_override":"","override_value":"","rating":[{"rating_text":"","rating_number":"10"}],"price":[{"shop":"","price":"","link":"","icon":""}],"jnews_override_counter":{"override_view_counter":"0","view_counter_number":"0","override_share_counter":"0","share_counter_number":"0","override_like_counter":"0","like_counter_number":"0","override_dislike_counter":"0","dislike_counter_number":"0"},"jnews_post_split":{"enable_post_split":"0","post_split":[{"template":"1","tag":"h2","numbering":"asc","mode":"normal","first":"0","enable_toc":"0","toc_type":"normal"}]},"footnotes":""},"categories":[325,18],"tags":[],"class_list":["post-41510","post","type-post","status-publish","format-standard","has-post-thumbnail","hentry","category-generos-y-diversidades","category-nacionales"],"jetpack_featured_media_url":"https:\/\/atecordoba.org\/wp-content\/uploads\/2024\/02\/eugenia-guevara-e1706892248667.jpeg","_links":{"self":[{"href":"https:\/\/atecordoba.org\/index.php?rest_route=\/wp\/v2\/posts\/41510","targetHints":{"allow":["GET"]}}],"collection":[{"href":"https:\/\/atecordoba.org\/index.php?rest_route=\/wp\/v2\/posts"}],"about":[{"href":"https:\/\/atecordoba.org\/index.php?rest_route=\/wp\/v2\/types\/post"}],"author":[{"embeddable":true,"href":"https:\/\/atecordoba.org\/index.php?rest_route=\/wp\/v2\/users\/7"}],"replies":[{"embeddable":true,"href":"https:\/\/atecordoba.org\/index.php?rest_route=%2Fwp%2Fv2%2Fcomments&post=41510"}],"version-history":[{"count":2,"href":"https:\/\/atecordoba.org\/index.php?rest_route=\/wp\/v2\/posts\/41510\/revisions"}],"predecessor-version":[{"id":41514,"href":"https:\/\/atecordoba.org\/index.php?rest_route=\/wp\/v2\/posts\/41510\/revisions\/41514"}],"wp:featuredmedia":[{"embeddable":true,"href":"https:\/\/atecordoba.org\/index.php?rest_route=\/wp\/v2\/media\/41509"}],"wp:attachment":[{"href":"https:\/\/atecordoba.org\/index.php?rest_route=%2Fwp%2Fv2%2Fmedia&parent=41510"}],"wp:term":[{"taxonomy":"category","embeddable":true,"href":"https:\/\/atecordoba.org\/index.php?rest_route=%2Fwp%2Fv2%2Fcategories&post=41510"},{"taxonomy":"post_tag","embeddable":true,"href":"https:\/\/atecordoba.org\/index.php?rest_route=%2Fwp%2Fv2%2Ftags&post=41510"}],"curies":[{"name":"wp","href":"https:\/\/api.w.org\/{rel}","templated":true}]}}