{"id":41482,"date":"2024-02-02T11:28:13","date_gmt":"2024-02-02T14:28:13","guid":{"rendered":"https:\/\/atecordoba.org\/?p=41482"},"modified":"2024-02-02T11:57:23","modified_gmt":"2024-02-02T14:57:23","slug":"capacitacion-de-delegadas-os-en-traslasierra","status":"publish","type":"post","link":"https:\/\/atecordoba.org\/?p=41482","title":{"rendered":"Capacitaci\u00f3n de delegadas\/os en Traslasierra"},"content":{"rendered":"<div class=\"wp-block-image\">\n<figure class=\"aligncenter size-large is-resized\"><img loading=\"lazy\" decoding=\"async\" src=\"https:\/\/atecordoba.org\/wp-content\/uploads\/2024\/02\/cabeza-1024x470.jpeg\" alt=\"\" class=\"wp-image-41484\" width=\"768\" height=\"353\" srcset=\"https:\/\/atecordoba.org\/wp-content\/uploads\/2024\/02\/cabeza-1024x470.jpeg 1024w, https:\/\/atecordoba.org\/wp-content\/uploads\/2024\/02\/cabeza-300x138.jpeg 300w, https:\/\/atecordoba.org\/wp-content\/uploads\/2024\/02\/cabeza-768x352.jpeg 768w, https:\/\/atecordoba.org\/wp-content\/uploads\/2024\/02\/cabeza-1536x705.jpeg 1536w, https:\/\/atecordoba.org\/wp-content\/uploads\/2024\/02\/cabeza-750x344.jpeg 750w, https:\/\/atecordoba.org\/wp-content\/uploads\/2024\/02\/cabeza-1140x523.jpeg 1140w, https:\/\/atecordoba.org\/wp-content\/uploads\/2024\/02\/cabeza.jpeg 1600w\" sizes=\"auto, (max-width: 768px) 100vw, 768px\" \/><\/figure>\n<\/div>\n\n\n<p>Ayer se llev\u00f3 a cabo un curso de formaci\u00f3n de delegados y delegadas en la localidad de San Lorenzo, dirigido a la dirigencia y el activismo de ATE en el Valle de Traslasierra que se viene sumando al gremio de las y los estatales.<\/p>\n\n\n\n<p>El objetivo es seguir consolidando el trabajo en la zona, junto a referentes municipales, provinciales y nacionales.<\/p>\n\n\n\n<p>La formaci\u00f3n estuvo integrada por compa\u00f1eras y compa\u00f1eros de Villa Cura Brochero, San Lorenzo, Los Hornillos, Mina Clavero y Villa Dolores.<\/p>\n\n\n\n<p>Los formadores presentes en al oportunidad fueron el secretario General del Consejo Provincial, Federico, Giuliani, acompa\u00f1ado por el secretario de DDHH, C\u00e9sar Theaux, la secretaria de Acci\u00f3n Pol\u00edtica, Alejandra Agnone, el secretario de Organizaci\u00f3n, Javier Bracamonte, de Finanzas Ricardo Reyna, junto a la delegada de ATE Migraciones, Angelina Laumann y el delegado municipal de ATE en R\u00edo Primero, Jos\u00e9 Baigorria.<\/p>\n\n\n\n<p>ATE prosigue as\u00ed apuntando a la capacitaci\u00f3n de la dirigencia estatal en todo el territorio provincial, propiciando el efecto multiplicador en cada sector de trabajo que suma afiliaciones y protagonismo en cada lucha a nivel nacional, provincial y municipal. <\/p>\n\n\n\n<figure class=\"wp-block-gallery has-nested-images columns-default is-cropped wp-block-gallery-1 is-layout-flex wp-block-gallery-is-layout-flex\">\n<figure class=\"wp-block-image size-large\"><img loading=\"lazy\" decoding=\"async\" width=\"1024\" height=\"576\" data-id=\"41485\" src=\"https:\/\/atecordoba.org\/wp-content\/uploads\/2024\/02\/WhatsApp-Image-2024-02-02-at-09.32.43-1024x576.jpeg\" alt=\"\" class=\"wp-image-41485\" \/><\/figure>\n\n\n\n<figure class=\"wp-block-image size-large\"><img loading=\"lazy\" decoding=\"async\" width=\"1024\" height=\"576\" data-id=\"41486\" src=\"https:\/\/atecordoba.org\/wp-content\/uploads\/2024\/02\/WhatsApp-Image-2024-02-02-at-09.31.43-1024x576.jpeg\" alt=\"\" class=\"wp-image-41486\" srcset=\"https:\/\/atecordoba.org\/wp-content\/uploads\/2024\/02\/WhatsApp-Image-2024-02-02-at-09.31.43-1024x576.jpeg 1024w, https:\/\/atecordoba.org\/wp-content\/uploads\/2024\/02\/WhatsApp-Image-2024-02-02-at-09.31.43-300x169.jpeg 300w, https:\/\/atecordoba.org\/wp-content\/uploads\/2024\/02\/WhatsApp-Image-2024-02-02-at-09.31.43-768x432.jpeg 768w, https:\/\/atecordoba.org\/wp-content\/uploads\/2024\/02\/WhatsApp-Image-2024-02-02-at-09.31.43-1536x864.jpeg 1536w, https:\/\/atecordoba.org\/wp-content\/uploads\/2024\/02\/WhatsApp-Image-2024-02-02-at-09.31.43-750x422.jpeg 750w, https:\/\/atecordoba.org\/wp-content\/uploads\/2024\/02\/WhatsApp-Image-2024-02-02-at-09.31.43-1140x641.jpeg 1140w, https:\/\/atecordoba.org\/wp-content\/uploads\/2024\/02\/WhatsApp-Image-2024-02-02-at-09.31.43.jpeg 1600w\" sizes=\"auto, (max-width: 1024px) 100vw, 1024px\" \/><\/figure>\n\n\n\n<figure class=\"wp-block-image size-large\"><img loading=\"lazy\" decoding=\"async\" width=\"1024\" height=\"768\" data-id=\"41488\" src=\"https:\/\/atecordoba.org\/wp-content\/uploads\/2024\/02\/WhatsApp-Image-2024-02-02-at-09.31.45-1024x768.jpeg\" alt=\"\" class=\"wp-image-41488\" srcset=\"https:\/\/atecordoba.org\/wp-content\/uploads\/2024\/02\/WhatsApp-Image-2024-02-02-at-09.31.45-1024x768.jpeg 1024w, https:\/\/atecordoba.org\/wp-content\/uploads\/2024\/02\/WhatsApp-Image-2024-02-02-at-09.31.45-300x225.jpeg 300w, https:\/\/atecordoba.org\/wp-content\/uploads\/2024\/02\/WhatsApp-Image-2024-02-02-at-09.31.45-768x576.jpeg 768w, https:\/\/atecordoba.org\/wp-content\/uploads\/2024\/02\/WhatsApp-Image-2024-02-02-at-09.31.45-750x563.jpeg 750w, https:\/\/atecordoba.org\/wp-content\/uploads\/2024\/02\/WhatsApp-Image-2024-02-02-at-09.31.45-1140x855.jpeg 1140w, https:\/\/atecordoba.org\/wp-content\/uploads\/2024\/02\/WhatsApp-Image-2024-02-02-at-09.31.45.jpeg 1280w\" sizes=\"auto, (max-width: 1024px) 100vw, 1024px\" \/><\/figure>\n\n\n\n<figure class=\"wp-block-image size-large\"><img loading=\"lazy\" decoding=\"async\" width=\"1024\" height=\"768\" data-id=\"41489\" src=\"https:\/\/atecordoba.org\/wp-content\/uploads\/2024\/02\/WhatsApp-Image-2024-02-02-at-09.31.48-1024x768.jpeg\" alt=\"\" class=\"wp-image-41489\" srcset=\"https:\/\/atecordoba.org\/wp-content\/uploads\/2024\/02\/WhatsApp-Image-2024-02-02-at-09.31.48-1024x768.jpeg 1024w, https:\/\/atecordoba.org\/wp-content\/uploads\/2024\/02\/WhatsApp-Image-2024-02-02-at-09.31.48-300x225.jpeg 300w, https:\/\/atecordoba.org\/wp-content\/uploads\/2024\/02\/WhatsApp-Image-2024-02-02-at-09.31.48-768x576.jpeg 768w, https:\/\/atecordoba.org\/wp-content\/uploads\/2024\/02\/WhatsApp-Image-2024-02-02-at-09.31.48-1536x1152.jpeg 1536w, https:\/\/atecordoba.org\/wp-content\/uploads\/2024\/02\/WhatsApp-Image-2024-02-02-at-09.31.48-750x563.jpeg 750w, https:\/\/atecordoba.org\/wp-content\/uploads\/2024\/02\/WhatsApp-Image-2024-02-02-at-09.31.48-1140x855.jpeg 1140w, https:\/\/atecordoba.org\/wp-content\/uploads\/2024\/02\/WhatsApp-Image-2024-02-02-at-09.31.48.jpeg 1600w\" sizes=\"auto, (max-width: 1024px) 100vw, 1024px\" \/><\/figure>\n\n\n\n<figure class=\"wp-block-image size-large\"><img loading=\"lazy\" decoding=\"async\" width=\"1024\" height=\"576\" data-id=\"41487\" src=\"https:\/\/atecordoba.org\/wp-content\/uploads\/2024\/02\/WhatsApp-Image-2024-02-02-at-09.32.26-1024x576.jpeg\" alt=\"\" class=\"wp-image-41487\" srcset=\"https:\/\/atecordoba.org\/wp-content\/uploads\/2024\/02\/WhatsApp-Image-2024-02-02-at-09.32.26-1024x576.jpeg 1024w, https:\/\/atecordoba.org\/wp-content\/uploads\/2024\/02\/WhatsApp-Image-2024-02-02-at-09.32.26-300x169.jpeg 300w, https:\/\/atecordoba.org\/wp-content\/uploads\/2024\/02\/WhatsApp-Image-2024-02-02-at-09.32.26-768x432.jpeg 768w, https:\/\/atecordoba.org\/wp-content\/uploads\/2024\/02\/WhatsApp-Image-2024-02-02-at-09.32.26-1536x864.jpeg 1536w, https:\/\/atecordoba.org\/wp-content\/uploads\/2024\/02\/WhatsApp-Image-2024-02-02-at-09.32.26-750x422.jpeg 750w, https:\/\/atecordoba.org\/wp-content\/uploads\/2024\/02\/WhatsApp-Image-2024-02-02-at-09.32.26-1140x641.jpeg 1140w, https:\/\/atecordoba.org\/wp-content\/uploads\/2024\/02\/WhatsApp-Image-2024-02-02-at-09.32.26.jpeg 1600w\" sizes=\"auto, (max-width: 1024px) 100vw, 1024px\" \/><\/figure>\n<\/figure>\n\n\n\n<p><\/p>\n","protected":false},"excerpt":{"rendered":"<p>Ayer se llev\u00f3 a cabo un curso de formaci\u00f3n de delegados y delegadas en la localidad de San Lorenzo, dirigido a la dirigencia y el activismo de ATE en el Valle de Traslasierra que se viene sumando al gremio de las y los estatales. El objetivo es seguir consolidando el trabajo en la zona, junto [&hellip;]<\/p>\n","protected":false},"author":7,"featured_media":41485,"comment_status":"open","ping_status":"open","sticky":false,"template":"","format":"standard","meta":{"_exactmetrics_skip_tracking":false,"_exactmetrics_sitenote_active":false,"_exactmetrics_sitenote_note":"","_exactmetrics_sitenote_category":0,"jnews-multi-image_gallery":[],"jnews_single_post":{"subtitle":"Participaron compa\u00f1eras y compa\u00f1eros de Villa Cura Brochero, San Lorenzo, Los Hornillos, Mina Clavero y Villa Dolores.","format":"standard","video":"","gallery":"","source_name":"","source_url":"","via_name":"","via_url":"","override_template":"0","override":[{"template":"1","single_blog_custom":"","parallax":"1","fullscreen":"1","layout":"no-sidebar-narrow","sidebar":"default-sidebar","second_sidebar":"default-sidebar","sticky_sidebar":"1","share_position":"bottom","share_float_style":"share-monocrhome","show_share_counter":"1","show_view_counter":"1","show_featured":"0","show_post_meta":"1","show_post_author":"0","show_post_author_image":"1","show_post_date":"1","post_date_format":"default","post_date_format_custom":"Y\/m\/d","show_post_category":"1","show_post_reading_time":"0","post_reading_time_wpm":"300","show_zoom_button":"0","zoom_button_out_step":"2","zoom_button_in_step":"3","show_post_tag":"1","show_prev_next_post":"0","show_popup_post":"0","number_popup_post":"1","show_author_box":"0","show_post_related":"1","show_inline_post_related":"0"}],"override_image_size":"0","image_override":[{"single_post_thumbnail_size":"crop-500","single_post_gallery_size":"crop-500"}],"trending_post":"0","trending_post_position":"meta","trending_post_label":"Trending","sponsored_post":"0","sponsored_post_label":"Sponsored by","sponsored_post_name":"","sponsored_post_url":"","sponsored_post_logo_enable":"0","sponsored_post_logo":"","sponsored_post_desc":"","disable_ad":"0"},"jnews_primary_category":{"id":"","hide":""},"jnews_social_meta":{"fb_title":"","fb_description":"","fb_image":"","twitter_title":"","twitter_description":"","twitter_image":""},"jnews_review":[],"enable_review":"0","type":"percentage","name":"","summary":"","brand":"","sku":"","good":[{"good_text":""}],"bad":[{"bad_text":""}],"score_override":"","override_value":"","rating":[{"rating_text":"","rating_number":"10"}],"price":[{"shop":"","price":"","link":"","icon":""}],"jnews_override_counter":{"override_view_counter":"0","view_counter_number":"0","override_share_counter":"0","share_counter_number":"0","override_like_counter":"0","like_counter_number":"0","override_dislike_counter":"0","dislike_counter_number":"0"},"jnews_post_split":{"enable_post_split":"0","post_split":[{"template":"1","tag":"h2","numbering":"asc","mode":"normal","first":"0","enable_toc":"0","toc_type":"normal"}]},"footnotes":""},"categories":[88],"tags":[],"class_list":["post-41482","post","type-post","status-publish","format-standard","has-post-thumbnail","hentry","category-formacion"],"jetpack_featured_media_url":"https:\/\/atecordoba.org\/wp-content\/uploads\/2024\/02\/WhatsApp-Image-2024-02-02-at-09.32.43-e1706884088190.jpeg","_links":{"self":[{"href":"https:\/\/atecordoba.org\/index.php?rest_route=\/wp\/v2\/posts\/41482","targetHints":{"allow":["GET"]}}],"collection":[{"href":"https:\/\/atecordoba.org\/index.php?rest_route=\/wp\/v2\/posts"}],"about":[{"href":"https:\/\/atecordoba.org\/index.php?rest_route=\/wp\/v2\/types\/post"}],"author":[{"embeddable":true,"href":"https:\/\/atecordoba.org\/index.php?rest_route=\/wp\/v2\/users\/7"}],"replies":[{"embeddable":true,"href":"https:\/\/atecordoba.org\/index.php?rest_route=%2Fwp%2Fv2%2Fcomments&post=41482"}],"version-history":[{"count":4,"href":"https:\/\/atecordoba.org\/index.php?rest_route=\/wp\/v2\/posts\/41482\/revisions"}],"predecessor-version":[{"id":41500,"href":"https:\/\/atecordoba.org\/index.php?rest_route=\/wp\/v2\/posts\/41482\/revisions\/41500"}],"wp:featuredmedia":[{"embeddable":true,"href":"https:\/\/atecordoba.org\/index.php?rest_route=\/wp\/v2\/media\/41485"}],"wp:attachment":[{"href":"https:\/\/atecordoba.org\/index.php?rest_route=%2Fwp%2Fv2%2Fmedia&parent=41482"}],"wp:term":[{"taxonomy":"category","embeddable":true,"href":"https:\/\/atecordoba.org\/index.php?rest_route=%2Fwp%2Fv2%2Fcategories&post=41482"},{"taxonomy":"post_tag","embeddable":true,"href":"https:\/\/atecordoba.org\/index.php?rest_route=%2Fwp%2Fv2%2Ftags&post=41482"}],"curies":[{"name":"wp","href":"https:\/\/api.w.org\/{rel}","templated":true}]}}