{"id":41440,"date":"2024-02-01T10:41:25","date_gmt":"2024-02-01T13:41:25","guid":{"rendered":"https:\/\/atecordoba.org\/?p=41440"},"modified":"2024-02-01T10:42:21","modified_gmt":"2024-02-01T13:42:21","slug":"ate-marcho-en-cordoba-contra-la-ley-omnibus","status":"publish","type":"post","link":"https:\/\/atecordoba.org\/?p=41440","title":{"rendered":"ATE march\u00f3 en C\u00f3rdoba contra la Ley \u00d3mnibus"},"content":{"rendered":"<div class=\"wp-block-image\">\n<figure class=\"aligncenter size-large is-resized\"><img loading=\"lazy\" decoding=\"async\" src=\"https:\/\/atecordoba.org\/wp-content\/uploads\/2024\/02\/WhatsApp-Image-2024-01-31-at-23.36.01-1024x576.jpeg\" alt=\"\" class=\"wp-image-41441\" width=\"768\" height=\"432\" \/><\/figure>\n<\/div>\n\n\n<p>En una protesta que reuni\u00f3 a los sindicatos combativos, la CTA Aut\u00f3noma, el Polo Obrero y diversas organizaciones sociales, ATE march\u00f3 ayer a la tarde por las calles del centro de la capital cordobesa en contra de la \u201cLey \u00d3mnibus\u201d y en reclamo por los salarios de los maestros.&nbsp;La movilizaci\u00f3n comenz\u00f3 a las 18 en el cruce de las avenidas Col\u00f3n y General Paz, donde una fuerte columna se conform\u00f3 para dirigirse hacia el Patio Olmos.<\/p>\n\n\n\n<p>El Secretario General de ATE y la CTA-A, Federico Giuliani, denunci\u00f3 \u201cla fuerte presencia de la polic\u00eda del \u2018gatillo f\u00e1cil\u2019 que mata a nuestros pibes y pibas en las barriadas populares para amedrentarnos&#8221;. &#8220;Les decimos que nos nos van a detener en la protesta porque confiamos en la fuerza organizada de nuestro pueblo para frenar el ajuste y la venta de nuestra Patria\u201d, repudi\u00f3 el dirigente.<\/p>\n\n\n<div class=\"wp-block-image\">\n<figure class=\"alignright size-large is-resized\"><img loading=\"lazy\" decoding=\"async\" src=\"https:\/\/atecordoba.org\/wp-content\/uploads\/2024\/02\/WhatsApp-Image-2024-01-31-at-23.35.55-1024x576.jpeg\" alt=\"\" class=\"wp-image-41442\" width=\"542\" height=\"305\" srcset=\"https:\/\/atecordoba.org\/wp-content\/uploads\/2024\/02\/WhatsApp-Image-2024-01-31-at-23.35.55-1024x576.jpeg 1024w, https:\/\/atecordoba.org\/wp-content\/uploads\/2024\/02\/WhatsApp-Image-2024-01-31-at-23.35.55-300x169.jpeg 300w, https:\/\/atecordoba.org\/wp-content\/uploads\/2024\/02\/WhatsApp-Image-2024-01-31-at-23.35.55-768x432.jpeg 768w, https:\/\/atecordoba.org\/wp-content\/uploads\/2024\/02\/WhatsApp-Image-2024-01-31-at-23.35.55-1536x865.jpeg 1536w, https:\/\/atecordoba.org\/wp-content\/uploads\/2024\/02\/WhatsApp-Image-2024-01-31-at-23.35.55-2048x1153.jpeg 2048w, https:\/\/atecordoba.org\/wp-content\/uploads\/2024\/02\/WhatsApp-Image-2024-01-31-at-23.35.55-750x422.jpeg 750w, https:\/\/atecordoba.org\/wp-content\/uploads\/2024\/02\/WhatsApp-Image-2024-01-31-at-23.35.55-1140x642.jpeg 1140w\" sizes=\"auto, (max-width: 542px) 100vw, 542px\" \/><\/figure>\n<\/div>\n\n\n<p>La movilizaci\u00f3n que realiz\u00f3 en el contexto del tratamiento en el Congreso Nacional de la Ley \u00d3mnibus que otorga poderes ilimitados al Presidente Javier Milei para que imponga un brutal ajuste sobre nuestros salarios, despida masivamente a las y los trabajadores p\u00fablicos y desguace el Estado, librando a los caprichos de las corporaciones nuestros ingresos, sin ning\u00fan tipo de protecci\u00f3n estatal. La convocatoria tambi\u00e9n incluy\u00f3 el repudio al DNU presidencial que pretende modificar de facto la Constituci\u00f3n y eliminar toda la legislaci\u00f3n protectoria laboral o la normativa que regula la conservaci\u00f3n ambiental, entre otros puntos.<\/p>\n\n\n\n<p>Tambi\u00e9n nos manifestamos ayer contra las resoluci\u00f3n ministerial de Patricia Bullrich que impone fuertes regulaciones al derecho constitucional a la protesta, sumiendo al pa\u00eds en un simulacro de Estado de sitio permanente. <\/p>\n\n\n\n<p>En ese marco, Giuliani llam\u00f3 repudiar \u201ca las diputadas y diputados nacionales por C\u00f3rdoba que voten a favor de esta ley antipopular y antinacional. Les decimos que los vamos a ir a buscar donde est\u00e9n y los vamos a escrachar como infames traidores a la Patria. Y al gobernador (Mart\u00edn) Llaryora le decimos que si sigue con sus acciones pol\u00edticas en contra de los trabajadores, los jubilados y los sectores m\u00e1s vulnerables, le vamos a dar la pelea\u201d.<\/p>\n\n\n<div class=\"wp-block-image\">\n<figure class=\"alignleft size-large is-resized\"><img loading=\"lazy\" decoding=\"async\" src=\"https:\/\/atecordoba.org\/wp-content\/uploads\/2024\/02\/WhatsApp-Image-2024-01-31-at-23.37.01-1024x576.jpeg\" alt=\"\" class=\"wp-image-41443\" width=\"512\" height=\"288\" srcset=\"https:\/\/atecordoba.org\/wp-content\/uploads\/2024\/02\/WhatsApp-Image-2024-01-31-at-23.37.01-1024x576.jpeg 1024w, https:\/\/atecordoba.org\/wp-content\/uploads\/2024\/02\/WhatsApp-Image-2024-01-31-at-23.37.01-300x169.jpeg 300w, https:\/\/atecordoba.org\/wp-content\/uploads\/2024\/02\/WhatsApp-Image-2024-01-31-at-23.37.01-768x432.jpeg 768w, https:\/\/atecordoba.org\/wp-content\/uploads\/2024\/02\/WhatsApp-Image-2024-01-31-at-23.37.01-1536x864.jpeg 1536w, https:\/\/atecordoba.org\/wp-content\/uploads\/2024\/02\/WhatsApp-Image-2024-01-31-at-23.37.01-750x422.jpeg 750w, https:\/\/atecordoba.org\/wp-content\/uploads\/2024\/02\/WhatsApp-Image-2024-01-31-at-23.37.01-1140x641.jpeg 1140w, https:\/\/atecordoba.org\/wp-content\/uploads\/2024\/02\/WhatsApp-Image-2024-01-31-at-23.37.01.jpeg 1600w\" sizes=\"auto, (max-width: 512px) 100vw, 512px\" \/><\/figure>\n<\/div>\n\n\n<p>\u201cMientras una clase pol\u00edtica deslegitimada discute en el Congreso Nacional la llamada \u2018Ley \u00d3mnibus\u2019 para hambrear al pueblo y entregar la Soberan\u00eda Nacional, las organizaciones libres del pueblo ganamos la calle que es el lugar natural que tiene el pueblo trabajador para expresar su rechazo al r\u00e9gimen olig\u00e1rquico de saqueo y explotaci\u00f3n que hoy representa el Gobierno de Milei y al que acompa\u00f1a como su mejor alumno el Gobernador Llaryora\u201d, enfatiz\u00f3 el secretario General de ATE C\u00f3rdoba.<\/p>\n\n\n\n<p>Y sostuvo que \u201cestamos armando una unidad entre diferentes organizaciones y movimientos con la mayor diversidad posible, sin sectarismos ni exclusiones, de abajo hacia arriba, de la periferia al centro y de las provincias al puerto. Por supuesto que reivindicamos la masividad del Paro General y la Movilizaci\u00f3n del 24 de enero. Pero no nos podemos quedar con esa foto. La resistencia es una pel\u00edcula, es la construcci\u00f3n de un proceso que sea capaz de enfrentar al r\u00e9gimen en todos los frentes de lucha\u201d<\/p>\n\n\n\n<p>Otros oradores manifestaron su rechazo a esta Ley \u00d3mnibus porque es una ley antiobrera, cuyo \u00fanico objetivo es beneficiar a los a los banqueros, a los grupos concentrados, a los intereses del FMI.<\/p>\n\n\n\n<p>\u201cEn tanto, la poblaci\u00f3n se ve sumida cada vez m\u00e1s en la pobreza, en la indigencia, los despidos de trabajadores no paran de crecer, las subas de los precios en los alimentos hacen que la propia nutrici\u00f3n b\u00e1sica sea prohibitiva y el Gobierno Nacional ya plante\u00f3 que no va a comprar alimentos para los comedores populares, de los cuales dependen 11 millones de personas\u201d, denunciaron las organizaciones sociales presentes. <\/p>\n\n\n\n<figure class=\"wp-block-gallery has-nested-images columns-default is-cropped wp-block-gallery-1 is-layout-flex wp-block-gallery-is-layout-flex\">\n<figure class=\"wp-block-image size-large\"><a href=\"https:\/\/atecordoba.org\/wp-content\/uploads\/2024\/02\/WhatsApp-Image-2024-01-31-at-23.36.46.jpeg\" target=\"_blank\" rel=\"noopener\"><img loading=\"lazy\" decoding=\"async\" width=\"1024\" height=\"768\" data-id=\"41449\" src=\"https:\/\/atecordoba.org\/wp-content\/uploads\/2024\/02\/WhatsApp-Image-2024-01-31-at-23.36.46-1024x768.jpeg\" alt=\"\" class=\"wp-image-41449\" srcset=\"https:\/\/atecordoba.org\/wp-content\/uploads\/2024\/02\/WhatsApp-Image-2024-01-31-at-23.36.46-1024x768.jpeg 1024w, https:\/\/atecordoba.org\/wp-content\/uploads\/2024\/02\/WhatsApp-Image-2024-01-31-at-23.36.46-300x225.jpeg 300w, https:\/\/atecordoba.org\/wp-content\/uploads\/2024\/02\/WhatsApp-Image-2024-01-31-at-23.36.46-768x576.jpeg 768w, https:\/\/atecordoba.org\/wp-content\/uploads\/2024\/02\/WhatsApp-Image-2024-01-31-at-23.36.46-750x563.jpeg 750w, https:\/\/atecordoba.org\/wp-content\/uploads\/2024\/02\/WhatsApp-Image-2024-01-31-at-23.36.46-1140x855.jpeg 1140w, https:\/\/atecordoba.org\/wp-content\/uploads\/2024\/02\/WhatsApp-Image-2024-01-31-at-23.36.46.jpeg 1440w\" sizes=\"auto, (max-width: 1024px) 100vw, 1024px\" \/><\/a><\/figure>\n\n\n\n<figure class=\"wp-block-image size-large\"><a href=\"https:\/\/atecordoba.org\/wp-content\/uploads\/2024\/02\/WhatsApp-Image-2024-01-31-at-23.36.53.jpeg\" target=\"_blank\" rel=\"noopener\"><img loading=\"lazy\" decoding=\"async\" width=\"768\" height=\"1024\" data-id=\"41447\" src=\"https:\/\/atecordoba.org\/wp-content\/uploads\/2024\/02\/WhatsApp-Image-2024-01-31-at-23.36.53-768x1024.jpeg\" alt=\"\" class=\"wp-image-41447\" srcset=\"https:\/\/atecordoba.org\/wp-content\/uploads\/2024\/02\/WhatsApp-Image-2024-01-31-at-23.36.53-768x1024.jpeg 768w, https:\/\/atecordoba.org\/wp-content\/uploads\/2024\/02\/WhatsApp-Image-2024-01-31-at-23.36.53-225x300.jpeg 225w, https:\/\/atecordoba.org\/wp-content\/uploads\/2024\/02\/WhatsApp-Image-2024-01-31-at-23.36.53-1152x1536.jpeg 1152w, https:\/\/atecordoba.org\/wp-content\/uploads\/2024\/02\/WhatsApp-Image-2024-01-31-at-23.36.53-750x1000.jpeg 750w, https:\/\/atecordoba.org\/wp-content\/uploads\/2024\/02\/WhatsApp-Image-2024-01-31-at-23.36.53-1140x1520.jpeg 1140w, https:\/\/atecordoba.org\/wp-content\/uploads\/2024\/02\/WhatsApp-Image-2024-01-31-at-23.36.53.jpeg 1200w\" sizes=\"auto, (max-width: 768px) 100vw, 768px\" \/><\/a><\/figure>\n\n\n\n<figure class=\"wp-block-image size-large\"><a href=\"https:\/\/atecordoba.org\/wp-content\/uploads\/2024\/02\/WhatsApp-Image-2024-01-31-at-23.36.54.jpeg\" target=\"_blank\" rel=\"noopener\"><img loading=\"lazy\" decoding=\"async\" width=\"576\" height=\"1024\" data-id=\"41444\" src=\"https:\/\/atecordoba.org\/wp-content\/uploads\/2024\/02\/WhatsApp-Image-2024-01-31-at-23.36.54-576x1024.jpeg\" alt=\"\" class=\"wp-image-41444\" srcset=\"https:\/\/atecordoba.org\/wp-content\/uploads\/2024\/02\/WhatsApp-Image-2024-01-31-at-23.36.54-576x1024.jpeg 576w, https:\/\/atecordoba.org\/wp-content\/uploads\/2024\/02\/WhatsApp-Image-2024-01-31-at-23.36.54-169x300.jpeg 169w, https:\/\/atecordoba.org\/wp-content\/uploads\/2024\/02\/WhatsApp-Image-2024-01-31-at-23.36.54-768x1365.jpeg 768w, https:\/\/atecordoba.org\/wp-content\/uploads\/2024\/02\/WhatsApp-Image-2024-01-31-at-23.36.54-864x1536.jpeg 864w, https:\/\/atecordoba.org\/wp-content\/uploads\/2024\/02\/WhatsApp-Image-2024-01-31-at-23.36.54-750x1333.jpeg 750w, https:\/\/atecordoba.org\/wp-content\/uploads\/2024\/02\/WhatsApp-Image-2024-01-31-at-23.36.54.jpeg 900w\" sizes=\"auto, (max-width: 576px) 100vw, 576px\" \/><\/a><\/figure>\n\n\n\n<figure class=\"wp-block-image size-large\"><a href=\"https:\/\/atecordoba.org\/wp-content\/uploads\/2024\/02\/WhatsApp-Image-2024-01-31-at-23.36.55.jpeg\" target=\"_blank\" rel=\"noopener\"><img loading=\"lazy\" decoding=\"async\" width=\"576\" height=\"1024\" data-id=\"41446\" src=\"https:\/\/atecordoba.org\/wp-content\/uploads\/2024\/02\/WhatsApp-Image-2024-01-31-at-23.36.55-576x1024.jpeg\" alt=\"\" class=\"wp-image-41446\" srcset=\"https:\/\/atecordoba.org\/wp-content\/uploads\/2024\/02\/WhatsApp-Image-2024-01-31-at-23.36.55-576x1024.jpeg 576w, https:\/\/atecordoba.org\/wp-content\/uploads\/2024\/02\/WhatsApp-Image-2024-01-31-at-23.36.55-169x300.jpeg 169w, https:\/\/atecordoba.org\/wp-content\/uploads\/2024\/02\/WhatsApp-Image-2024-01-31-at-23.36.55-768x1365.jpeg 768w, https:\/\/atecordoba.org\/wp-content\/uploads\/2024\/02\/WhatsApp-Image-2024-01-31-at-23.36.55-864x1536.jpeg 864w, https:\/\/atecordoba.org\/wp-content\/uploads\/2024\/02\/WhatsApp-Image-2024-01-31-at-23.36.55-750x1333.jpeg 750w, https:\/\/atecordoba.org\/wp-content\/uploads\/2024\/02\/WhatsApp-Image-2024-01-31-at-23.36.55.jpeg 900w\" sizes=\"auto, (max-width: 576px) 100vw, 576px\" \/><\/a><\/figure>\n\n\n\n<figure class=\"wp-block-image size-large\"><a href=\"https:\/\/atecordoba.org\/wp-content\/uploads\/2024\/02\/WhatsApp-Image-2024-01-31-at-23.36.59.jpeg\" target=\"_blank\" rel=\"noopener\"><img loading=\"lazy\" decoding=\"async\" width=\"1024\" height=\"768\" data-id=\"41448\" src=\"https:\/\/atecordoba.org\/wp-content\/uploads\/2024\/02\/WhatsApp-Image-2024-01-31-at-23.36.59-1024x768.jpeg\" alt=\"\" class=\"wp-image-41448\" srcset=\"https:\/\/atecordoba.org\/wp-content\/uploads\/2024\/02\/WhatsApp-Image-2024-01-31-at-23.36.59-1024x768.jpeg 1024w, https:\/\/atecordoba.org\/wp-content\/uploads\/2024\/02\/WhatsApp-Image-2024-01-31-at-23.36.59-300x225.jpeg 300w, https:\/\/atecordoba.org\/wp-content\/uploads\/2024\/02\/WhatsApp-Image-2024-01-31-at-23.36.59-768x576.jpeg 768w, https:\/\/atecordoba.org\/wp-content\/uploads\/2024\/02\/WhatsApp-Image-2024-01-31-at-23.36.59-1536x1152.jpeg 1536w, https:\/\/atecordoba.org\/wp-content\/uploads\/2024\/02\/WhatsApp-Image-2024-01-31-at-23.36.59-750x563.jpeg 750w, https:\/\/atecordoba.org\/wp-content\/uploads\/2024\/02\/WhatsApp-Image-2024-01-31-at-23.36.59-1140x855.jpeg 1140w, https:\/\/atecordoba.org\/wp-content\/uploads\/2024\/02\/WhatsApp-Image-2024-01-31-at-23.36.59.jpeg 1600w\" sizes=\"auto, (max-width: 1024px) 100vw, 1024px\" \/><\/a><\/figure>\n\n\n\n<figure class=\"wp-block-image size-large\"><a href=\"https:\/\/atecordoba.org\/wp-content\/uploads\/2024\/02\/WhatsApp-Image-2024-01-31-at-23.37.00.jpeg\" target=\"_blank\" rel=\"noopener\"><img loading=\"lazy\" decoding=\"async\" width=\"576\" height=\"1024\" data-id=\"41445\" src=\"https:\/\/atecordoba.org\/wp-content\/uploads\/2024\/02\/WhatsApp-Image-2024-01-31-at-23.37.00-576x1024.jpeg\" alt=\"\" class=\"wp-image-41445\" srcset=\"https:\/\/atecordoba.org\/wp-content\/uploads\/2024\/02\/WhatsApp-Image-2024-01-31-at-23.37.00-576x1024.jpeg 576w, https:\/\/atecordoba.org\/wp-content\/uploads\/2024\/02\/WhatsApp-Image-2024-01-31-at-23.37.00-169x300.jpeg 169w, https:\/\/atecordoba.org\/wp-content\/uploads\/2024\/02\/WhatsApp-Image-2024-01-31-at-23.37.00-768x1365.jpeg 768w, https:\/\/atecordoba.org\/wp-content\/uploads\/2024\/02\/WhatsApp-Image-2024-01-31-at-23.37.00-864x1536.jpeg 864w, https:\/\/atecordoba.org\/wp-content\/uploads\/2024\/02\/WhatsApp-Image-2024-01-31-at-23.37.00-750x1333.jpeg 750w, https:\/\/atecordoba.org\/wp-content\/uploads\/2024\/02\/WhatsApp-Image-2024-01-31-at-23.37.00.jpeg 900w\" sizes=\"auto, (max-width: 576px) 100vw, 576px\" \/><\/a><\/figure>\n\n\n\n<figure class=\"wp-block-image size-large\"><a href=\"https:\/\/atecordoba.org\/wp-content\/uploads\/2024\/02\/WhatsApp-Image-2024-01-31-at-23.35.49-1-1-scaled.jpeg\" target=\"_blank\" rel=\"noopener\"><img loading=\"lazy\" decoding=\"async\" width=\"1024\" height=\"576\" data-id=\"41457\" src=\"https:\/\/atecordoba.org\/wp-content\/uploads\/2024\/02\/WhatsApp-Image-2024-01-31-at-23.35.49-1-1-1024x576.jpeg\" alt=\"\" class=\"wp-image-41457\" srcset=\"https:\/\/atecordoba.org\/wp-content\/uploads\/2024\/02\/WhatsApp-Image-2024-01-31-at-23.35.49-1-1-1024x576.jpeg 1024w, https:\/\/atecordoba.org\/wp-content\/uploads\/2024\/02\/WhatsApp-Image-2024-01-31-at-23.35.49-1-1-300x169.jpeg 300w, https:\/\/atecordoba.org\/wp-content\/uploads\/2024\/02\/WhatsApp-Image-2024-01-31-at-23.35.49-1-1-768x432.jpeg 768w, https:\/\/atecordoba.org\/wp-content\/uploads\/2024\/02\/WhatsApp-Image-2024-01-31-at-23.35.49-1-1-1536x865.jpeg 1536w, https:\/\/atecordoba.org\/wp-content\/uploads\/2024\/02\/WhatsApp-Image-2024-01-31-at-23.35.49-1-1-2048x1153.jpeg 2048w, https:\/\/atecordoba.org\/wp-content\/uploads\/2024\/02\/WhatsApp-Image-2024-01-31-at-23.35.49-1-1-750x422.jpeg 750w, https:\/\/atecordoba.org\/wp-content\/uploads\/2024\/02\/WhatsApp-Image-2024-01-31-at-23.35.49-1-1-1140x642.jpeg 1140w\" sizes=\"auto, (max-width: 1024px) 100vw, 1024px\" \/><\/a><\/figure>\n<\/figure>\n\n\n\n<p><\/p>\n","protected":false},"excerpt":{"rendered":"<p>En una protesta que reuni\u00f3 a los sindicatos combativos, la CTA Aut\u00f3noma, el Polo Obrero y diversas organizaciones sociales, ATE march\u00f3 ayer a la tarde por las calles del centro de la capital cordobesa en contra de la \u201cLey \u00d3mnibus\u201d y en reclamo por los salarios de los maestros.&nbsp;La movilizaci\u00f3n comenz\u00f3 a las 18 en [&hellip;]<\/p>\n","protected":false},"author":7,"featured_media":41441,"comment_status":"open","ping_status":"open","sticky":false,"template":"","format":"standard","meta":{"_exactmetrics_skip_tracking":false,"_exactmetrics_sitenote_active":false,"_exactmetrics_sitenote_note":"","_exactmetrics_sitenote_category":0,"jnews-multi-image_gallery":[],"jnews_single_post":{"subtitle":"El secretario General de ATE C\u00f3rdoba, Federico Giuliani, llam\u00f3 repudiar \u201ca las diputadas y diputados nacionales por C\u00f3rdoba que voten a favor de esta ley antipopular y antinacional. Les decimos que los vamos a ir a buscar donde est\u00e9n y los vamos a escrachar como infames traidores a la Patria. Y al gobernador (Mart\u00edn) Llaryora le decimos que si sigue con sus acciones pol\u00edticas en contra de los trabajadores, los jubilados y los sectores m\u00e1s vulnerables, le vamos a dar la pelea\u201d.","format":"standard","video":"","gallery":"","source_name":"","source_url":"","via_name":"","via_url":"","override_template":"0","override":[{"template":"1","single_blog_custom":"","parallax":"1","fullscreen":"1","layout":"no-sidebar-narrow","sidebar":"default-sidebar","second_sidebar":"default-sidebar","sticky_sidebar":"1","share_position":"bottom","share_float_style":"share-monocrhome","show_share_counter":"1","show_view_counter":"1","show_featured":"0","show_post_meta":"1","show_post_author":"0","show_post_author_image":"1","show_post_date":"1","post_date_format":"default","post_date_format_custom":"Y\/m\/d","show_post_category":"1","show_post_reading_time":"0","post_reading_time_wpm":"300","show_zoom_button":"0","zoom_button_out_step":"2","zoom_button_in_step":"3","show_post_tag":"1","show_prev_next_post":"0","show_popup_post":"0","number_popup_post":"1","show_author_box":"0","show_post_related":"1","show_inline_post_related":"0"}],"override_image_size":"0","image_override":[{"single_post_thumbnail_size":"crop-500","single_post_gallery_size":"crop-500"}],"trending_post":"0","trending_post_position":"meta","trending_post_label":"Trending","sponsored_post":"0","sponsored_post_label":"Sponsored by","sponsored_post_name":"","sponsored_post_url":"","sponsored_post_logo_enable":"0","sponsored_post_logo":"","sponsored_post_desc":"","disable_ad":"0"},"jnews_primary_category":{"id":"","hide":""},"jnews_social_meta":{"fb_title":"","fb_description":"","fb_image":"","twitter_title":"","twitter_description":"","twitter_image":""},"jnews_review":[],"enable_review":"0","type":"percentage","name":"","summary":"","brand":"","sku":"","good":[{"good_text":""}],"bad":[{"bad_text":""}],"score_override":"","override_value":"","rating":[{"rating_text":"","rating_number":"10"}],"price":[{"shop":"","price":"","link":"","icon":""}],"jnews_override_counter":{"override_view_counter":"0","view_counter_number":"0","override_share_counter":"0","share_counter_number":"0","override_like_counter":"0","like_counter_number":"0","override_dislike_counter":"0","dislike_counter_number":"0"},"jnews_post_split":{"enable_post_split":"0","post_split":[{"template":"1","tag":"h2","numbering":"asc","mode":"normal","first":"0","enable_toc":"0","toc_type":"normal"}]},"footnotes":""},"categories":[10],"tags":[],"class_list":["post-41440","post","type-post","status-publish","format-standard","has-post-thumbnail","hentry","category-accion-politica"],"jetpack_featured_media_url":"https:\/\/atecordoba.org\/wp-content\/uploads\/2024\/02\/WhatsApp-Image-2024-01-31-at-23.36.01-scaled-e1706794880558.jpeg","_links":{"self":[{"href":"https:\/\/atecordoba.org\/index.php?rest_route=\/wp\/v2\/posts\/41440","targetHints":{"allow":["GET"]}}],"collection":[{"href":"https:\/\/atecordoba.org\/index.php?rest_route=\/wp\/v2\/posts"}],"about":[{"href":"https:\/\/atecordoba.org\/index.php?rest_route=\/wp\/v2\/types\/post"}],"author":[{"embeddable":true,"href":"https:\/\/atecordoba.org\/index.php?rest_route=\/wp\/v2\/users\/7"}],"replies":[{"embeddable":true,"href":"https:\/\/atecordoba.org\/index.php?rest_route=%2Fwp%2Fv2%2Fcomments&post=41440"}],"version-history":[{"count":2,"href":"https:\/\/atecordoba.org\/index.php?rest_route=\/wp\/v2\/posts\/41440\/revisions"}],"predecessor-version":[{"id":41459,"href":"https:\/\/atecordoba.org\/index.php?rest_route=\/wp\/v2\/posts\/41440\/revisions\/41459"}],"wp:featuredmedia":[{"embeddable":true,"href":"https:\/\/atecordoba.org\/index.php?rest_route=\/wp\/v2\/media\/41441"}],"wp:attachment":[{"href":"https:\/\/atecordoba.org\/index.php?rest_route=%2Fwp%2Fv2%2Fmedia&parent=41440"}],"wp:term":[{"taxonomy":"category","embeddable":true,"href":"https:\/\/atecordoba.org\/index.php?rest_route=%2Fwp%2Fv2%2Fcategories&post=41440"},{"taxonomy":"post_tag","embeddable":true,"href":"https:\/\/atecordoba.org\/index.php?rest_route=%2Fwp%2Fv2%2Ftags&post=41440"}],"curies":[{"name":"wp","href":"https:\/\/api.w.org\/{rel}","templated":true}]}}