{"id":41428,"date":"2024-01-31T14:03:36","date_gmt":"2024-01-31T17:03:36","guid":{"rendered":"https:\/\/atecordoba.org\/?p=41428"},"modified":"2024-01-31T14:41:41","modified_gmt":"2024-01-31T17:41:41","slug":"ate-logro-10-reincorporaciones-en-senaf-y-hospitales-de-la-provincia","status":"publish","type":"post","link":"https:\/\/atecordoba.org\/?p=41428","title":{"rendered":"ATE logr\u00f3 10 reincorporaciones en SeNAF y Hospitales de la provincia."},"content":{"rendered":"\n<p>&#8220;ATE fruto de la lucha, la pelea y la organizaci\u00f3n provincial ha logrado la reincorporaci\u00f3n de 10 trabajadores sostenes de familias gener\u00e1ndonos el desaf\u00edo de ir por el resto que nos queda&#8221; coment\u00f3 nuestro secretario general Federico Giuliani.<\/p>\n\n\n\n<figure class=\"wp-block-image size-large is-resized\"><img loading=\"lazy\" decoding=\"async\" src=\"https:\/\/atecordoba.org\/wp-content\/uploads\/2024\/01\/IMG_8952-1024x578.jpg\" alt=\"\" class=\"wp-image-41429\" width=\"512\" height=\"289\" srcset=\"https:\/\/atecordoba.org\/wp-content\/uploads\/2024\/01\/IMG_8952-1024x578.jpg 1024w, https:\/\/atecordoba.org\/wp-content\/uploads\/2024\/01\/IMG_8952-300x169.jpg 300w, https:\/\/atecordoba.org\/wp-content\/uploads\/2024\/01\/IMG_8952-768x434.jpg 768w, https:\/\/atecordoba.org\/wp-content\/uploads\/2024\/01\/IMG_8952-1536x867.jpg 1536w, https:\/\/atecordoba.org\/wp-content\/uploads\/2024\/01\/IMG_8952-2048x1156.jpg 2048w, https:\/\/atecordoba.org\/wp-content\/uploads\/2024\/01\/IMG_8952-750x423.jpg 750w, https:\/\/atecordoba.org\/wp-content\/uploads\/2024\/01\/IMG_8952-1140x644.jpg 1140w\" sizes=\"auto, (max-width: 512px) 100vw, 512px\" \/><\/figure>\n\n\n\n<figure class=\"wp-block-image size-large is-resized\"><img loading=\"lazy\" decoding=\"async\" src=\"https:\/\/atecordoba.org\/wp-content\/uploads\/2024\/01\/IMG_8968-1024x578.jpg\" alt=\"\" class=\"wp-image-41430\" width=\"512\" height=\"289\" srcset=\"https:\/\/atecordoba.org\/wp-content\/uploads\/2024\/01\/IMG_8968-1024x578.jpg 1024w, https:\/\/atecordoba.org\/wp-content\/uploads\/2024\/01\/IMG_8968-300x169.jpg 300w, https:\/\/atecordoba.org\/wp-content\/uploads\/2024\/01\/IMG_8968-768x434.jpg 768w, https:\/\/atecordoba.org\/wp-content\/uploads\/2024\/01\/IMG_8968-1536x867.jpg 1536w, https:\/\/atecordoba.org\/wp-content\/uploads\/2024\/01\/IMG_8968-2048x1156.jpg 2048w, https:\/\/atecordoba.org\/wp-content\/uploads\/2024\/01\/IMG_8968-750x423.jpg 750w, https:\/\/atecordoba.org\/wp-content\/uploads\/2024\/01\/IMG_8968-1140x644.jpg 1140w\" sizes=\"auto, (max-width: 512px) 100vw, 512px\" \/><\/figure>\n\n\n\n<p>En la ma\u00f1ana del 31 de Enero ATE C\u00f3rdoba con Federico Giuliani a la cabeza logr\u00f3 la reincorporaci\u00f3n de 6 despedidas en SeNAF, 2 del hospital Domingo Funes y 2 del hospital de ni\u00f1os de la Salud P\u00fablica Provincial.<\/p>\n\n\n\n<figure class=\"wp-block-pullquote\"><blockquote><p>&#8220;Fueron 3 meses de mucha angustia donde no pude contar con mi sueldo para mantener a mi hija, ayer cuando recib\u00ed la noticia de la reincorporaci\u00f3n empec\u00e9 a llorar y re\u00edrme a la vez pero gracias a dios siempre confi\u00e9 en el gremio, me dijeron que tenga esperanza y hoy puedo volver a trabajar&#8221; <\/p><cite><em>mencion\u00f3 Yamila Sim\u00f3n despedida de SeNAF.<\/em><\/cite><\/blockquote><\/figure>\n\n\n\n<figure class=\"wp-block-image size-large is-resized\"><img loading=\"lazy\" decoding=\"async\" src=\"https:\/\/atecordoba.org\/wp-content\/uploads\/2024\/01\/IMG_8955-1024x578.jpg\" alt=\"\" class=\"wp-image-41431\" width=\"512\" height=\"289\" srcset=\"https:\/\/atecordoba.org\/wp-content\/uploads\/2024\/01\/IMG_8955-1024x578.jpg 1024w, https:\/\/atecordoba.org\/wp-content\/uploads\/2024\/01\/IMG_8955-300x169.jpg 300w, https:\/\/atecordoba.org\/wp-content\/uploads\/2024\/01\/IMG_8955-768x434.jpg 768w, https:\/\/atecordoba.org\/wp-content\/uploads\/2024\/01\/IMG_8955-1536x867.jpg 1536w, https:\/\/atecordoba.org\/wp-content\/uploads\/2024\/01\/IMG_8955-2048x1156.jpg 2048w, https:\/\/atecordoba.org\/wp-content\/uploads\/2024\/01\/IMG_8955-750x423.jpg 750w, https:\/\/atecordoba.org\/wp-content\/uploads\/2024\/01\/IMG_8955-1140x644.jpg 1140w\" sizes=\"auto, (max-width: 512px) 100vw, 512px\" \/><\/figure>\n\n\n\n<p>El alivio despu\u00e9s de largos meses de incertidumbre se vislumbraba en la cara de nuestras compa\u00f1eras mientras Federico Giuliani le mencionaba con satisfacci\u00f3n a ATE Prensa que: <\/p>\n\n\n\n<figure class=\"wp-block-pullquote\"><blockquote><p>&#8220;Hoy en el contexto nacional de crisis econ\u00f3mica y social que se vive nos parece fundamental que las compa\u00f1eras puedan volver a llevar el pan a la mesa de sus hogares&#8221; <\/p><\/blockquote><\/figure>\n\n\n\n<figure class=\"wp-block-image size-large is-resized\"><img loading=\"lazy\" decoding=\"async\" src=\"https:\/\/atecordoba.org\/wp-content\/uploads\/2024\/01\/IMG_8964-1024x578.jpg\" alt=\"\" class=\"wp-image-41432\" width=\"512\" height=\"289\" srcset=\"https:\/\/atecordoba.org\/wp-content\/uploads\/2024\/01\/IMG_8964-1024x578.jpg 1024w, https:\/\/atecordoba.org\/wp-content\/uploads\/2024\/01\/IMG_8964-300x169.jpg 300w, https:\/\/atecordoba.org\/wp-content\/uploads\/2024\/01\/IMG_8964-768x434.jpg 768w, https:\/\/atecordoba.org\/wp-content\/uploads\/2024\/01\/IMG_8964-1536x867.jpg 1536w, https:\/\/atecordoba.org\/wp-content\/uploads\/2024\/01\/IMG_8964-2048x1156.jpg 2048w, https:\/\/atecordoba.org\/wp-content\/uploads\/2024\/01\/IMG_8964-750x423.jpg 750w, https:\/\/atecordoba.org\/wp-content\/uploads\/2024\/01\/IMG_8964-1140x644.jpg 1140w\" sizes=\"auto, (max-width: 512px) 100vw, 512px\" \/><\/figure>\n\n\n\n<p>A su vez, Federico Giuliani cree que este es el comienzo de la lucha para reincorporar a la totalidad de despedidos en estos organismos.<\/p>\n\n\n\n<figure class=\"wp-block-pullquote\"><blockquote><p>&#8220;Tenemos el desaf\u00edo de ir por el resto que nos queda, ya estamos organizando un plan de lucha que aborde de manera integral un fondo de huelga para las compa\u00f1eras que a\u00fan no han podido regresar a sus fuentes laborales y debemos seguir poniendo en agenda el sistema de precarizaci\u00f3n laboral generado en el estado provincial&#8221; <\/p><\/blockquote><\/figure>\n\n\n\n<p>Cabe destacar que este tambi\u00e9n es un logro que se da en el marco de las <a href=\"https:\/\/atecordoba.org\/?p=40905\" data-type=\"URL\" data-id=\"https:\/\/atecordoba.org\/?p=40905\">distintas jornadas de lucha que vienen realizando nuestros delegados y delegadas<\/a> en defensa de su estabilidad laboral ratificando que &#8220;quienes quieran dignidad vengan a ATE&#8221; ya que es el emergente pol\u00edtico y sindical de la provincia de C\u00f3rdoba. <\/p>\n\n\n\n<figure class=\"wp-block-image size-large is-resized\"><img loading=\"lazy\" decoding=\"async\" src=\"https:\/\/atecordoba.org\/wp-content\/uploads\/2024\/01\/IMG_8947-1024x578.jpg\" alt=\"\" class=\"wp-image-41433\" width=\"512\" height=\"289\" srcset=\"https:\/\/atecordoba.org\/wp-content\/uploads\/2024\/01\/IMG_8947-1024x578.jpg 1024w, https:\/\/atecordoba.org\/wp-content\/uploads\/2024\/01\/IMG_8947-300x169.jpg 300w, https:\/\/atecordoba.org\/wp-content\/uploads\/2024\/01\/IMG_8947-768x434.jpg 768w, https:\/\/atecordoba.org\/wp-content\/uploads\/2024\/01\/IMG_8947-1536x867.jpg 1536w, https:\/\/atecordoba.org\/wp-content\/uploads\/2024\/01\/IMG_8947-2048x1156.jpg 2048w, https:\/\/atecordoba.org\/wp-content\/uploads\/2024\/01\/IMG_8947-750x423.jpg 750w, https:\/\/atecordoba.org\/wp-content\/uploads\/2024\/01\/IMG_8947-1140x644.jpg 1140w\" sizes=\"auto, (max-width: 512px) 100vw, 512px\" \/><\/figure>\n","protected":false},"excerpt":{"rendered":"<p>&#8220;ATE fruto de la lucha, la pelea y la organizaci\u00f3n provincial ha logrado la reincorporaci\u00f3n de 10 trabajadores sostenes de familias gener\u00e1ndonos el desaf\u00edo de ir por el resto que nos queda&#8221; coment\u00f3 nuestro secretario general Federico Giuliani. En la ma\u00f1ana del 31 de Enero ATE C\u00f3rdoba con Federico Giuliani a la cabeza logr\u00f3 la [&hellip;]<\/p>\n","protected":false},"author":3,"featured_media":41434,"comment_status":"open","ping_status":"open","sticky":false,"template":"","format":"standard","meta":{"_exactmetrics_skip_tracking":false,"_exactmetrics_sitenote_active":false,"_exactmetrics_sitenote_note":"","_exactmetrics_sitenote_category":0,"jnews-multi-image_gallery":[],"jnews_single_post":{"subtitle":"","format":"standard","video":"","gallery":"","source_name":"","source_url":"","via_name":"","via_url":"","override_template":"0","override":[{"template":"1","single_blog_custom":"","parallax":"1","fullscreen":"1","layout":"no-sidebar-narrow","sidebar":"default-sidebar","second_sidebar":"default-sidebar","sticky_sidebar":"1","share_position":"bottom","share_float_style":"share-monocrhome","show_share_counter":"1","show_view_counter":"1","show_featured":"0","show_post_meta":"1","show_post_author":"0","show_post_author_image":"1","show_post_date":"1","post_date_format":"default","post_date_format_custom":"Y\/m\/d","show_post_category":"1","show_post_reading_time":"0","post_reading_time_wpm":"300","show_zoom_button":"0","zoom_button_out_step":"2","zoom_button_in_step":"3","show_post_tag":"1","show_prev_next_post":"0","show_popup_post":"0","number_popup_post":"1","show_author_box":"0","show_post_related":"1","show_inline_post_related":"0"}],"override_image_size":"0","image_override":[{"single_post_thumbnail_size":"crop-500","single_post_gallery_size":"crop-500"}],"trending_post":"0","trending_post_position":"meta","trending_post_label":"Trending","sponsored_post":"0","sponsored_post_label":"Sponsored by","sponsored_post_name":"","sponsored_post_url":"","sponsored_post_logo_enable":"0","sponsored_post_logo":"","sponsored_post_desc":"","disable_ad":"0"},"jnews_primary_category":{"id":"","hide":""},"jnews_social_meta":{"fb_title":"","fb_description":"","fb_image":"","twitter_title":"","twitter_description":"","twitter_image":""},"jnews_review":[],"enable_review":"0","type":"percentage","name":"","summary":"","brand":"","sku":"","good":[{"good_text":""}],"bad":[{"bad_text":""}],"score_override":"","override_value":"","rating":[{"rating_text":"","rating_number":"10"}],"price":[{"shop":"","price":"","link":"","icon":""}],"jnews_override_counter":{"override_view_counter":"0","view_counter_number":"0","override_share_counter":"0","share_counter_number":"0","override_like_counter":"0","like_counter_number":"0","override_dislike_counter":"0","dislike_counter_number":"0"},"jnews_post_split":{"enable_post_split":"0","post_split":[{"template":"1","tag":"h2","numbering":"asc","mode":"normal","first":"0","enable_toc":"0","toc_type":"normal"}]},"footnotes":""},"categories":[8],"tags":[],"class_list":["post-41428","post","type-post","status-publish","format-standard","has-post-thumbnail","hentry","category-provinciales"],"jetpack_featured_media_url":"https:\/\/atecordoba.org\/wp-content\/uploads\/2024\/01\/IMG_8952-1-scaled.jpg","_links":{"self":[{"href":"https:\/\/atecordoba.org\/index.php?rest_route=\/wp\/v2\/posts\/41428","targetHints":{"allow":["GET"]}}],"collection":[{"href":"https:\/\/atecordoba.org\/index.php?rest_route=\/wp\/v2\/posts"}],"about":[{"href":"https:\/\/atecordoba.org\/index.php?rest_route=\/wp\/v2\/types\/post"}],"author":[{"embeddable":true,"href":"https:\/\/atecordoba.org\/index.php?rest_route=\/wp\/v2\/users\/3"}],"replies":[{"embeddable":true,"href":"https:\/\/atecordoba.org\/index.php?rest_route=%2Fwp%2Fv2%2Fcomments&post=41428"}],"version-history":[{"count":3,"href":"https:\/\/atecordoba.org\/index.php?rest_route=\/wp\/v2\/posts\/41428\/revisions"}],"predecessor-version":[{"id":41438,"href":"https:\/\/atecordoba.org\/index.php?rest_route=\/wp\/v2\/posts\/41428\/revisions\/41438"}],"wp:featuredmedia":[{"embeddable":true,"href":"https:\/\/atecordoba.org\/index.php?rest_route=\/wp\/v2\/media\/41434"}],"wp:attachment":[{"href":"https:\/\/atecordoba.org\/index.php?rest_route=%2Fwp%2Fv2%2Fmedia&parent=41428"}],"wp:term":[{"taxonomy":"category","embeddable":true,"href":"https:\/\/atecordoba.org\/index.php?rest_route=%2Fwp%2Fv2%2Fcategories&post=41428"},{"taxonomy":"post_tag","embeddable":true,"href":"https:\/\/atecordoba.org\/index.php?rest_route=%2Fwp%2Fv2%2Ftags&post=41428"}],"curies":[{"name":"wp","href":"https:\/\/api.w.org\/{rel}","templated":true}]}}