{"id":41414,"date":"2024-01-30T15:37:51","date_gmt":"2024-01-30T18:37:51","guid":{"rendered":"https:\/\/atecordoba.org\/?p=41414"},"modified":"2024-01-30T15:43:40","modified_gmt":"2024-01-30T18:43:40","slug":"conicet-jornada-de-asamblea-abierta-y-olla-popular","status":"publish","type":"post","link":"https:\/\/atecordoba.org\/?p=41414","title":{"rendered":"CONICET: Jornada de Asamblea Abierta y Olla Popular"},"content":{"rendered":"\n<p>Se trat\u00f3 de una reuni\u00f3n y posterior olla popular que cont\u00f3 con alta participaci\u00f3n de compa\u00f1eros y compa\u00f1eras, tanto aquellos que revisten como personal de planta permanente y de las diversas modalidades contractuales, hasta becarias y becarios.<\/p>\n\n\n\n<figure class=\"wp-block-image size-large is-resized\"><img loading=\"lazy\" decoding=\"async\" src=\"https:\/\/atecordoba.org\/wp-content\/uploads\/2024\/01\/WhatsApp-Image-2024-01-30-at-12.21.38-PM-1-1024x578.jpeg\" alt=\"\" class=\"wp-image-41416\" width=\"768\" height=\"434\" srcset=\"https:\/\/atecordoba.org\/wp-content\/uploads\/2024\/01\/WhatsApp-Image-2024-01-30-at-12.21.38-PM-1-1024x578.jpeg 1024w, https:\/\/atecordoba.org\/wp-content\/uploads\/2024\/01\/WhatsApp-Image-2024-01-30-at-12.21.38-PM-1-300x169.jpeg 300w, https:\/\/atecordoba.org\/wp-content\/uploads\/2024\/01\/WhatsApp-Image-2024-01-30-at-12.21.38-PM-1-768x434.jpeg 768w, https:\/\/atecordoba.org\/wp-content\/uploads\/2024\/01\/WhatsApp-Image-2024-01-30-at-12.21.38-PM-1-1536x867.jpeg 1536w, https:\/\/atecordoba.org\/wp-content\/uploads\/2024\/01\/WhatsApp-Image-2024-01-30-at-12.21.38-PM-1-2048x1156.jpeg 2048w, https:\/\/atecordoba.org\/wp-content\/uploads\/2024\/01\/WhatsApp-Image-2024-01-30-at-12.21.38-PM-1-750x423.jpeg 750w, https:\/\/atecordoba.org\/wp-content\/uploads\/2024\/01\/WhatsApp-Image-2024-01-30-at-12.21.38-PM-1-1140x644.jpeg 1140w\" sizes=\"auto, (max-width: 768px) 100vw, 768px\" \/><\/figure>\n\n\n\n<figure class=\"wp-block-image size-large is-resized\"><img loading=\"lazy\" decoding=\"async\" src=\"https:\/\/atecordoba.org\/wp-content\/uploads\/2024\/01\/WhatsApp-Image-2024-01-30-at-12.20.15-PM-578x1024.jpeg\" alt=\"\" class=\"wp-image-41424\" width=\"289\" height=\"512\" srcset=\"https:\/\/atecordoba.org\/wp-content\/uploads\/2024\/01\/WhatsApp-Image-2024-01-30-at-12.20.15-PM-578x1024.jpeg 578w, https:\/\/atecordoba.org\/wp-content\/uploads\/2024\/01\/WhatsApp-Image-2024-01-30-at-12.20.15-PM-169x300.jpeg 169w, https:\/\/atecordoba.org\/wp-content\/uploads\/2024\/01\/WhatsApp-Image-2024-01-30-at-12.20.15-PM-768x1360.jpeg 768w, https:\/\/atecordoba.org\/wp-content\/uploads\/2024\/01\/WhatsApp-Image-2024-01-30-at-12.20.15-PM-867x1536.jpeg 867w, https:\/\/atecordoba.org\/wp-content\/uploads\/2024\/01\/WhatsApp-Image-2024-01-30-at-12.20.15-PM-1156x2048.jpeg 1156w, https:\/\/atecordoba.org\/wp-content\/uploads\/2024\/01\/WhatsApp-Image-2024-01-30-at-12.20.15-PM-750x1329.jpeg 750w, https:\/\/atecordoba.org\/wp-content\/uploads\/2024\/01\/WhatsApp-Image-2024-01-30-at-12.20.15-PM-1140x2019.jpeg 1140w, https:\/\/atecordoba.org\/wp-content\/uploads\/2024\/01\/WhatsApp-Image-2024-01-30-at-12.20.15-PM-scaled.jpeg 1445w\" sizes=\"auto, (max-width: 289px) 100vw, 289px\" \/><\/figure>\n\n\n\n<p>Bajo el lema \u201cEn CONICET no sobra nadie\u201d, este martes se registr\u00f3 una nueva concentraci\u00f3n de protesta del personal dependiente de ese Organismo en la ciudad de C\u00f3rdoba, realiz\u00e1ndose una asamblea de trabajadoras y trabajadores de Conicet, delegaci\u00f3n C\u00f3rdoba, en las escaleras de la Facultad de Ciencias Exactas, F\u00edsicas y Naturales de la Universidad Nacional de C\u00f3rdoba.<\/p>\n\n\n\n<p>En la oportunidad estuvieron acompa\u00f1ando la jornada nuestro secretario general Federico Giuliani e integrantes de la conducci\u00f3n provincial de ATE C\u00f3rdoba Jorge Chalup, Javier Bracamonte, Cesar Theaux y Alejandra Agnone. <\/p>\n\n\n\n<figure class=\"wp-block-image size-large is-resized\"><img loading=\"lazy\" decoding=\"async\" src=\"https:\/\/atecordoba.org\/wp-content\/uploads\/2024\/01\/WhatsApp-Image-2024-01-30-at-12.43.42-PM-1024x578.jpeg\" alt=\"\" class=\"wp-image-41417\" width=\"512\" height=\"289\" srcset=\"https:\/\/atecordoba.org\/wp-content\/uploads\/2024\/01\/WhatsApp-Image-2024-01-30-at-12.43.42-PM-1024x578.jpeg 1024w, https:\/\/atecordoba.org\/wp-content\/uploads\/2024\/01\/WhatsApp-Image-2024-01-30-at-12.43.42-PM-300x169.jpeg 300w, https:\/\/atecordoba.org\/wp-content\/uploads\/2024\/01\/WhatsApp-Image-2024-01-30-at-12.43.42-PM-768x434.jpeg 768w, https:\/\/atecordoba.org\/wp-content\/uploads\/2024\/01\/WhatsApp-Image-2024-01-30-at-12.43.42-PM-1536x867.jpeg 1536w, https:\/\/atecordoba.org\/wp-content\/uploads\/2024\/01\/WhatsApp-Image-2024-01-30-at-12.43.42-PM-2048x1156.jpeg 2048w, https:\/\/atecordoba.org\/wp-content\/uploads\/2024\/01\/WhatsApp-Image-2024-01-30-at-12.43.42-PM-750x423.jpeg 750w, https:\/\/atecordoba.org\/wp-content\/uploads\/2024\/01\/WhatsApp-Image-2024-01-30-at-12.43.42-PM-1140x644.jpeg 1140w\" sizes=\"auto, (max-width: 512px) 100vw, 512px\" \/><\/figure>\n\n\n\n<p>Se trat\u00f3 de una reuni\u00f3n que cont\u00f3 con alta participaci\u00f3n de compa\u00f1eros y compa\u00f1eras, tanto aquellos que revisten como personal de planta permanente y de las diversas modalidades contractuales, hasta becarias y becarios.<\/p>\n\n\n\n<p>Luego los m\u00e1s de 50 despidos en 2023, de que los becarios no cobraran el bono &#8220;aguinaldo&#8221; de fin de a\u00f1o, que el presupuesto 2023 solo sirva para cubrir salarios y gastos hasta JUNIO de este a\u00f1o, que se suspendan las becas posdoctorales y doctorales extraordinarias, las y los trabajadores del CONICET afirmaban que:<\/p>\n\n\n\n<figure class=\"wp-block-pullquote\"><blockquote><p>&#8220;Javier Milei y Daniel Salamone, actual presidente del CONICET son responsables del ajuste&#8221; siendo una de las consignas de la jornada.<\/p><\/blockquote><\/figure>\n\n\n\n<figure class=\"wp-block-image size-large is-resized\"><img loading=\"lazy\" decoding=\"async\" src=\"https:\/\/atecordoba.org\/wp-content\/uploads\/2024\/01\/WhatsApp-Image-2024-01-30-at-12.21.37-PM-1-578x1024.jpeg\" alt=\"\" class=\"wp-image-41418\" width=\"289\" height=\"512\" srcset=\"https:\/\/atecordoba.org\/wp-content\/uploads\/2024\/01\/WhatsApp-Image-2024-01-30-at-12.21.37-PM-1-578x1024.jpeg 578w, https:\/\/atecordoba.org\/wp-content\/uploads\/2024\/01\/WhatsApp-Image-2024-01-30-at-12.21.37-PM-1-169x300.jpeg 169w, https:\/\/atecordoba.org\/wp-content\/uploads\/2024\/01\/WhatsApp-Image-2024-01-30-at-12.21.37-PM-1-768x1360.jpeg 768w, https:\/\/atecordoba.org\/wp-content\/uploads\/2024\/01\/WhatsApp-Image-2024-01-30-at-12.21.37-PM-1-867x1536.jpeg 867w, https:\/\/atecordoba.org\/wp-content\/uploads\/2024\/01\/WhatsApp-Image-2024-01-30-at-12.21.37-PM-1-1156x2048.jpeg 1156w, https:\/\/atecordoba.org\/wp-content\/uploads\/2024\/01\/WhatsApp-Image-2024-01-30-at-12.21.37-PM-1-750x1329.jpeg 750w, https:\/\/atecordoba.org\/wp-content\/uploads\/2024\/01\/WhatsApp-Image-2024-01-30-at-12.21.37-PM-1-1140x2019.jpeg 1140w, https:\/\/atecordoba.org\/wp-content\/uploads\/2024\/01\/WhatsApp-Image-2024-01-30-at-12.21.37-PM-1-scaled.jpeg 1445w\" sizes=\"auto, (max-width: 289px) 100vw, 289px\" \/><\/figure>\n\n\n\n<figure class=\"wp-block-image size-large is-resized\"><img loading=\"lazy\" decoding=\"async\" src=\"https:\/\/atecordoba.org\/wp-content\/uploads\/2024\/01\/WhatsApp-Image-2024-01-30-at-12.21.37-PM-2-578x1024.jpeg\" alt=\"\" class=\"wp-image-41420\" width=\"289\" height=\"512\" srcset=\"https:\/\/atecordoba.org\/wp-content\/uploads\/2024\/01\/WhatsApp-Image-2024-01-30-at-12.21.37-PM-2-578x1024.jpeg 578w, https:\/\/atecordoba.org\/wp-content\/uploads\/2024\/01\/WhatsApp-Image-2024-01-30-at-12.21.37-PM-2-169x300.jpeg 169w, https:\/\/atecordoba.org\/wp-content\/uploads\/2024\/01\/WhatsApp-Image-2024-01-30-at-12.21.37-PM-2-768x1360.jpeg 768w, https:\/\/atecordoba.org\/wp-content\/uploads\/2024\/01\/WhatsApp-Image-2024-01-30-at-12.21.37-PM-2-867x1536.jpeg 867w, https:\/\/atecordoba.org\/wp-content\/uploads\/2024\/01\/WhatsApp-Image-2024-01-30-at-12.21.37-PM-2-1156x2048.jpeg 1156w, https:\/\/atecordoba.org\/wp-content\/uploads\/2024\/01\/WhatsApp-Image-2024-01-30-at-12.21.37-PM-2-750x1329.jpeg 750w, https:\/\/atecordoba.org\/wp-content\/uploads\/2024\/01\/WhatsApp-Image-2024-01-30-at-12.21.37-PM-2-1140x2019.jpeg 1140w, https:\/\/atecordoba.org\/wp-content\/uploads\/2024\/01\/WhatsApp-Image-2024-01-30-at-12.21.37-PM-2-scaled.jpeg 1445w\" sizes=\"auto, (max-width: 289px) 100vw, 289px\" \/><\/figure>\n\n\n\n<p><strong>Por lo que exigen:<\/strong><\/p>\n\n\n\n<ul class=\"wp-block-list\">\n<li>Inmediata reincorporaci\u00f3n de compa\u00f1eros y compa\u00f1eras despedidas.<\/li>\n\n\n\n<li>Alta efectiva de Becas extraordinarias, ingresos CIC y CPA.<\/li>\n\n\n\n<li>Publicaci\u00f3n de resultados y alta efectiva de becas y promociones.<\/li>\n\n\n\n<li>Presupuesto y financiamiento digno para el 2024.<\/li>\n\n\n\n<li>Restituci\u00f3n de horas extras.<\/li>\n\n\n\n<li>Altas de CIC 2022.<\/li>\n\n\n\n<li>Sostenimiento del cronograma de convocatorias del CONICET.<\/li>\n\n\n\n<li>Pase a planta permanente de todos y todas las contratadas.<\/li>\n\n\n\n<li>Abajo los decretos y la Ley \u00d3mnibus. <\/li>\n<\/ul>\n\n\n\n<figure class=\"wp-block-image size-large is-resized\"><img loading=\"lazy\" decoding=\"async\" src=\"https:\/\/atecordoba.org\/wp-content\/uploads\/2024\/01\/WhatsApp-Image-2024-01-30-at-12.21.38-PM-578x1024.jpeg\" alt=\"\" class=\"wp-image-41421\" width=\"289\" height=\"512\" srcset=\"https:\/\/atecordoba.org\/wp-content\/uploads\/2024\/01\/WhatsApp-Image-2024-01-30-at-12.21.38-PM-578x1024.jpeg 578w, https:\/\/atecordoba.org\/wp-content\/uploads\/2024\/01\/WhatsApp-Image-2024-01-30-at-12.21.38-PM-169x300.jpeg 169w, https:\/\/atecordoba.org\/wp-content\/uploads\/2024\/01\/WhatsApp-Image-2024-01-30-at-12.21.38-PM-768x1360.jpeg 768w, https:\/\/atecordoba.org\/wp-content\/uploads\/2024\/01\/WhatsApp-Image-2024-01-30-at-12.21.38-PM-867x1536.jpeg 867w, https:\/\/atecordoba.org\/wp-content\/uploads\/2024\/01\/WhatsApp-Image-2024-01-30-at-12.21.38-PM-1156x2048.jpeg 1156w, https:\/\/atecordoba.org\/wp-content\/uploads\/2024\/01\/WhatsApp-Image-2024-01-30-at-12.21.38-PM-750x1329.jpeg 750w, https:\/\/atecordoba.org\/wp-content\/uploads\/2024\/01\/WhatsApp-Image-2024-01-30-at-12.21.38-PM-1140x2019.jpeg 1140w, https:\/\/atecordoba.org\/wp-content\/uploads\/2024\/01\/WhatsApp-Image-2024-01-30-at-12.21.38-PM-scaled.jpeg 1445w\" sizes=\"auto, (max-width: 289px) 100vw, 289px\" \/><\/figure>\n\n\n\n<figure class=\"wp-block-image size-large is-resized\"><img loading=\"lazy\" decoding=\"async\" src=\"https:\/\/atecordoba.org\/wp-content\/uploads\/2024\/01\/WhatsApp-Image-2024-01-30-at-12.21.36-PM-1024x578.jpeg\" alt=\"\" class=\"wp-image-41422\" width=\"512\" height=\"289\" srcset=\"https:\/\/atecordoba.org\/wp-content\/uploads\/2024\/01\/WhatsApp-Image-2024-01-30-at-12.21.36-PM-1024x578.jpeg 1024w, https:\/\/atecordoba.org\/wp-content\/uploads\/2024\/01\/WhatsApp-Image-2024-01-30-at-12.21.36-PM-300x169.jpeg 300w, https:\/\/atecordoba.org\/wp-content\/uploads\/2024\/01\/WhatsApp-Image-2024-01-30-at-12.21.36-PM-768x434.jpeg 768w, https:\/\/atecordoba.org\/wp-content\/uploads\/2024\/01\/WhatsApp-Image-2024-01-30-at-12.21.36-PM-1536x867.jpeg 1536w, https:\/\/atecordoba.org\/wp-content\/uploads\/2024\/01\/WhatsApp-Image-2024-01-30-at-12.21.36-PM-2048x1156.jpeg 2048w, https:\/\/atecordoba.org\/wp-content\/uploads\/2024\/01\/WhatsApp-Image-2024-01-30-at-12.21.36-PM-750x423.jpeg 750w, https:\/\/atecordoba.org\/wp-content\/uploads\/2024\/01\/WhatsApp-Image-2024-01-30-at-12.21.36-PM-1140x644.jpeg 1140w\" sizes=\"auto, (max-width: 512px) 100vw, 512px\" \/><\/figure>\n\n\n\n<figure class=\"wp-block-image size-large is-resized\"><img loading=\"lazy\" decoding=\"async\" src=\"https:\/\/atecordoba.org\/wp-content\/uploads\/2024\/01\/WhatsApp-Image-2024-01-30-at-12.21.34-PM-1024x578.jpeg\" alt=\"\" class=\"wp-image-41423\" width=\"512\" height=\"289\" srcset=\"https:\/\/atecordoba.org\/wp-content\/uploads\/2024\/01\/WhatsApp-Image-2024-01-30-at-12.21.34-PM-1024x578.jpeg 1024w, https:\/\/atecordoba.org\/wp-content\/uploads\/2024\/01\/WhatsApp-Image-2024-01-30-at-12.21.34-PM-300x169.jpeg 300w, https:\/\/atecordoba.org\/wp-content\/uploads\/2024\/01\/WhatsApp-Image-2024-01-30-at-12.21.34-PM-768x434.jpeg 768w, https:\/\/atecordoba.org\/wp-content\/uploads\/2024\/01\/WhatsApp-Image-2024-01-30-at-12.21.34-PM-1536x867.jpeg 1536w, https:\/\/atecordoba.org\/wp-content\/uploads\/2024\/01\/WhatsApp-Image-2024-01-30-at-12.21.34-PM-2048x1156.jpeg 2048w, https:\/\/atecordoba.org\/wp-content\/uploads\/2024\/01\/WhatsApp-Image-2024-01-30-at-12.21.34-PM-750x423.jpeg 750w, https:\/\/atecordoba.org\/wp-content\/uploads\/2024\/01\/WhatsApp-Image-2024-01-30-at-12.21.34-PM-1140x644.jpeg 1140w\" sizes=\"auto, (max-width: 512px) 100vw, 512px\" \/><\/figure>\n","protected":false},"excerpt":{"rendered":"<p>Se trat\u00f3 de una reuni\u00f3n y posterior olla popular que cont\u00f3 con alta participaci\u00f3n de compa\u00f1eros y compa\u00f1eras, tanto aquellos que revisten como personal de planta permanente y de las diversas modalidades contractuales, hasta becarias y becarios. Bajo el lema \u201cEn CONICET no sobra nadie\u201d, este martes se registr\u00f3 una nueva concentraci\u00f3n de protesta del [&hellip;]<\/p>\n","protected":false},"author":3,"featured_media":41416,"comment_status":"open","ping_status":"open","sticky":false,"template":"","format":"standard","meta":{"_exactmetrics_skip_tracking":false,"_exactmetrics_sitenote_active":false,"_exactmetrics_sitenote_note":"","_exactmetrics_sitenote_category":0,"jnews-multi-image_gallery":[],"jnews_single_post":{"subtitle":"","format":"standard","video":"","gallery":"","source_name":"","source_url":"","via_name":"","via_url":"","override_template":"0","override":[{"template":"1","single_blog_custom":"","parallax":"1","fullscreen":"1","layout":"no-sidebar-narrow","sidebar":"default-sidebar","second_sidebar":"default-sidebar","sticky_sidebar":"1","share_position":"bottom","share_float_style":"share-monocrhome","show_share_counter":"1","show_view_counter":"1","show_featured":"0","show_post_meta":"1","show_post_author":"0","show_post_author_image":"1","show_post_date":"1","post_date_format":"default","post_date_format_custom":"Y\/m\/d","show_post_category":"1","show_post_reading_time":"0","post_reading_time_wpm":"300","show_zoom_button":"0","zoom_button_out_step":"2","zoom_button_in_step":"3","show_post_tag":"1","show_prev_next_post":"0","show_popup_post":"0","number_popup_post":"1","show_author_box":"0","show_post_related":"1","show_inline_post_related":"0"}],"override_image_size":"0","image_override":[{"single_post_thumbnail_size":"crop-500","single_post_gallery_size":"crop-500"}],"trending_post":"0","trending_post_position":"meta","trending_post_label":"Trending","sponsored_post":"0","sponsored_post_label":"Sponsored by","sponsored_post_name":"","sponsored_post_url":"","sponsored_post_logo_enable":"0","sponsored_post_logo":"","sponsored_post_desc":"","disable_ad":"0"},"jnews_primary_category":{"id":"","hide":""},"jnews_social_meta":{"fb_title":"","fb_description":"","fb_image":"","twitter_title":"","twitter_description":"","twitter_image":""},"jnews_review":[],"enable_review":"0","type":"percentage","name":"","summary":"","brand":"","sku":"","good":[{"good_text":""}],"bad":[{"bad_text":""}],"score_override":"","override_value":"","rating":[{"rating_text":"","rating_number":"10"}],"price":[{"shop":"","price":"","link":"","icon":""}],"jnews_override_counter":{"override_view_counter":"0","view_counter_number":"0","override_share_counter":"0","share_counter_number":"0","override_like_counter":"0","like_counter_number":"0","override_dislike_counter":"0","dislike_counter_number":"0"},"jnews_post_split":{"enable_post_split":"0","post_split":[{"template":"1","tag":"h2","numbering":"asc","mode":"normal","first":"0","enable_toc":"0","toc_type":"normal"}]},"footnotes":""},"categories":[105,18],"tags":[],"class_list":["post-41414","post","type-post","status-publish","format-standard","has-post-thumbnail","hentry","category-conicet","category-nacionales"],"jetpack_featured_media_url":"https:\/\/atecordoba.org\/wp-content\/uploads\/2024\/01\/WhatsApp-Image-2024-01-30-at-12.21.38-PM-1-scaled.jpeg","_links":{"self":[{"href":"https:\/\/atecordoba.org\/index.php?rest_route=\/wp\/v2\/posts\/41414","targetHints":{"allow":["GET"]}}],"collection":[{"href":"https:\/\/atecordoba.org\/index.php?rest_route=\/wp\/v2\/posts"}],"about":[{"href":"https:\/\/atecordoba.org\/index.php?rest_route=\/wp\/v2\/types\/post"}],"author":[{"embeddable":true,"href":"https:\/\/atecordoba.org\/index.php?rest_route=\/wp\/v2\/users\/3"}],"replies":[{"embeddable":true,"href":"https:\/\/atecordoba.org\/index.php?rest_route=%2Fwp%2Fv2%2Fcomments&post=41414"}],"version-history":[{"count":1,"href":"https:\/\/atecordoba.org\/index.php?rest_route=\/wp\/v2\/posts\/41414\/revisions"}],"predecessor-version":[{"id":41425,"href":"https:\/\/atecordoba.org\/index.php?rest_route=\/wp\/v2\/posts\/41414\/revisions\/41425"}],"wp:featuredmedia":[{"embeddable":true,"href":"https:\/\/atecordoba.org\/index.php?rest_route=\/wp\/v2\/media\/41416"}],"wp:attachment":[{"href":"https:\/\/atecordoba.org\/index.php?rest_route=%2Fwp%2Fv2%2Fmedia&parent=41414"}],"wp:term":[{"taxonomy":"category","embeddable":true,"href":"https:\/\/atecordoba.org\/index.php?rest_route=%2Fwp%2Fv2%2Fcategories&post=41414"},{"taxonomy":"post_tag","embeddable":true,"href":"https:\/\/atecordoba.org\/index.php?rest_route=%2Fwp%2Fv2%2Ftags&post=41414"}],"curies":[{"name":"wp","href":"https:\/\/api.w.org\/{rel}","templated":true}]}}