{"id":41410,"date":"2024-01-30T13:41:19","date_gmt":"2024-01-30T16:41:19","guid":{"rendered":"https:\/\/atecordoba.org\/?p=41410"},"modified":"2024-01-30T13:41:19","modified_gmt":"2024-01-30T16:41:19","slug":"rechazo-de-ate-cordoba-a-los-dichos-de-marcos-ferrer-intendente-de-rio-tercero","status":"publish","type":"post","link":"https:\/\/atecordoba.org\/?p=41410","title":{"rendered":"Rechazo de ATE C\u00f3rdoba a los dichos de Marcos Ferrer, intendente de R\u00edo Tercero"},"content":{"rendered":"\n<p><strong>Atento a los dichos del Diputado Rodrigo De Loredo sobre FMRT argumentando que el posicionamiento que tomaba en contra de este organismo; era por las referencias de Ferrer, desde ATE sostenemos que:<\/strong><\/p>\n\n\n\n<figure class=\"wp-block-image size-large is-resized\"><img loading=\"lazy\" decoding=\"async\" src=\"https:\/\/atecordoba.org\/wp-content\/uploads\/2024\/01\/Diseno-sin-titulo-2-1024x1024.png\" alt=\"\" class=\"wp-image-41411\" width=\"512\" height=\"512\" srcset=\"https:\/\/atecordoba.org\/wp-content\/uploads\/2024\/01\/Diseno-sin-titulo-2-1024x1024.png 1024w, https:\/\/atecordoba.org\/wp-content\/uploads\/2024\/01\/Diseno-sin-titulo-2-300x300.png 300w, https:\/\/atecordoba.org\/wp-content\/uploads\/2024\/01\/Diseno-sin-titulo-2-150x150.png 150w, https:\/\/atecordoba.org\/wp-content\/uploads\/2024\/01\/Diseno-sin-titulo-2-768x768.png 768w, https:\/\/atecordoba.org\/wp-content\/uploads\/2024\/01\/Diseno-sin-titulo-2-560x560.png 560w, https:\/\/atecordoba.org\/wp-content\/uploads\/2024\/01\/Diseno-sin-titulo-2-75x75.png 75w, https:\/\/atecordoba.org\/wp-content\/uploads\/2024\/01\/Diseno-sin-titulo-2-350x350.png 350w, https:\/\/atecordoba.org\/wp-content\/uploads\/2024\/01\/Diseno-sin-titulo-2-750x750.png 750w, https:\/\/atecordoba.org\/wp-content\/uploads\/2024\/01\/Diseno-sin-titulo-2.png 1080w\" sizes=\"auto, (max-width: 512px) 100vw, 512px\" \/><\/figure>\n\n\n\n<p><\/p>\n\n\n\n<ul class=\"wp-block-list\">\n<li>La falta de proyecci\u00f3n en la ciudad de R\u00edo Tercero junto a FM por parte del Ejecutivo es una clara demostraci\u00f3n de que el m\u00e1ximo responsable pol\u00edtico de la localidad, no ha tenido iniciativa para articular y potenciar el gran trabajo que se realiza en las instalaciones de FM.<\/li>\n<\/ul>\n\n\n\n<ul class=\"wp-block-list\">\n<li>La falta de planificaci\u00f3n y estrategia para, de manera conjunta lograr visibilizar la labor diaria muestra a las claras la falta de inter\u00e9s del Intendente de defender lo p\u00fablico y un \u00e1rea tan estrat\u00e9gica como esta que nos permite como Naci\u00f3n, proteger nuestra soberan\u00eda.<\/li>\n<\/ul>\n\n\n\n<p><br>Por otra parte 380 familias riotercerenses dependen de los ingresos de sus trabajos en FM, y esos salarios vuelven a la ciudad a trav\u00e9s del pago de impuestos, compras a comercios, actividades recreativas, etc.<\/p>\n\n\n\n<p class=\"has-medium-font-size\"><br><strong>Desde ATE C\u00f3rdoba instamos a Marcos Ferrer y Rodrigo De Loredo a recibir a las y los trabajadores fabriqueros organizados en ATE. A\u00fan esperamos que el Diputado De Loredo responda nuestro pedido de audiencia solicitado el pasado 3 de enero; atento que \u00e9l como funcionario p\u00fablico debe recibir y escuchar a sus representados. En este caso a las y los trabajadores del Estado.<\/strong><\/p>\n","protected":false},"excerpt":{"rendered":"<p>Atento a los dichos del Diputado Rodrigo De Loredo sobre FMRT argumentando que el posicionamiento que tomaba en contra de este organismo; era por las referencias de Ferrer, desde ATE sostenemos que: Por otra parte 380 familias riotercerenses dependen de los ingresos de sus trabajos en FM, y esos salarios vuelven a la ciudad a [&hellip;]<\/p>\n","protected":false},"author":3,"featured_media":41411,"comment_status":"open","ping_status":"open","sticky":false,"template":"","format":"standard","meta":{"_exactmetrics_skip_tracking":false,"_exactmetrics_sitenote_active":false,"_exactmetrics_sitenote_note":"","_exactmetrics_sitenote_category":0,"jnews-multi-image_gallery":[],"jnews_single_post":{"subtitle":"","format":"standard","video":"","gallery":"","source_name":"","source_url":"","via_name":"","via_url":"","override_template":"0","override":[{"template":"1","single_blog_custom":"","parallax":"1","fullscreen":"1","layout":"no-sidebar-narrow","sidebar":"default-sidebar","second_sidebar":"default-sidebar","sticky_sidebar":"1","share_position":"bottom","share_float_style":"share-monocrhome","show_share_counter":"1","show_view_counter":"1","show_featured":"0","show_post_meta":"1","show_post_author":"0","show_post_author_image":"1","show_post_date":"1","post_date_format":"default","post_date_format_custom":"Y\/m\/d","show_post_category":"1","show_post_reading_time":"0","post_reading_time_wpm":"300","show_zoom_button":"0","zoom_button_out_step":"2","zoom_button_in_step":"3","show_post_tag":"1","show_prev_next_post":"0","show_popup_post":"0","number_popup_post":"1","show_author_box":"0","show_post_related":"1","show_inline_post_related":"0"}],"override_image_size":"0","image_override":[{"single_post_thumbnail_size":"crop-500","single_post_gallery_size":"crop-500"}],"trending_post":"0","trending_post_position":"meta","trending_post_label":"Trending","sponsored_post":"0","sponsored_post_label":"Sponsored by","sponsored_post_name":"","sponsored_post_url":"","sponsored_post_logo_enable":"0","sponsored_post_logo":"","sponsored_post_desc":"","disable_ad":"0"},"jnews_primary_category":{"id":"","hide":""},"jnews_social_meta":{"fb_title":"","fb_description":"","fb_image":"","twitter_title":"","twitter_description":"","twitter_image":""},"jnews_review":[],"enable_review":"0","type":"percentage","name":"","summary":"","brand":"","sku":"","good":[{"good_text":""}],"bad":[{"bad_text":""}],"score_override":"","override_value":"","rating":[{"rating_text":"","rating_number":"10"}],"price":[{"shop":"","price":"","link":"","icon":""}],"jnews_override_counter":{"override_view_counter":"0","view_counter_number":"0","override_share_counter":"0","share_counter_number":"0","override_like_counter":"0","like_counter_number":"0","override_dislike_counter":"0","dislike_counter_number":"0"},"jnews_post_split":{"enable_post_split":"0","post_split":[{"template":"1","tag":"h2","numbering":"asc","mode":"normal","first":"0","enable_toc":"0","toc_type":"normal"}]},"footnotes":""},"categories":[10,17],"tags":[],"class_list":["post-41410","post","type-post","status-publish","format-standard","has-post-thumbnail","hentry","category-accion-politica","category-fabricaciones-militares"],"jetpack_featured_media_url":"https:\/\/atecordoba.org\/wp-content\/uploads\/2024\/01\/Diseno-sin-titulo-2.png","_links":{"self":[{"href":"https:\/\/atecordoba.org\/index.php?rest_route=\/wp\/v2\/posts\/41410","targetHints":{"allow":["GET"]}}],"collection":[{"href":"https:\/\/atecordoba.org\/index.php?rest_route=\/wp\/v2\/posts"}],"about":[{"href":"https:\/\/atecordoba.org\/index.php?rest_route=\/wp\/v2\/types\/post"}],"author":[{"embeddable":true,"href":"https:\/\/atecordoba.org\/index.php?rest_route=\/wp\/v2\/users\/3"}],"replies":[{"embeddable":true,"href":"https:\/\/atecordoba.org\/index.php?rest_route=%2Fwp%2Fv2%2Fcomments&post=41410"}],"version-history":[{"count":1,"href":"https:\/\/atecordoba.org\/index.php?rest_route=\/wp\/v2\/posts\/41410\/revisions"}],"predecessor-version":[{"id":41412,"href":"https:\/\/atecordoba.org\/index.php?rest_route=\/wp\/v2\/posts\/41410\/revisions\/41412"}],"wp:featuredmedia":[{"embeddable":true,"href":"https:\/\/atecordoba.org\/index.php?rest_route=\/wp\/v2\/media\/41411"}],"wp:attachment":[{"href":"https:\/\/atecordoba.org\/index.php?rest_route=%2Fwp%2Fv2%2Fmedia&parent=41410"}],"wp:term":[{"taxonomy":"category","embeddable":true,"href":"https:\/\/atecordoba.org\/index.php?rest_route=%2Fwp%2Fv2%2Fcategories&post=41410"},{"taxonomy":"post_tag","embeddable":true,"href":"https:\/\/atecordoba.org\/index.php?rest_route=%2Fwp%2Fv2%2Ftags&post=41410"}],"curies":[{"name":"wp","href":"https:\/\/api.w.org\/{rel}","templated":true}]}}