{"id":41395,"date":"2024-01-30T13:25:12","date_gmt":"2024-01-30T16:25:12","guid":{"rendered":"https:\/\/atecordoba.org\/?p=41395"},"modified":"2024-01-30T13:25:41","modified_gmt":"2024-01-30T16:25:41","slug":"encuentro-con-legisladores-de-cordoba-para-declarar-patrimonio-historico-y-cultural-a-la-fabrica-militar-de-villa-maria","status":"publish","type":"post","link":"https:\/\/atecordoba.org\/?p=41395","title":{"rendered":"Encuentro con legisladores de C\u00f3rdoba para declarar patrimonio hist\u00f3rico y cultural a la f\u00e1brica militar de Villa Mar\u00eda"},"content":{"rendered":"\n<p>En el marco de distintos pedidos de audiencias que llevamos a cabo con legisladores para que apoyen nuestro proyecto de declarar patrimonio hist\u00f3rico y cultural a la f\u00e1brica militar de Villa Mar\u00eda, ATE mantuvo dos encuentros con los legisladores Dante Rossi y Luciana Echevarr\u00eda.<\/p>\n\n\n\n<figure class=\"wp-block-image size-large is-resized\"><img loading=\"lazy\" decoding=\"async\" src=\"https:\/\/atecordoba.org\/wp-content\/uploads\/2024\/01\/WhatsApp-Image-2024-01-30-at-1.19.34-PM-1-1024x578.jpeg\" alt=\"\" class=\"wp-image-41407\" width=\"1024\" height=\"578\" srcset=\"https:\/\/atecordoba.org\/wp-content\/uploads\/2024\/01\/WhatsApp-Image-2024-01-30-at-1.19.34-PM-1-1024x578.jpeg 1024w, https:\/\/atecordoba.org\/wp-content\/uploads\/2024\/01\/WhatsApp-Image-2024-01-30-at-1.19.34-PM-1-300x169.jpeg 300w, https:\/\/atecordoba.org\/wp-content\/uploads\/2024\/01\/WhatsApp-Image-2024-01-30-at-1.19.34-PM-1-768x434.jpeg 768w, https:\/\/atecordoba.org\/wp-content\/uploads\/2024\/01\/WhatsApp-Image-2024-01-30-at-1.19.34-PM-1-1536x867.jpeg 1536w, https:\/\/atecordoba.org\/wp-content\/uploads\/2024\/01\/WhatsApp-Image-2024-01-30-at-1.19.34-PM-1-2048x1156.jpeg 2048w, https:\/\/atecordoba.org\/wp-content\/uploads\/2024\/01\/WhatsApp-Image-2024-01-30-at-1.19.34-PM-1-750x423.jpeg 750w, https:\/\/atecordoba.org\/wp-content\/uploads\/2024\/01\/WhatsApp-Image-2024-01-30-at-1.19.34-PM-1-1140x644.jpeg 1140w\" sizes=\"auto, (max-width: 1024px) 100vw, 1024px\" \/><\/figure>\n\n\n\n<figure class=\"wp-block-image size-large is-resized\"><img loading=\"lazy\" decoding=\"async\" src=\"https:\/\/atecordoba.org\/wp-content\/uploads\/2024\/01\/WhatsApp-Image-2024-01-30-at-1.19.31-PM-3-578x1024.jpeg\" alt=\"\" class=\"wp-image-41408\" width=\"289\" height=\"512\" srcset=\"https:\/\/atecordoba.org\/wp-content\/uploads\/2024\/01\/WhatsApp-Image-2024-01-30-at-1.19.31-PM-3-578x1024.jpeg 578w, https:\/\/atecordoba.org\/wp-content\/uploads\/2024\/01\/WhatsApp-Image-2024-01-30-at-1.19.31-PM-3-169x300.jpeg 169w, https:\/\/atecordoba.org\/wp-content\/uploads\/2024\/01\/WhatsApp-Image-2024-01-30-at-1.19.31-PM-3-768x1360.jpeg 768w, https:\/\/atecordoba.org\/wp-content\/uploads\/2024\/01\/WhatsApp-Image-2024-01-30-at-1.19.31-PM-3-867x1536.jpeg 867w, https:\/\/atecordoba.org\/wp-content\/uploads\/2024\/01\/WhatsApp-Image-2024-01-30-at-1.19.31-PM-3-1156x2048.jpeg 1156w, https:\/\/atecordoba.org\/wp-content\/uploads\/2024\/01\/WhatsApp-Image-2024-01-30-at-1.19.31-PM-3-750x1329.jpeg 750w, https:\/\/atecordoba.org\/wp-content\/uploads\/2024\/01\/WhatsApp-Image-2024-01-30-at-1.19.31-PM-3-1140x2019.jpeg 1140w, https:\/\/atecordoba.org\/wp-content\/uploads\/2024\/01\/WhatsApp-Image-2024-01-30-at-1.19.31-PM-3-scaled.jpeg 1445w\" sizes=\"auto, (max-width: 289px) 100vw, 289px\" \/><\/figure>\n\n\n\n<p><br>ATE estuvo representada por los delegados de la junta interna de Villa Mar\u00eda Jonathan Cruze\u00f1o, Lucas Gorosito, Juan Bertolini y en representaci\u00f3n del Consejo Directivo Provincial de ATE nuestro secretario gremial Jorge Chalup, nuestro secretario de organizaci\u00f3n Javier Bracamonte y el secretario de derechos humanos Cesar Theaux .  <\/p>\n\n\n\n<figure class=\"wp-block-pullquote\"><blockquote><p>&#8220;Hemos sido recibidos de muy buena manera, creemos que es muy importante el apoyo de nuestros legisladores cordobeses, por que en este caso lo que se pone en juego son nuestras fabricas cordobesas&#8221; expres\u00f3 el secretario General de la junta interna de Villa Mar\u00eda Jonathan Cruze\u00f1o.<br><\/p><\/blockquote><\/figure>\n\n\n\n<figure class=\"wp-block-image size-large is-resized\"><img loading=\"lazy\" decoding=\"async\" src=\"https:\/\/atecordoba.org\/wp-content\/uploads\/2024\/01\/WhatsApp-Image-2024-01-30-at-1.19.30-PM-578x1024.jpeg\" alt=\"\" class=\"wp-image-41399\" width=\"289\" height=\"512\" srcset=\"https:\/\/atecordoba.org\/wp-content\/uploads\/2024\/01\/WhatsApp-Image-2024-01-30-at-1.19.30-PM-578x1024.jpeg 578w, https:\/\/atecordoba.org\/wp-content\/uploads\/2024\/01\/WhatsApp-Image-2024-01-30-at-1.19.30-PM-169x300.jpeg 169w, https:\/\/atecordoba.org\/wp-content\/uploads\/2024\/01\/WhatsApp-Image-2024-01-30-at-1.19.30-PM-768x1360.jpeg 768w, https:\/\/atecordoba.org\/wp-content\/uploads\/2024\/01\/WhatsApp-Image-2024-01-30-at-1.19.30-PM-867x1536.jpeg 867w, https:\/\/atecordoba.org\/wp-content\/uploads\/2024\/01\/WhatsApp-Image-2024-01-30-at-1.19.30-PM-1156x2048.jpeg 1156w, https:\/\/atecordoba.org\/wp-content\/uploads\/2024\/01\/WhatsApp-Image-2024-01-30-at-1.19.30-PM-750x1329.jpeg 750w, https:\/\/atecordoba.org\/wp-content\/uploads\/2024\/01\/WhatsApp-Image-2024-01-30-at-1.19.30-PM-1140x2019.jpeg 1140w, https:\/\/atecordoba.org\/wp-content\/uploads\/2024\/01\/WhatsApp-Image-2024-01-30-at-1.19.30-PM-scaled.jpeg 1445w\" sizes=\"auto, (max-width: 289px) 100vw, 289px\" \/><\/figure>\n\n\n\n<p><\/p>\n\n\n\n<p>El legislador Dante Rossi, del bloque de la UCR,<a href=\"https:\/\/atecordoba.org\/?p=41323\"> luego de presentar su proyecto para declarar de inter\u00e9s estrat\u00e9gico provincial el funcionamiento de las fabricas militares de Rio Tercero y Villa Mar\u00eda<\/a> expres\u00f3 su apoyo a nuestra propuesta de declarar patrimonio hist\u00f3rico y cultural a la fabrica militar de Villa Mar\u00eda. <\/p>\n\n\n\n<figure class=\"wp-block-pullquote\"><blockquote><p>&#8220;Todo C\u00f3rdoba debe defender su propia fuente de trabajo y sus empresas estrat\u00e9gicas, por lo que vamos a apoyar el proyecto para la NO privatizaci\u00f3n de las fabricas militares de Villa Mar\u00eda y R\u00edo Tercero&#8221; mencion\u00f3 el legislador Dante Rosi.<\/p><\/blockquote><\/figure>\n\n\n\n<figure class=\"wp-block-image size-large is-resized\"><img loading=\"lazy\" decoding=\"async\" src=\"https:\/\/atecordoba.org\/wp-content\/uploads\/2024\/01\/WhatsApp-Image-2024-01-30-at-1.19.33-PM-578x1024.jpeg\" alt=\"\" class=\"wp-image-41397\" width=\"289\" height=\"512\" srcset=\"https:\/\/atecordoba.org\/wp-content\/uploads\/2024\/01\/WhatsApp-Image-2024-01-30-at-1.19.33-PM-578x1024.jpeg 578w, https:\/\/atecordoba.org\/wp-content\/uploads\/2024\/01\/WhatsApp-Image-2024-01-30-at-1.19.33-PM-169x300.jpeg 169w, https:\/\/atecordoba.org\/wp-content\/uploads\/2024\/01\/WhatsApp-Image-2024-01-30-at-1.19.33-PM-768x1360.jpeg 768w, https:\/\/atecordoba.org\/wp-content\/uploads\/2024\/01\/WhatsApp-Image-2024-01-30-at-1.19.33-PM-867x1536.jpeg 867w, https:\/\/atecordoba.org\/wp-content\/uploads\/2024\/01\/WhatsApp-Image-2024-01-30-at-1.19.33-PM-1156x2048.jpeg 1156w, https:\/\/atecordoba.org\/wp-content\/uploads\/2024\/01\/WhatsApp-Image-2024-01-30-at-1.19.33-PM-750x1329.jpeg 750w, https:\/\/atecordoba.org\/wp-content\/uploads\/2024\/01\/WhatsApp-Image-2024-01-30-at-1.19.33-PM-1140x2019.jpeg 1140w, https:\/\/atecordoba.org\/wp-content\/uploads\/2024\/01\/WhatsApp-Image-2024-01-30-at-1.19.33-PM-scaled.jpeg 1445w\" sizes=\"auto, (max-width: 289px) 100vw, 289px\" \/><\/figure>\n\n\n\n<p>Por otro lado, la legisladora Luciana Echeverria del MST, en conversaci\u00f3n con Ate Prensa, explico la importancia de la defensa de lo publico hoy mas que nunca ante el avance de las pol\u00edticas del actual gobierno nacional de Javier Milei y ante el gobierno de Martin Llaryora.<\/p>\n\n\n\n<figure class=\"wp-block-pullquote\"><blockquote><p>&#8220;Hoy m\u00e1s que nunca debemos posicionarnos en defensa de lo p\u00fablico como la fabrica ya que son cuestiones estrat\u00e9gicas que hacen por un lado a la econom\u00eda pero por otro es importante para nuestro pa\u00eds a nivel geopol\u00edtico por eso hay que defenderlos como patrimonio y tambi\u00e9n como fuente laboral de manera unitaria&#8221; explic\u00f3 la legisladora Luciana Echeverr\u00eda<br><br><\/p><\/blockquote><\/figure>\n\n\n\n<figure class=\"wp-block-image size-large is-resized\"><img loading=\"lazy\" decoding=\"async\" src=\"https:\/\/atecordoba.org\/wp-content\/uploads\/2024\/01\/WhatsApp-Image-2024-01-30-at-1.19.32-PM-578x1024.jpeg\" alt=\"\" class=\"wp-image-41398\" width=\"289\" height=\"512\" srcset=\"https:\/\/atecordoba.org\/wp-content\/uploads\/2024\/01\/WhatsApp-Image-2024-01-30-at-1.19.32-PM-578x1024.jpeg 578w, https:\/\/atecordoba.org\/wp-content\/uploads\/2024\/01\/WhatsApp-Image-2024-01-30-at-1.19.32-PM-169x300.jpeg 169w, https:\/\/atecordoba.org\/wp-content\/uploads\/2024\/01\/WhatsApp-Image-2024-01-30-at-1.19.32-PM-768x1360.jpeg 768w, https:\/\/atecordoba.org\/wp-content\/uploads\/2024\/01\/WhatsApp-Image-2024-01-30-at-1.19.32-PM-867x1536.jpeg 867w, https:\/\/atecordoba.org\/wp-content\/uploads\/2024\/01\/WhatsApp-Image-2024-01-30-at-1.19.32-PM-1156x2048.jpeg 1156w, https:\/\/atecordoba.org\/wp-content\/uploads\/2024\/01\/WhatsApp-Image-2024-01-30-at-1.19.32-PM-750x1329.jpeg 750w, https:\/\/atecordoba.org\/wp-content\/uploads\/2024\/01\/WhatsApp-Image-2024-01-30-at-1.19.32-PM-1140x2019.jpeg 1140w, https:\/\/atecordoba.org\/wp-content\/uploads\/2024\/01\/WhatsApp-Image-2024-01-30-at-1.19.32-PM-scaled.jpeg 1445w\" sizes=\"auto, (max-width: 289px) 100vw, 289px\" \/><\/figure>\n","protected":false},"excerpt":{"rendered":"<p>En el marco de distintos pedidos de audiencias que llevamos a cabo con legisladores para que apoyen nuestro proyecto de declarar patrimonio hist\u00f3rico y cultural a la f\u00e1brica militar de Villa Mar\u00eda, ATE mantuvo dos encuentros con los legisladores Dante Rossi y Luciana Echevarr\u00eda. ATE estuvo representada por los delegados de la junta interna de [&hellip;]<\/p>\n","protected":false},"author":3,"featured_media":41407,"comment_status":"open","ping_status":"open","sticky":false,"template":"","format":"standard","meta":{"_exactmetrics_skip_tracking":false,"_exactmetrics_sitenote_active":false,"_exactmetrics_sitenote_note":"","_exactmetrics_sitenote_category":0,"jnews-multi-image_gallery":[],"jnews_single_post":{"subtitle":"","format":"standard","video":"","gallery":"","source_name":"","source_url":"","via_name":"","via_url":"","override_template":"0","override":[{"template":"1","single_blog_custom":"","parallax":"1","fullscreen":"1","layout":"no-sidebar-narrow","sidebar":"default-sidebar","second_sidebar":"default-sidebar","sticky_sidebar":"1","share_position":"bottom","share_float_style":"share-monocrhome","show_share_counter":"1","show_view_counter":"1","show_featured":"0","show_post_meta":"1","show_post_author":"0","show_post_author_image":"1","show_post_date":"1","post_date_format":"default","post_date_format_custom":"Y\/m\/d","show_post_category":"1","show_post_reading_time":"0","post_reading_time_wpm":"300","show_zoom_button":"0","zoom_button_out_step":"2","zoom_button_in_step":"3","show_post_tag":"1","show_prev_next_post":"0","show_popup_post":"0","number_popup_post":"1","show_author_box":"0","show_post_related":"1","show_inline_post_related":"0"}],"override_image_size":"0","image_override":[{"single_post_thumbnail_size":"crop-500","single_post_gallery_size":"crop-500"}],"trending_post":"0","trending_post_position":"meta","trending_post_label":"Trending","sponsored_post":"0","sponsored_post_label":"Sponsored by","sponsored_post_name":"","sponsored_post_url":"","sponsored_post_logo_enable":"0","sponsored_post_logo":"","sponsored_post_desc":"","disable_ad":"0"},"jnews_primary_category":{"id":"","hide":""},"jnews_social_meta":{"fb_title":"","fb_description":"","fb_image":"","twitter_title":"","twitter_description":"","twitter_image":""},"jnews_review":[],"enable_review":"0","type":"percentage","name":"","summary":"","brand":"","sku":"","good":[{"good_text":""}],"bad":[{"bad_text":""}],"score_override":"","override_value":"","rating":[{"rating_text":"","rating_number":"10"}],"price":[{"shop":"","price":"","link":"","icon":""}],"jnews_override_counter":{"override_view_counter":"0","view_counter_number":"0","override_share_counter":"0","share_counter_number":"0","override_like_counter":"0","like_counter_number":"0","override_dislike_counter":"0","dislike_counter_number":"0"},"jnews_post_split":{"enable_post_split":"0","post_split":[{"template":"1","tag":"h2","numbering":"asc","mode":"normal","first":"0","enable_toc":"0","toc_type":"normal"}]},"footnotes":""},"categories":[10],"tags":[],"class_list":["post-41395","post","type-post","status-publish","format-standard","has-post-thumbnail","hentry","category-accion-politica"],"jetpack_featured_media_url":"https:\/\/atecordoba.org\/wp-content\/uploads\/2024\/01\/WhatsApp-Image-2024-01-30-at-1.19.34-PM-1-scaled.jpeg","_links":{"self":[{"href":"https:\/\/atecordoba.org\/index.php?rest_route=\/wp\/v2\/posts\/41395","targetHints":{"allow":["GET"]}}],"collection":[{"href":"https:\/\/atecordoba.org\/index.php?rest_route=\/wp\/v2\/posts"}],"about":[{"href":"https:\/\/atecordoba.org\/index.php?rest_route=\/wp\/v2\/types\/post"}],"author":[{"embeddable":true,"href":"https:\/\/atecordoba.org\/index.php?rest_route=\/wp\/v2\/users\/3"}],"replies":[{"embeddable":true,"href":"https:\/\/atecordoba.org\/index.php?rest_route=%2Fwp%2Fv2%2Fcomments&post=41395"}],"version-history":[{"count":1,"href":"https:\/\/atecordoba.org\/index.php?rest_route=\/wp\/v2\/posts\/41395\/revisions"}],"predecessor-version":[{"id":41409,"href":"https:\/\/atecordoba.org\/index.php?rest_route=\/wp\/v2\/posts\/41395\/revisions\/41409"}],"wp:featuredmedia":[{"embeddable":true,"href":"https:\/\/atecordoba.org\/index.php?rest_route=\/wp\/v2\/media\/41407"}],"wp:attachment":[{"href":"https:\/\/atecordoba.org\/index.php?rest_route=%2Fwp%2Fv2%2Fmedia&parent=41395"}],"wp:term":[{"taxonomy":"category","embeddable":true,"href":"https:\/\/atecordoba.org\/index.php?rest_route=%2Fwp%2Fv2%2Fcategories&post=41395"},{"taxonomy":"post_tag","embeddable":true,"href":"https:\/\/atecordoba.org\/index.php?rest_route=%2Fwp%2Fv2%2Ftags&post=41395"}],"curies":[{"name":"wp","href":"https:\/\/api.w.org\/{rel}","templated":true}]}}