{"id":41391,"date":"2024-01-30T09:37:16","date_gmt":"2024-01-30T12:37:16","guid":{"rendered":"https:\/\/atecordoba.org\/?p=41391"},"modified":"2024-01-30T10:06:31","modified_gmt":"2024-01-30T13:06:31","slug":"cordoba-sindicatos-y-organizaciones-sociales-convocan-a-marchar-contra-la-ley-omnibus","status":"publish","type":"post","link":"https:\/\/atecordoba.org\/?p=41391","title":{"rendered":"C\u00f3rdoba: Sindicatos y organizaciones sociales convocan a marchar el mi\u00e9rcoles 31 de Enero a las 18:00hs contra la Ley \u00d3mnibus"},"content":{"rendered":"\n<p>Organizaciones sindicales y piqueteras anunciaron movilizarse en rechazo al DNU y a la Ley \u00d3mnibus cuando \u00e9sta se trate en el Congreso. Tambi\u00e9n apuntaron contra el ajuste del Gobierno de Martin Llaryora. En ese sentido, realizaron una conferencia de prensa este lunes para abordar precisiones sobre la continuidad de las acciones de protesta.<\/p>\n\n\n\n<figure class=\"wp-block-image size-full\"><img loading=\"lazy\" decoding=\"async\" width=\"720\" height=\"540\" src=\"https:\/\/atecordoba.org\/wp-content\/uploads\/2024\/01\/423236971_774592901357293_7285701457331263150_n.jpg\" alt=\"\" class=\"wp-image-41392\" srcset=\"https:\/\/atecordoba.org\/wp-content\/uploads\/2024\/01\/423236971_774592901357293_7285701457331263150_n.jpg 720w, https:\/\/atecordoba.org\/wp-content\/uploads\/2024\/01\/423236971_774592901357293_7285701457331263150_n-300x225.jpg 300w\" sizes=\"auto, (max-width: 720px) 100vw, 720px\" \/><\/figure>\n\n\n\n<p>En la jornada, tomaron la palabra el Secretario General de la Uni\u00f3n de Educadores de la Provincia de C\u00f3rdoba (UEPC Capital), Franco Boczkowski; Javier Bracamonte, Secretario de Organizaci\u00f3n del Consejo Directivo Provincial (CDP) de la Asociaci\u00f3n Trabajadores del Estado (ATE-CTAA) C\u00f3rdoba; Lucas Felici, Secretario Gremial del Sindicato del Personal de Industrias Qu\u00edmicas y Petroqu\u00edmicas de R\u00edo Tercero (SPIQyP); Emanuel Berardo, del Polo Obrero; y Guillermo Castro, padre de Ezequiel Castro, v\u00edctima de violencia institucional.<\/p>\n\n\n\n<p>El denominador com\u00fan de las intervenciones fue el planteo de movilizar en simult\u00e1neo a la sesi\u00f3n en la que finalmente se tratar\u00e1 el proyecto reaccionario de Milei y sus socios. Sucede que el balance edel Paro del 24 de enero mostr\u00f3 que hay condiciones para rechazar una orientaci\u00f3n con la que el Gobierno descarga la crisis sobre el pueblo trabajador. Por eso es necesario construir un canal de intervenci\u00f3n popular.<\/p>\n\n\n\n<p>Las idas y vueltas en torno al dictamen de la Ley \u00d3mnibus dieron cuenta de que se pretende modificar el marco normativo del pa\u00eds para imponer un r\u00e9gimen de excepci\u00f3n en beneficio de las grandes patronales, y para hacer pasar una gran transferencia de recursos se criminaliza la protesta social para impedir y\/o castigar con c\u00e1rcel efectiva a quienes se movilicen y luchen contra este orden de cosas.<\/p>\n\n\n\n<p>Bracamonte apunt\u00f3: \u201cPara nosotros, la unidad se da en las calles. Junto a referentes sindicales y sociales nos movilizaremos contra la Ley \u00d3mnibus y el DNU. Le decimos no al Protocolo Antimarchas, basta de violencia institucional y rechazamos la delegaci\u00f3n de superpoderes al Presidente Milei\u201d.<\/p>\n\n\n\n<p><strong>Fuente: www.prensaobrera.com<\/strong><\/p>\n","protected":false},"excerpt":{"rendered":"<p>Organizaciones sindicales y piqueteras anunciaron movilizarse en rechazo al DNU y a la Ley \u00d3mnibus cuando \u00e9sta se trate en el Congreso. Tambi\u00e9n apuntaron contra el ajuste del Gobierno de Martin Llaryora. En ese sentido, realizaron una conferencia de prensa este lunes para abordar precisiones sobre la continuidad de las acciones de protesta. En la [&hellip;]<\/p>\n","protected":false},"author":3,"featured_media":41392,"comment_status":"open","ping_status":"open","sticky":false,"template":"","format":"standard","meta":{"_exactmetrics_skip_tracking":false,"_exactmetrics_sitenote_active":false,"_exactmetrics_sitenote_note":"","_exactmetrics_sitenote_category":0,"jnews-multi-image_gallery":[],"jnews_single_post":{"subtitle":"","format":"standard","video":"","gallery":"","source_name":"","source_url":"","via_name":"","via_url":"","override_template":"0","override":[{"template":"1","single_blog_custom":"","parallax":"1","fullscreen":"1","layout":"no-sidebar-narrow","sidebar":"default-sidebar","second_sidebar":"default-sidebar","sticky_sidebar":"1","share_position":"bottom","share_float_style":"share-monocrhome","show_share_counter":"1","show_view_counter":"1","show_featured":"0","show_post_meta":"1","show_post_author":"0","show_post_author_image":"1","show_post_date":"1","post_date_format":"default","post_date_format_custom":"Y\/m\/d","show_post_category":"1","show_post_reading_time":"0","post_reading_time_wpm":"300","show_zoom_button":"0","zoom_button_out_step":"2","zoom_button_in_step":"3","show_post_tag":"1","show_prev_next_post":"0","show_popup_post":"0","number_popup_post":"1","show_author_box":"0","show_post_related":"1","show_inline_post_related":"0"}],"override_image_size":"0","image_override":[{"single_post_thumbnail_size":"crop-500","single_post_gallery_size":"crop-500"}],"trending_post":"0","trending_post_position":"meta","trending_post_label":"Trending","sponsored_post":"0","sponsored_post_label":"Sponsored by","sponsored_post_name":"","sponsored_post_url":"","sponsored_post_logo_enable":"0","sponsored_post_logo":"","sponsored_post_desc":"","disable_ad":"0"},"jnews_primary_category":{"id":"","hide":""},"jnews_social_meta":{"fb_title":"","fb_description":"","fb_image":"","twitter_title":"","twitter_description":"","twitter_image":""},"jnews_review":[],"enable_review":"0","type":"percentage","name":"","summary":"","brand":"","sku":"","good":[{"good_text":""}],"bad":[{"bad_text":""}],"score_override":"","override_value":"","rating":[{"rating_text":"","rating_number":"10"}],"price":[{"shop":"","price":"","link":"","icon":""}],"jnews_override_counter":{"override_view_counter":"0","view_counter_number":"0","override_share_counter":"0","share_counter_number":"0","override_like_counter":"0","like_counter_number":"0","override_dislike_counter":"0","dislike_counter_number":"0"},"jnews_post_split":{"enable_post_split":"0","post_split":[{"template":"1","tag":"h2","numbering":"asc","mode":"normal","first":"0","enable_toc":"0","toc_type":"normal"}]},"footnotes":""},"categories":[10],"tags":[],"class_list":["post-41391","post","type-post","status-publish","format-standard","has-post-thumbnail","hentry","category-accion-politica"],"jetpack_featured_media_url":"https:\/\/atecordoba.org\/wp-content\/uploads\/2024\/01\/423236971_774592901357293_7285701457331263150_n.jpg","_links":{"self":[{"href":"https:\/\/atecordoba.org\/index.php?rest_route=\/wp\/v2\/posts\/41391","targetHints":{"allow":["GET"]}}],"collection":[{"href":"https:\/\/atecordoba.org\/index.php?rest_route=\/wp\/v2\/posts"}],"about":[{"href":"https:\/\/atecordoba.org\/index.php?rest_route=\/wp\/v2\/types\/post"}],"author":[{"embeddable":true,"href":"https:\/\/atecordoba.org\/index.php?rest_route=\/wp\/v2\/users\/3"}],"replies":[{"embeddable":true,"href":"https:\/\/atecordoba.org\/index.php?rest_route=%2Fwp%2Fv2%2Fcomments&post=41391"}],"version-history":[{"count":2,"href":"https:\/\/atecordoba.org\/index.php?rest_route=\/wp\/v2\/posts\/41391\/revisions"}],"predecessor-version":[{"id":41394,"href":"https:\/\/atecordoba.org\/index.php?rest_route=\/wp\/v2\/posts\/41391\/revisions\/41394"}],"wp:featuredmedia":[{"embeddable":true,"href":"https:\/\/atecordoba.org\/index.php?rest_route=\/wp\/v2\/media\/41392"}],"wp:attachment":[{"href":"https:\/\/atecordoba.org\/index.php?rest_route=%2Fwp%2Fv2%2Fmedia&parent=41391"}],"wp:term":[{"taxonomy":"category","embeddable":true,"href":"https:\/\/atecordoba.org\/index.php?rest_route=%2Fwp%2Fv2%2Fcategories&post=41391"},{"taxonomy":"post_tag","embeddable":true,"href":"https:\/\/atecordoba.org\/index.php?rest_route=%2Fwp%2Fv2%2Ftags&post=41391"}],"curies":[{"name":"wp","href":"https:\/\/api.w.org\/{rel}","templated":true}]}}