{"id":41379,"date":"2024-01-29T14:23:54","date_gmt":"2024-01-29T17:23:54","guid":{"rendered":"https:\/\/atecordoba.org\/?p=41379"},"modified":"2024-01-29T14:26:53","modified_gmt":"2024-01-29T17:26:53","slug":"alertan-que-peligran-2-millones-de-puestos-de-trabajo-si-milei-desfinancia-a-las-provincias","status":"publish","type":"post","link":"https:\/\/atecordoba.org\/?p=41379","title":{"rendered":"Alertan que peligran 2 millones de puestos de trabajo si Milei desfinancia a las provincias"},"content":{"rendered":"\n<figure class=\"wp-block-image size-large is-resized\"><img loading=\"lazy\" decoding=\"async\" src=\"https:\/\/atecordoba.org\/wp-content\/uploads\/2024\/01\/WhatsApp-Image-2024-01-26-at-17.34.12-1536x1024-1-1024x683.jpeg\" alt=\"\" class=\"wp-image-41380\" width=\"512\" height=\"342\" srcset=\"https:\/\/atecordoba.org\/wp-content\/uploads\/2024\/01\/WhatsApp-Image-2024-01-26-at-17.34.12-1536x1024-1-1024x683.jpeg 1024w, https:\/\/atecordoba.org\/wp-content\/uploads\/2024\/01\/WhatsApp-Image-2024-01-26-at-17.34.12-1536x1024-1-300x200.jpeg 300w, https:\/\/atecordoba.org\/wp-content\/uploads\/2024\/01\/WhatsApp-Image-2024-01-26-at-17.34.12-1536x1024-1-768x512.jpeg 768w, https:\/\/atecordoba.org\/wp-content\/uploads\/2024\/01\/WhatsApp-Image-2024-01-26-at-17.34.12-1536x1024-1-750x500.jpeg 750w, https:\/\/atecordoba.org\/wp-content\/uploads\/2024\/01\/WhatsApp-Image-2024-01-26-at-17.34.12-1536x1024-1-1140x760.jpeg 1140w, https:\/\/atecordoba.org\/wp-content\/uploads\/2024\/01\/WhatsApp-Image-2024-01-26-at-17.34.12-1536x1024-1.jpeg 1536w\" sizes=\"auto, (max-width: 512px) 100vw, 512px\" \/><\/figure>\n\n\n\n<p>El Secretario General de ATE, Rodolfo Aguiar,&nbsp;alert\u00f3 que las amenazas del Presidente de la Naci\u00f3n,&nbsp;Javier&nbsp;Milei,&nbsp;de \u201cfundir a las provincias\u201d, ponen en riesgo \u201ca m\u00e1s de 2 millones de puestos de trabajo\u201d en el sector p\u00fablico.<\/p>\n\n\n\n<p>Aguiar pidi\u00f3 que los gobernadores tengan \u201ccoraje\u201d frente a las presiones del Ejecutivo Nacional,&nbsp;\u201cen defensa de sus provincias no cedan. Su cobard\u00eda puede extinguir el federalismo en nuestro pa\u00eds\u201d, afirm\u00f3.<\/p>\n\n\n\n<p>El dirigente de los estatales remarc\u00f3 que&nbsp;\u201cfrente a la amenaza del Presidente de desfinanciar a las provincias, son m\u00e1s de 2 millones los puestos de trabajo en el sector p\u00fablico que est\u00e1n en riesgo\u201d, sostuvo y agreg\u00f3 que \u201cEstamos frente a un Gobierno que no s\u00f3lo persigue trabajadores, sino que tambi\u00e9n amenaza y extorsiona\u201d, advirti\u00f3.<\/p>\n\n\n\n<p>Desde ATE informaron que en el pa\u00eds hay m\u00e1s de&nbsp;3 millones y medio de trabajadores estatales, de los cuales 2 millones, corresponden a administraciones provinciales, mientras que el resto se compone de 716 mil al \u00e1mbito nacional y 500 a comunas y municipios.<\/p>\n\n\n\n<p>El dirigente gremial oriundo de R\u00edo Negro consider\u00f3 que&nbsp;\u201cla decisi\u00f3n de desfinanciar a las provincias pone en riesgo servicios esenciales como la salud, la educaci\u00f3n y otros destinados a las franjas sociales m\u00e1s vulnerables del pueblo\u201d.<\/p>\n\n\n\n<p>Aguiar se refiri\u00f3 tambi\u00e9n a la ruptura del bloque de Uni\u00f3n por la Patria, luego de que 3 diputados tucumanos formar\u00e1n un nuevo bloque para votar a favor del dictamen del proyecto de ley \u201c\u00f3mnibus\u201d del oficialismo, por instrucci\u00f3n del gobernador,&nbsp;Osvaldo Jaldo.<\/p>\n\n\n\n<p>El l\u00edder de ATE sostuvo que&nbsp;<strong>\u201c<\/strong>los gobernadores no pueden caer en la l\u00f3gica que les propone el Ejecutivo Nacional de que cada uno salve su kiosco\u201d&nbsp;y agreg\u00f3, \u201ctenemos que pensar en todo el pueblo, y cada una de las medidas que se impulsan en la Ley \u00d3mnibus deteriorar\u00e1n de manera grave las condiciones de vida de todos, tanto trabajadores p\u00fablicos como privados, sectores populares y jubilados\u201d, explic\u00f3.<\/p>\n\n\n\n<p>Finalmente, el sindicalista asegur\u00f3, \u201ccada d\u00eda que pasa lo confirmamos m\u00e1s:&nbsp;este Gobierno es violento y persigue una sociedad sin Estado. Esta amenaza conduce a un s\u00f3lo camino y se transformar\u00e1 en un b\u00fameran porque son las provincias las que abastecen a todo el pa\u00eds de energ\u00eda, combustible, alimentos, y todos los insumos que se necesitan para la vida diaria\u201d, concluy\u00f3 Aguiar.<\/p>\n\n\n\n<p><strong>Fuente: www.mundogremial.com<\/strong><\/p>\n","protected":false},"excerpt":{"rendered":"<p>El Secretario General de ATE, Rodolfo Aguiar,&nbsp;alert\u00f3 que las amenazas del Presidente de la Naci\u00f3n,&nbsp;Javier&nbsp;Milei,&nbsp;de \u201cfundir a las provincias\u201d, ponen en riesgo \u201ca m\u00e1s de 2 millones de puestos de trabajo\u201d en el sector p\u00fablico. Aguiar pidi\u00f3 que los gobernadores tengan \u201ccoraje\u201d frente a las presiones del Ejecutivo Nacional,&nbsp;\u201cen defensa de sus provincias no cedan. [&hellip;]<\/p>\n","protected":false},"author":3,"featured_media":41380,"comment_status":"open","ping_status":"open","sticky":false,"template":"","format":"standard","meta":{"_exactmetrics_skip_tracking":false,"_exactmetrics_sitenote_active":false,"_exactmetrics_sitenote_note":"","_exactmetrics_sitenote_category":0,"jnews-multi-image_gallery":[],"jnews_single_post":{"subtitle":"","format":"standard","video":"","gallery":"","source_name":"","source_url":"","via_name":"","via_url":"","override_template":"0","override":[{"template":"1","single_blog_custom":"","parallax":"1","fullscreen":"1","layout":"no-sidebar-narrow","sidebar":"default-sidebar","second_sidebar":"default-sidebar","sticky_sidebar":"1","share_position":"bottom","share_float_style":"share-monocrhome","show_share_counter":"1","show_view_counter":"1","show_featured":"0","show_post_meta":"1","show_post_author":"0","show_post_author_image":"1","show_post_date":"1","post_date_format":"default","post_date_format_custom":"Y\/m\/d","show_post_category":"1","show_post_reading_time":"0","post_reading_time_wpm":"300","show_zoom_button":"0","zoom_button_out_step":"2","zoom_button_in_step":"3","show_post_tag":"1","show_prev_next_post":"0","show_popup_post":"0","number_popup_post":"1","show_author_box":"0","show_post_related":"1","show_inline_post_related":"0"}],"override_image_size":"0","image_override":[{"single_post_thumbnail_size":"crop-500","single_post_gallery_size":"crop-500"}],"trending_post":"0","trending_post_position":"meta","trending_post_label":"Trending","sponsored_post":"0","sponsored_post_label":"Sponsored by","sponsored_post_name":"","sponsored_post_url":"","sponsored_post_logo_enable":"0","sponsored_post_logo":"","sponsored_post_desc":"","disable_ad":"0"},"jnews_primary_category":{"id":"","hide":""},"jnews_social_meta":{"fb_title":"","fb_description":"","fb_image":"","twitter_title":"","twitter_description":"","twitter_image":""},"jnews_review":[],"enable_review":"0","type":"percentage","name":"","summary":"","brand":"","sku":"","good":[{"good_text":""}],"bad":[{"bad_text":""}],"score_override":"","override_value":"","rating":[{"rating_text":"","rating_number":"10"}],"price":[{"shop":"","price":"","link":"","icon":""}],"jnews_override_counter":{"override_view_counter":"0","view_counter_number":"0","override_share_counter":"0","share_counter_number":"0","override_like_counter":"0","like_counter_number":"0","override_dislike_counter":"0","dislike_counter_number":"0"},"jnews_post_split":{"enable_post_split":"0","post_split":[{"template":"1","tag":"h2","numbering":"asc","mode":"normal","first":"0","enable_toc":"0","toc_type":"normal"}]},"footnotes":""},"categories":[10],"tags":[],"class_list":["post-41379","post","type-post","status-publish","format-standard","has-post-thumbnail","hentry","category-accion-politica"],"jetpack_featured_media_url":"https:\/\/atecordoba.org\/wp-content\/uploads\/2024\/01\/WhatsApp-Image-2024-01-26-at-17.34.12-1536x1024-1.jpeg","_links":{"self":[{"href":"https:\/\/atecordoba.org\/index.php?rest_route=\/wp\/v2\/posts\/41379","targetHints":{"allow":["GET"]}}],"collection":[{"href":"https:\/\/atecordoba.org\/index.php?rest_route=\/wp\/v2\/posts"}],"about":[{"href":"https:\/\/atecordoba.org\/index.php?rest_route=\/wp\/v2\/types\/post"}],"author":[{"embeddable":true,"href":"https:\/\/atecordoba.org\/index.php?rest_route=\/wp\/v2\/users\/3"}],"replies":[{"embeddable":true,"href":"https:\/\/atecordoba.org\/index.php?rest_route=%2Fwp%2Fv2%2Fcomments&post=41379"}],"version-history":[{"count":2,"href":"https:\/\/atecordoba.org\/index.php?rest_route=\/wp\/v2\/posts\/41379\/revisions"}],"predecessor-version":[{"id":41382,"href":"https:\/\/atecordoba.org\/index.php?rest_route=\/wp\/v2\/posts\/41379\/revisions\/41382"}],"wp:featuredmedia":[{"embeddable":true,"href":"https:\/\/atecordoba.org\/index.php?rest_route=\/wp\/v2\/media\/41380"}],"wp:attachment":[{"href":"https:\/\/atecordoba.org\/index.php?rest_route=%2Fwp%2Fv2%2Fmedia&parent=41379"}],"wp:term":[{"taxonomy":"category","embeddable":true,"href":"https:\/\/atecordoba.org\/index.php?rest_route=%2Fwp%2Fv2%2Fcategories&post=41379"},{"taxonomy":"post_tag","embeddable":true,"href":"https:\/\/atecordoba.org\/index.php?rest_route=%2Fwp%2Fv2%2Ftags&post=41379"}],"curies":[{"name":"wp","href":"https:\/\/api.w.org\/{rel}","templated":true}]}}