{"id":41376,"date":"2024-01-29T14:22:17","date_gmt":"2024-01-29T17:22:17","guid":{"rendered":"https:\/\/atecordoba.org\/?p=41376"},"modified":"2024-01-29T14:22:18","modified_gmt":"2024-01-29T17:22:18","slug":"conicet-asamblea-abierta-y-olla-popular","status":"publish","type":"post","link":"https:\/\/atecordoba.org\/?p=41376","title":{"rendered":"CONICET: Asamblea Abierta y Olla Popular"},"content":{"rendered":"\n<figure class=\"wp-block-image size-full is-resized\"><img loading=\"lazy\" decoding=\"async\" src=\"https:\/\/atecordoba.org\/wp-content\/uploads\/2024\/01\/GEyfXOdW8AIqFmS.jpg\" alt=\"\" class=\"wp-image-41377\" width=\"340\" height=\"340\" srcset=\"https:\/\/atecordoba.org\/wp-content\/uploads\/2024\/01\/GEyfXOdW8AIqFmS.jpg 680w, https:\/\/atecordoba.org\/wp-content\/uploads\/2024\/01\/GEyfXOdW8AIqFmS-300x300.jpg 300w, https:\/\/atecordoba.org\/wp-content\/uploads\/2024\/01\/GEyfXOdW8AIqFmS-150x150.jpg 150w, https:\/\/atecordoba.org\/wp-content\/uploads\/2024\/01\/GEyfXOdW8AIqFmS-560x560.jpg 560w, https:\/\/atecordoba.org\/wp-content\/uploads\/2024\/01\/GEyfXOdW8AIqFmS-75x75.jpg 75w, https:\/\/atecordoba.org\/wp-content\/uploads\/2024\/01\/GEyfXOdW8AIqFmS-350x350.jpg 350w\" sizes=\"auto, (max-width: 340px) 100vw, 340px\" \/><\/figure>\n\n\n\n<p>Bajo el lema \u201cEn CONICET no sobra nadie\u201d, este martes se registrar\u00e1 una nueva concentraci\u00f3n de protesta del personal dependiente de ese Organismo en la ciudad de C\u00f3rdoba.<\/p>\n\n\n\n<p>\u201cLuego del Paro Nacional del 24 de enero y ante la finalizaci\u00f3n de los contratos de compa\u00f1eras y compa\u00f1eros despedidos y tratamiento en Diputados de la Ley \u00d3mnibus, nos organizamos.<\/p>\n\n\n\n<p>\u201cMartes 30 de enero en las escalinatas de la Facultad de Ciencias Exactas, F\u00edsicas y Naturales (FCEFYN) de la Universidad Nacional de C\u00f3rdoba (UNC), en Duarte Quir\u00f3s y V\u00e9lez Sarsfield, Asamblea Abierta a partir de las 10 horas\u201d, indica un comunicado gremial.<\/p>\n","protected":false},"excerpt":{"rendered":"<p>Bajo el lema \u201cEn CONICET no sobra nadie\u201d, este martes se registrar\u00e1 una nueva concentraci\u00f3n de protesta del personal dependiente de ese Organismo en la ciudad de C\u00f3rdoba. \u201cLuego del Paro Nacional del 24 de enero y ante la finalizaci\u00f3n de los contratos de compa\u00f1eras y compa\u00f1eros despedidos y tratamiento en Diputados de la Ley [&hellip;]<\/p>\n","protected":false},"author":3,"featured_media":41377,"comment_status":"open","ping_status":"open","sticky":false,"template":"","format":"standard","meta":{"_exactmetrics_skip_tracking":false,"_exactmetrics_sitenote_active":false,"_exactmetrics_sitenote_note":"","_exactmetrics_sitenote_category":0,"jnews-multi-image_gallery":[],"jnews_single_post":{"subtitle":"","format":"standard","video":"","gallery":"","source_name":"","source_url":"","via_name":"","via_url":"","override_template":"0","override":[{"template":"1","single_blog_custom":"","parallax":"1","fullscreen":"1","layout":"no-sidebar-narrow","sidebar":"default-sidebar","second_sidebar":"default-sidebar","sticky_sidebar":"1","share_position":"bottom","share_float_style":"share-monocrhome","show_share_counter":"1","show_view_counter":"1","show_featured":"0","show_post_meta":"1","show_post_author":"0","show_post_author_image":"1","show_post_date":"1","post_date_format":"default","post_date_format_custom":"Y\/m\/d","show_post_category":"1","show_post_reading_time":"0","post_reading_time_wpm":"300","show_zoom_button":"0","zoom_button_out_step":"2","zoom_button_in_step":"3","show_post_tag":"1","show_prev_next_post":"0","show_popup_post":"0","number_popup_post":"1","show_author_box":"0","show_post_related":"1","show_inline_post_related":"0"}],"override_image_size":"0","image_override":[{"single_post_thumbnail_size":"crop-500","single_post_gallery_size":"crop-500"}],"trending_post":"0","trending_post_position":"meta","trending_post_label":"Trending","sponsored_post":"0","sponsored_post_label":"Sponsored by","sponsored_post_name":"","sponsored_post_url":"","sponsored_post_logo_enable":"0","sponsored_post_logo":"","sponsored_post_desc":"","disable_ad":"0"},"jnews_primary_category":{"id":"","hide":""},"jnews_social_meta":{"fb_title":"","fb_description":"","fb_image":"","twitter_title":"","twitter_description":"","twitter_image":""},"jnews_review":[],"enable_review":"0","type":"percentage","name":"","summary":"","brand":"","sku":"","good":[{"good_text":""}],"bad":[{"bad_text":""}],"score_override":"","override_value":"","rating":[{"rating_text":"","rating_number":"10"}],"price":[{"shop":"","price":"","link":"","icon":""}],"jnews_override_counter":{"override_view_counter":"0","view_counter_number":"0","override_share_counter":"0","share_counter_number":"0","override_like_counter":"0","like_counter_number":"0","override_dislike_counter":"0","dislike_counter_number":"0"},"jnews_post_split":{"enable_post_split":"0","post_split":[{"template":"1","tag":"h2","numbering":"asc","mode":"normal","first":"0","enable_toc":"0","toc_type":"normal"}]},"footnotes":""},"categories":[18],"tags":[],"class_list":["post-41376","post","type-post","status-publish","format-standard","has-post-thumbnail","hentry","category-nacionales"],"jetpack_featured_media_url":"https:\/\/atecordoba.org\/wp-content\/uploads\/2024\/01\/GEyfXOdW8AIqFmS.jpg","_links":{"self":[{"href":"https:\/\/atecordoba.org\/index.php?rest_route=\/wp\/v2\/posts\/41376","targetHints":{"allow":["GET"]}}],"collection":[{"href":"https:\/\/atecordoba.org\/index.php?rest_route=\/wp\/v2\/posts"}],"about":[{"href":"https:\/\/atecordoba.org\/index.php?rest_route=\/wp\/v2\/types\/post"}],"author":[{"embeddable":true,"href":"https:\/\/atecordoba.org\/index.php?rest_route=\/wp\/v2\/users\/3"}],"replies":[{"embeddable":true,"href":"https:\/\/atecordoba.org\/index.php?rest_route=%2Fwp%2Fv2%2Fcomments&post=41376"}],"version-history":[{"count":1,"href":"https:\/\/atecordoba.org\/index.php?rest_route=\/wp\/v2\/posts\/41376\/revisions"}],"predecessor-version":[{"id":41378,"href":"https:\/\/atecordoba.org\/index.php?rest_route=\/wp\/v2\/posts\/41376\/revisions\/41378"}],"wp:featuredmedia":[{"embeddable":true,"href":"https:\/\/atecordoba.org\/index.php?rest_route=\/wp\/v2\/media\/41377"}],"wp:attachment":[{"href":"https:\/\/atecordoba.org\/index.php?rest_route=%2Fwp%2Fv2%2Fmedia&parent=41376"}],"wp:term":[{"taxonomy":"category","embeddable":true,"href":"https:\/\/atecordoba.org\/index.php?rest_route=%2Fwp%2Fv2%2Fcategories&post=41376"},{"taxonomy":"post_tag","embeddable":true,"href":"https:\/\/atecordoba.org\/index.php?rest_route=%2Fwp%2Fv2%2Ftags&post=41376"}],"curies":[{"name":"wp","href":"https:\/\/api.w.org\/{rel}","templated":true}]}}