{"id":41370,"date":"2024-01-29T13:52:45","date_gmt":"2024-01-29T16:52:45","guid":{"rendered":"https:\/\/atecordoba.org\/?p=41370"},"modified":"2024-01-29T15:37:04","modified_gmt":"2024-01-29T18:37:04","slug":"anisacate-dos-nuevas-reincorporaciones-luego-de-una-nueva-jornada-de-negociacion","status":"publish","type":"post","link":"https:\/\/atecordoba.org\/?p=41370","title":{"rendered":"Anisacate: Dos reincorporaciones luego de una nueva jornada de negociaci\u00f3n"},"content":{"rendered":"\n<p>Se trata de dos trabajadores que hab\u00edan sido despedidos tras la asunci\u00f3n de la actual gesti\u00f3n municipal.<\/p>\n\n\n\n<figure class=\"wp-block-image size-large is-resized\"><img loading=\"lazy\" decoding=\"async\" src=\"https:\/\/atecordoba.org\/wp-content\/uploads\/2024\/01\/WhatsApp-Image-2024-01-29-at-2.47.59-PM-1-1024x770.jpeg\" alt=\"\" class=\"wp-image-41389\" width=\"512\" height=\"385\" srcset=\"https:\/\/atecordoba.org\/wp-content\/uploads\/2024\/01\/WhatsApp-Image-2024-01-29-at-2.47.59-PM-1-1024x770.jpeg 1024w, https:\/\/atecordoba.org\/wp-content\/uploads\/2024\/01\/WhatsApp-Image-2024-01-29-at-2.47.59-PM-1-300x226.jpeg 300w, https:\/\/atecordoba.org\/wp-content\/uploads\/2024\/01\/WhatsApp-Image-2024-01-29-at-2.47.59-PM-1-768x578.jpeg 768w, https:\/\/atecordoba.org\/wp-content\/uploads\/2024\/01\/WhatsApp-Image-2024-01-29-at-2.47.59-PM-1-750x564.jpeg 750w, https:\/\/atecordoba.org\/wp-content\/uploads\/2024\/01\/WhatsApp-Image-2024-01-29-at-2.47.59-PM-1-1140x858.jpeg 1140w, https:\/\/atecordoba.org\/wp-content\/uploads\/2024\/01\/WhatsApp-Image-2024-01-29-at-2.47.59-PM-1.jpeg 1280w\" sizes=\"auto, (max-width: 512px) 100vw, 512px\" \/><\/figure>\n\n\n\n<p>En una audiencia realizada hoy en la Oficina de delegaciones regionales del Ministerio de Trabajo de la provincia de C\u00f3rdoba , ATE y la Municipalidad de Anisacate acordaron dos nuevas reincorporaciones <a href=\"https:\/\/atecordoba.org\/?p=40659\" data-type=\"URL\" data-id=\"https:\/\/atecordoba.org\/?p=40659\">tras el conflicto gremial que surgi\u00f3 en diciembre pasado, cuando la intendenta Natalia Contini orden\u00f3 una ola de despidos en la localidad del Valle de Paravachasca.<\/a><\/p>\n\n\n\n<p>En la ocasi\u00f3n, encabez\u00f3 la comitiva de ATE nuestro secretario Gremial Jorge Chalup, acompa\u00f1ado por las delegadas Isabel M\u00e1rquez y Anal\u00eda Guerrero acompa\u00f1ados por el abogado Eugenio Biafore. En tanto, desde la intendencia de Anisacate se presentaron los asesores letrados Eduardo Ordo\u00f1ez, Mar\u00eda Agustina Pasi y Carina Ruggeri.<\/p>\n\n\n\n<p>Las y los reincorporados son: Alejandra Andre Alefirowierz y Leonel Exequiel Giorgio.<\/p>\n\n\n\n<p>En el cierre de la audiencia, la autoridad administrativa de trabajo dispuso a las partes a continuar dialogando por lo que se pasa a un cuarto intermedio hasta que alguna de las partes inste o solicite una nueva audiencia.<\/p>\n\n\n\n<figure class=\"wp-block-image size-large is-resized\"><img loading=\"lazy\" decoding=\"async\" src=\"https:\/\/atecordoba.org\/wp-content\/uploads\/2024\/01\/WhatsApp-Image-2024-01-29-at-12.57.15-PM-1-771x1024.jpeg\" alt=\"\" class=\"wp-image-41387\" width=\"578\" height=\"768\" srcset=\"https:\/\/atecordoba.org\/wp-content\/uploads\/2024\/01\/WhatsApp-Image-2024-01-29-at-12.57.15-PM-1-771x1024.jpeg 771w, https:\/\/atecordoba.org\/wp-content\/uploads\/2024\/01\/WhatsApp-Image-2024-01-29-at-12.57.15-PM-1-226x300.jpeg 226w, https:\/\/atecordoba.org\/wp-content\/uploads\/2024\/01\/WhatsApp-Image-2024-01-29-at-12.57.15-PM-1-768x1021.jpeg 768w, https:\/\/atecordoba.org\/wp-content\/uploads\/2024\/01\/WhatsApp-Image-2024-01-29-at-12.57.15-PM-1-1156x1536.jpeg 1156w, https:\/\/atecordoba.org\/wp-content\/uploads\/2024\/01\/WhatsApp-Image-2024-01-29-at-12.57.15-PM-1-750x997.jpeg 750w, https:\/\/atecordoba.org\/wp-content\/uploads\/2024\/01\/WhatsApp-Image-2024-01-29-at-12.57.15-PM-1-1140x1515.jpeg 1140w, https:\/\/atecordoba.org\/wp-content\/uploads\/2024\/01\/WhatsApp-Image-2024-01-29-at-12.57.15-PM-1-rotated.jpeg 1204w\" sizes=\"auto, (max-width: 578px) 100vw, 578px\" \/><\/figure>\n\n\n\n<p><a href=\"http:\/\/www.facebook.com\/sharer.php?u=https%3A%2F%2Fatecordoba.org%2F%3Fp%3D41197\"><\/a><\/p>\n","protected":false},"excerpt":{"rendered":"<p>Se trata de dos trabajadores que hab\u00edan sido despedidos tras la asunci\u00f3n de la actual gesti\u00f3n municipal. En una audiencia realizada hoy en la Oficina de delegaciones regionales del Ministerio de Trabajo de la provincia de C\u00f3rdoba , ATE y la Municipalidad de Anisacate acordaron dos nuevas reincorporaciones tras el conflicto gremial que surgi\u00f3 en [&hellip;]<\/p>\n","protected":false},"author":3,"featured_media":41389,"comment_status":"open","ping_status":"open","sticky":false,"template":"","format":"standard","meta":{"_exactmetrics_skip_tracking":false,"_exactmetrics_sitenote_active":false,"_exactmetrics_sitenote_note":"","_exactmetrics_sitenote_category":0,"jnews-multi-image_gallery":[],"jnews_single_post":{"subtitle":"","format":"standard","video":"","gallery":"","source_name":"","source_url":"","via_name":"","via_url":"","override_template":"0","override":[{"template":"1","single_blog_custom":"","parallax":"1","fullscreen":"1","layout":"no-sidebar-narrow","sidebar":"default-sidebar","second_sidebar":"default-sidebar","sticky_sidebar":"1","share_position":"bottom","share_float_style":"share-monocrhome","show_share_counter":"1","show_view_counter":"1","show_featured":"0","show_post_meta":"1","show_post_author":"0","show_post_author_image":"1","show_post_date":"1","post_date_format":"default","post_date_format_custom":"Y\/m\/d","show_post_category":"1","show_post_reading_time":"0","post_reading_time_wpm":"300","show_zoom_button":"0","zoom_button_out_step":"2","zoom_button_in_step":"3","show_post_tag":"1","show_prev_next_post":"0","show_popup_post":"0","number_popup_post":"1","show_author_box":"0","show_post_related":"1","show_inline_post_related":"0"}],"override_image_size":"0","image_override":[{"single_post_thumbnail_size":"crop-500","single_post_gallery_size":"crop-500"}],"trending_post":"0","trending_post_position":"meta","trending_post_label":"Trending","sponsored_post":"0","sponsored_post_label":"Sponsored by","sponsored_post_name":"","sponsored_post_url":"","sponsored_post_logo_enable":"0","sponsored_post_logo":"","sponsored_post_desc":"","disable_ad":"0"},"jnews_primary_category":{"id":"","hide":""},"jnews_social_meta":{"fb_title":"","fb_description":"","fb_image":"","twitter_title":"","twitter_description":"","twitter_image":""},"jnews_review":[],"enable_review":"0","type":"percentage","name":"","summary":"","brand":"","sku":"","good":[{"good_text":""}],"bad":[{"bad_text":""}],"score_override":"","override_value":"","rating":[{"rating_text":"","rating_number":"10"}],"price":[{"shop":"","price":"","link":"","icon":""}],"jnews_override_counter":{"override_view_counter":"0","view_counter_number":"0","override_share_counter":"0","share_counter_number":"0","override_like_counter":"0","like_counter_number":"0","override_dislike_counter":"0","dislike_counter_number":"0"},"jnews_post_split":{"enable_post_split":"0","post_split":[{"template":"1","tag":"h2","numbering":"asc","mode":"normal","first":"0","enable_toc":"0","toc_type":"normal"}]},"footnotes":""},"categories":[20],"tags":[],"class_list":["post-41370","post","type-post","status-publish","format-standard","has-post-thumbnail","hentry","category-municipales"],"jetpack_featured_media_url":"https:\/\/atecordoba.org\/wp-content\/uploads\/2024\/01\/WhatsApp-Image-2024-01-29-at-2.47.59-PM-1.jpeg","_links":{"self":[{"href":"https:\/\/atecordoba.org\/index.php?rest_route=\/wp\/v2\/posts\/41370","targetHints":{"allow":["GET"]}}],"collection":[{"href":"https:\/\/atecordoba.org\/index.php?rest_route=\/wp\/v2\/posts"}],"about":[{"href":"https:\/\/atecordoba.org\/index.php?rest_route=\/wp\/v2\/types\/post"}],"author":[{"embeddable":true,"href":"https:\/\/atecordoba.org\/index.php?rest_route=\/wp\/v2\/users\/3"}],"replies":[{"embeddable":true,"href":"https:\/\/atecordoba.org\/index.php?rest_route=%2Fwp%2Fv2%2Fcomments&post=41370"}],"version-history":[{"count":4,"href":"https:\/\/atecordoba.org\/index.php?rest_route=\/wp\/v2\/posts\/41370\/revisions"}],"predecessor-version":[{"id":41390,"href":"https:\/\/atecordoba.org\/index.php?rest_route=\/wp\/v2\/posts\/41370\/revisions\/41390"}],"wp:featuredmedia":[{"embeddable":true,"href":"https:\/\/atecordoba.org\/index.php?rest_route=\/wp\/v2\/media\/41389"}],"wp:attachment":[{"href":"https:\/\/atecordoba.org\/index.php?rest_route=%2Fwp%2Fv2%2Fmedia&parent=41370"}],"wp:term":[{"taxonomy":"category","embeddable":true,"href":"https:\/\/atecordoba.org\/index.php?rest_route=%2Fwp%2Fv2%2Fcategories&post=41370"},{"taxonomy":"post_tag","embeddable":true,"href":"https:\/\/atecordoba.org\/index.php?rest_route=%2Fwp%2Fv2%2Ftags&post=41370"}],"curies":[{"name":"wp","href":"https:\/\/api.w.org\/{rel}","templated":true}]}}