{"id":41337,"date":"2024-01-25T12:14:34","date_gmt":"2024-01-25T15:14:34","guid":{"rendered":"https:\/\/atecordoba.org\/?p=41337"},"modified":"2024-01-25T12:14:35","modified_gmt":"2024-01-25T15:14:35","slug":"hector-quagliaro-el-companero","status":"publish","type":"post","link":"https:\/\/atecordoba.org\/?p=41337","title":{"rendered":"H\u00e9ctor Quagliaro: El compa\u00f1ero"},"content":{"rendered":"\n<figure class=\"wp-block-image size-full\"><img loading=\"lazy\" decoding=\"async\" width=\"300\" height=\"400\" src=\"https:\/\/atecordoba.org\/wp-content\/uploads\/2024\/01\/hector-quagliaro.jpg\" alt=\"\" class=\"wp-image-41338\" srcset=\"https:\/\/atecordoba.org\/wp-content\/uploads\/2024\/01\/hector-quagliaro.jpg 300w, https:\/\/atecordoba.org\/wp-content\/uploads\/2024\/01\/hector-quagliaro-225x300.jpg 225w\" sizes=\"auto, (max-width: 300px) 100vw, 300px\" \/><\/figure>\n\n\n\n<p><strong>Por Le\u00f3nidas \u201cNoni\u201d Ceruti*<\/strong><\/p>\n\n\n\n<p><em>El 25 de enero de 2010 fallec\u00eda el querido y recordado compa\u00f1ero H\u00e9ctor Quagliaro.&nbsp;<\/em><\/p>\n\n\n\n<p>\u201cAgraviados en nuestra dignidad, heridos en nuestros derechos, despojados de nuestras conquistas, venimos a alzar en el punto donde otros las dejaron, viejas banderas de la lucha\u201d. Del Programa del 1\u00ba de Mayo de 1968 de la CGT de los Argentinos<\/p>\n\n\n\n<p>Si algo lo distingui\u00f3 fue su solidaridad, su militancia, pero sobre todo el ser compa\u00f1ero de los compa\u00f1eros\/as, de sus amigos y de su familia.<\/p>\n\n\n\n<p>La solidaridad la dio en los lugares de trabajo, en el sindicato, en cada lucha, en cada reclamo, con los trabajadores de otros gremios, con los estudiantes, con los perseguidos, con los presos, con cada necesitado de una mano.<\/p>\n\n\n\n<p>La militancia fue su vida, y por esa militancia, fue un activo protagonista de hechos hist\u00f3ricos del movimiento obrero y del pa\u00eds: Como la Resistencia Peronista, despu\u00e9s del golpe de los fusiladores, de las huelgas que enfrentaron los planes de ajuste, despidos y racionalizaci\u00f3n de Frondizi, de las tomas de f\u00e1bricas del Plan de Lucha del 63, no dud\u00f3 en luchar contra las dictaduras de Ongan\u00eda, Levingston y Lanusse, no le sac\u00f3 el cuerpo cuando los caranchos genocidas de Videla, Massera y Mart\u00ednez de Hoz, se paseaban por el pa\u00eds, y posteriormente en los a\u00f1os 90, las calles y rutas lo vieron hacer frente junto a miles de compa\u00f1eros\/as a las pol\u00edticas neoliberales del \u201cMenemismo\u201d.<\/p>\n\n\n\n<p>Fue sobre todo compa\u00f1ero de los compa\u00f1eros\/as, siempre dispuesto a reunirse con todos, a sacar experiencias de cada lucha, de trasmitirlas a los m\u00e1s j\u00f3venes, de organizar y participar.<\/p>\n\n\n\n<p>Por eso desde muy joven estuvo codo a codo con ellos. A los 20 a\u00f1os ingres\u00f3 en los talleres del Ministerio de Obras P\u00fablicas de la Naci\u00f3n, y as\u00ed recorri\u00f3 toda su existencia hasta sus \u00faltimos d\u00edas cuando era Presidente del Centro Nacional de Jubilados de ATE y de la Federaci\u00f3n de Jubilados de la CTA.<\/p>\n\n\n\n<p>En 1957 particip\u00f3 del Congreso de la Lista Azul de ATE y al a\u00f1o siguiente de la fundaci\u00f3n de la Lista Unidad y Acci\u00f3n de la ATE y de la huelga de los trabajadores del Ministerio de Obras P\u00fablicas, conflicto que lo encontr\u00f3 como delegado sindical. Fue electo Secretario General de ATE Rosario en el a\u00f1o 1959 siendo reelecto en 1961 e integra las 62 Organizaciones (Pre-vandoristas) de donde surgieron los documentos de La Falda (1957) y Huerta Grande (1962).<\/p>\n\n\n\n<p>Luego, durante 1963 fue electo por primera vez Secretario General de la CGT Rosario, y organiza el \u201cOperativo 7\u201d en el cord\u00f3n industrial Villa Constituci\u00f3n-Puerto San Mart\u00edn, destac\u00e1ndose las f\u00e1bricas tomadas en defensa de las fuentes de trabajo, integrando las 62 Organizaciones de Pie, en clara oposici\u00f3n al denominado \u201cneoperonismo\u201d que respond\u00eda a Augusto Timoteo Vandor.<\/p>\n\n\n\n<p>Ser\u00e1 uno de los principales dirigentes de la hist\u00f3rica CGT de los Argentinos (CGTA). A comienzos de Abril de 1968, lider\u00f3 a un sector del movimiento obrero de Rosario y del Cord\u00f3n Industrial, que lanzo una convocatoria titulada \u201cPor una CGT sin compromisos o ataduras espurias\u201d en donde se afirmaba: \u201cAsumimos la responsabilidad que el momento nos exige, UNIR en torno a esta Regional de la CGT, a todos los que, sin compromisos o ataduras espurias, entendemos que a los trabajadores se los arma de fe y de ansias de lucha, con posiciones claras, que no dividen, sino que unifican y sirven para hacer surgir dirigentes leales a las ideas e intereses del pueblo trabajador\u201d.<\/p>\n\n\n\n<p>Posteriormente, el 17 de ese mes, presidio un plenario de 27 gremios, que conformo la \u201cCGT de los Argentinos Regional Rosario\u201d, que adhiri\u00f3 a la central obrera que lideraba Raimundo Ongaro, aprobando lo resuelto en el congreso normalizador, siendo una de las regionales m\u00e1s combativas.<\/p>\n\n\n\n<p>La lucha contra la dictadura de Ongan\u00eda, lo llevo a ser dirigente, organizador y part\u00edcipe de los \u201cRosariazos\u201d de mayo y septiembre de 1969.<\/p>\n\n\n\n<p>Por su militancia supo de persecuciones, despidos, y lo que es la clandestinidad. Fue cesanteado en septiembre del a\u00f1o 1976 por la dictadura militar y en diciembre del mismo a\u00f1o separado de la conducci\u00f3n nacional de ATE, siendo expulsado del gremio en un congreso fraudulento. Luego gener\u00f3 espacios de resistencia civil a la dictadura militar, junto a j\u00f3venes militantes sindicales y pol\u00edticos como Germ\u00e1n Abdala y V\u00edctor De Gennaro organizando la Agrupaci\u00f3n Nacional de ATE (ANUSATE), agrupaci\u00f3n que en el a\u00f1o 1984 recuper\u00f3 la conducci\u00f3n nacional de la Asociaci\u00f3n Trabajadores del Estado.<\/p>\n\n\n\n<p>En el a\u00f1o 1985 es reincorporado a su antiguo puesto de trabajo en el Distrito Inferior de la Direcci\u00f3n Nacional de Construcciones Portuarias y V\u00edas Navegables. En el mismo a\u00f1o es designado Director de la Escuela de Capacitaci\u00f3n Sindical de ATE. En 1987 es elegido Secretario General de ATE, cargo en el que fue reelecto hasta el a\u00f1o 1999. Fue un activo participante de la construcci\u00f3n de una nueva experiencia sindical, como lo es la Central de Trabajadores Argentinos, e impulsando la Constituyente Social.<\/p>\n\n\n\n<p>Como hombre \u00edntegro que fue, \u201cnada de lo humano le era ajeno\u201d, por eso su amor por su familia, por su esposa In\u00e9s, sus hijos Leticia y H\u00e9ctor y sus nietos, Franco, Santiago, Lautaro, Genaro y Paulo. Por eso su pasi\u00f3n por el f\u00fatbol, que lo llev\u00f3 a ser jugador y ferviente hincha de su club Rosario Central.<\/p>\n\n\n\n<p>De Gennaro, siempre ha destacado el acompa\u00f1amiento familiar en la lucha sindical. \u201cElla nos esperaba con olor a milanesa, cuando volv\u00edamos de recorrer el pa\u00eds para pelear contra la dictadura. Quagliaro es Quagliaro tambi\u00e9n por In\u00e9s. Esa esencial coherencia de ser un ser humano completo es el orgullo que sentimos hoy por \u00e9l, que hoy permite que su nieto en el futuro sepa que hay fortalezas que no se pueden abandonar\u201d.<\/p>\n\n\n\n<p>Vivi\u00f3 su vida de militancia, solidaridad y compa\u00f1ero, con tanta intensidad, que en el \u00faltimo a\u00f1o de su vida, all\u00e1 por el 2009, particip\u00f3 con la energ\u00eda de un joven en cada uno de los actos organizados por los \u201c40 A\u00f1os de los Rosariazos\u201d, y de las tareas como Presidente del Centro Nacional de Jubilados y Pensionados de ATE y de la Federaci\u00f3n de Jubilados de la CTA.<\/p>\n\n\n\n<p><strong>*Historiador<\/strong><\/p>\n","protected":false},"excerpt":{"rendered":"<p>Por Le\u00f3nidas \u201cNoni\u201d Ceruti* El 25 de enero de 2010 fallec\u00eda el querido y recordado compa\u00f1ero H\u00e9ctor Quagliaro.&nbsp; \u201cAgraviados en nuestra dignidad, heridos en nuestros derechos, despojados de nuestras conquistas, venimos a alzar en el punto donde otros las dejaron, viejas banderas de la lucha\u201d. Del Programa del 1\u00ba de Mayo de 1968 de la [&hellip;]<\/p>\n","protected":false},"author":3,"featured_media":41339,"comment_status":"open","ping_status":"open","sticky":false,"template":"","format":"standard","meta":{"_exactmetrics_skip_tracking":false,"_exactmetrics_sitenote_active":false,"_exactmetrics_sitenote_note":"","_exactmetrics_sitenote_category":0,"jnews-multi-image_gallery":[],"jnews_single_post":{"subtitle":"","format":"standard","video":"","gallery":"","source_name":"","source_url":"","via_name":"","via_url":"","override_template":"0","override":[{"template":"1","single_blog_custom":"","parallax":"1","fullscreen":"1","layout":"no-sidebar-narrow","sidebar":"default-sidebar","second_sidebar":"default-sidebar","sticky_sidebar":"1","share_position":"bottom","share_float_style":"share-monocrhome","show_share_counter":"1","show_view_counter":"1","show_featured":"0","show_post_meta":"1","show_post_author":"0","show_post_author_image":"1","show_post_date":"1","post_date_format":"default","post_date_format_custom":"Y\/m\/d","show_post_category":"1","show_post_reading_time":"0","post_reading_time_wpm":"300","show_zoom_button":"0","zoom_button_out_step":"2","zoom_button_in_step":"3","show_post_tag":"1","show_prev_next_post":"0","show_popup_post":"0","number_popup_post":"1","show_author_box":"0","show_post_related":"1","show_inline_post_related":"0"}],"override_image_size":"0","image_override":[{"single_post_thumbnail_size":"crop-500","single_post_gallery_size":"crop-500"}],"trending_post":"0","trending_post_position":"meta","trending_post_label":"Trending","sponsored_post":"0","sponsored_post_label":"Sponsored by","sponsored_post_name":"","sponsored_post_url":"","sponsored_post_logo_enable":"0","sponsored_post_logo":"","sponsored_post_desc":"","disable_ad":"0"},"jnews_primary_category":{"id":"","hide":""},"jnews_social_meta":{"fb_title":"","fb_description":"","fb_image":"","twitter_title":"","twitter_description":"","twitter_image":""},"jnews_review":[],"enable_review":"0","type":"percentage","name":"","summary":"","brand":"","sku":"","good":[{"good_text":""}],"bad":[{"bad_text":""}],"score_override":"","override_value":"","rating":[{"rating_text":"","rating_number":"10"}],"price":[{"shop":"","price":"","link":"","icon":""}],"jnews_override_counter":{"override_view_counter":"0","view_counter_number":"0","override_share_counter":"0","share_counter_number":"0","override_like_counter":"0","like_counter_number":"0","override_dislike_counter":"0","dislike_counter_number":"0"},"jnews_post_split":{"enable_post_split":"0","post_split":[{"template":"1","tag":"h2","numbering":"asc","mode":"normal","first":"0","enable_toc":"0","toc_type":"normal"}]},"footnotes":""},"categories":[10],"tags":[],"class_list":["post-41337","post","type-post","status-publish","format-standard","has-post-thumbnail","hentry","category-accion-politica"],"jetpack_featured_media_url":"https:\/\/atecordoba.org\/wp-content\/uploads\/2024\/01\/Quagliaro-2.jpg","_links":{"self":[{"href":"https:\/\/atecordoba.org\/index.php?rest_route=\/wp\/v2\/posts\/41337","targetHints":{"allow":["GET"]}}],"collection":[{"href":"https:\/\/atecordoba.org\/index.php?rest_route=\/wp\/v2\/posts"}],"about":[{"href":"https:\/\/atecordoba.org\/index.php?rest_route=\/wp\/v2\/types\/post"}],"author":[{"embeddable":true,"href":"https:\/\/atecordoba.org\/index.php?rest_route=\/wp\/v2\/users\/3"}],"replies":[{"embeddable":true,"href":"https:\/\/atecordoba.org\/index.php?rest_route=%2Fwp%2Fv2%2Fcomments&post=41337"}],"version-history":[{"count":1,"href":"https:\/\/atecordoba.org\/index.php?rest_route=\/wp\/v2\/posts\/41337\/revisions"}],"predecessor-version":[{"id":41340,"href":"https:\/\/atecordoba.org\/index.php?rest_route=\/wp\/v2\/posts\/41337\/revisions\/41340"}],"wp:featuredmedia":[{"embeddable":true,"href":"https:\/\/atecordoba.org\/index.php?rest_route=\/wp\/v2\/media\/41339"}],"wp:attachment":[{"href":"https:\/\/atecordoba.org\/index.php?rest_route=%2Fwp%2Fv2%2Fmedia&parent=41337"}],"wp:term":[{"taxonomy":"category","embeddable":true,"href":"https:\/\/atecordoba.org\/index.php?rest_route=%2Fwp%2Fv2%2Fcategories&post=41337"},{"taxonomy":"post_tag","embeddable":true,"href":"https:\/\/atecordoba.org\/index.php?rest_route=%2Fwp%2Fv2%2Ftags&post=41337"}],"curies":[{"name":"wp","href":"https:\/\/api.w.org\/{rel}","templated":true}]}}