{"id":41332,"date":"2024-01-25T12:08:54","date_gmt":"2024-01-25T15:08:54","guid":{"rendered":"https:\/\/atecordoba.org\/?p=41332"},"modified":"2024-01-25T13:09:19","modified_gmt":"2024-01-25T16:09:19","slug":"valle-de-anisacate-retencion-de-tareas-y-comunicado-de-nuestros-delegados-para-las-y-los-vecinos-de-la-comuna","status":"publish","type":"post","link":"https:\/\/atecordoba.org\/?p=41332","title":{"rendered":"Valle de Anisacate: Retenci\u00f3n de tareas, comunicado y posterior acuerdo con la comuna para la reincorporaci\u00f3n de trabajadores"},"content":{"rendered":"\n<p>Este es un logro que se da en el marco de las distintas jornadas de lucha que vienen realizando nuestros delegados en defensa de su estabilidad laboral.<\/p>\n\n\n\n<figure class=\"wp-block-image size-large\"><img loading=\"lazy\" decoding=\"async\" width=\"1024\" height=\"462\" src=\"https:\/\/atecordoba.org\/wp-content\/uploads\/2024\/01\/WhatsApp-Image-2024-01-25-at-12.01.37-PM-1-1024x462.jpeg\" alt=\"\" class=\"wp-image-41342\" srcset=\"https:\/\/atecordoba.org\/wp-content\/uploads\/2024\/01\/WhatsApp-Image-2024-01-25-at-12.01.37-PM-1-1024x462.jpeg 1024w, https:\/\/atecordoba.org\/wp-content\/uploads\/2024\/01\/WhatsApp-Image-2024-01-25-at-12.01.37-PM-1-300x135.jpeg 300w, https:\/\/atecordoba.org\/wp-content\/uploads\/2024\/01\/WhatsApp-Image-2024-01-25-at-12.01.37-PM-1-768x346.jpeg 768w, https:\/\/atecordoba.org\/wp-content\/uploads\/2024\/01\/WhatsApp-Image-2024-01-25-at-12.01.37-PM-1-750x338.jpeg 750w, https:\/\/atecordoba.org\/wp-content\/uploads\/2024\/01\/WhatsApp-Image-2024-01-25-at-12.01.37-PM-1-1140x514.jpeg 1140w, https:\/\/atecordoba.org\/wp-content\/uploads\/2024\/01\/WhatsApp-Image-2024-01-25-at-12.01.37-PM-1.jpeg 1280w\" sizes=\"auto, (max-width: 1024px) 100vw, 1024px\" \/><\/figure>\n\n\n\n<figure class=\"wp-block-image size-large is-resized\"><img loading=\"lazy\" decoding=\"async\" src=\"https:\/\/atecordoba.org\/wp-content\/uploads\/2024\/01\/WhatsApp-Image-2024-01-25-at-12.01.36-PM-1-576x1024.jpeg\" alt=\"\" class=\"wp-image-41345\" width=\"288\" height=\"512\" srcset=\"https:\/\/atecordoba.org\/wp-content\/uploads\/2024\/01\/WhatsApp-Image-2024-01-25-at-12.01.36-PM-1-576x1024.jpeg 576w, https:\/\/atecordoba.org\/wp-content\/uploads\/2024\/01\/WhatsApp-Image-2024-01-25-at-12.01.36-PM-1-169x300.jpeg 169w, https:\/\/atecordoba.org\/wp-content\/uploads\/2024\/01\/WhatsApp-Image-2024-01-25-at-12.01.36-PM-1-768x1365.jpeg 768w, https:\/\/atecordoba.org\/wp-content\/uploads\/2024\/01\/WhatsApp-Image-2024-01-25-at-12.01.36-PM-1-864x1536.jpeg 864w, https:\/\/atecordoba.org\/wp-content\/uploads\/2024\/01\/WhatsApp-Image-2024-01-25-at-12.01.36-PM-1-750x1333.jpeg 750w, https:\/\/atecordoba.org\/wp-content\/uploads\/2024\/01\/WhatsApp-Image-2024-01-25-at-12.01.36-PM-1.jpeg 900w\" sizes=\"auto, (max-width: 288px) 100vw, 288px\" \/><\/figure>\n\n\n\n<p>En la reuni\u00f3n del d\u00eda de hoy cercano al mediod\u00eda se realiz\u00f3 una reuni\u00f3n con el jefe comunal Nicol\u00e1s Merlo mientras que la seccional de ATE del Valle de Anisacate estuvo representada por Alejandro Charras, Javier L\u00f3pez y Rodrigo Peralta. En la misma se firm\u00f3 un acuerdo por la estabilidad laboral de los compa\u00f1eros que hab\u00edan sido desvinculados por la finalizaci\u00f3n de su contrato <strong>consiguiendo dos pases a planta permanente, un contrato en blanco y tres en la modalidad de monotributo.<\/strong><\/p>\n\n\n\n<figure class=\"wp-block-image size-large is-resized\"><img loading=\"lazy\" decoding=\"async\" src=\"https:\/\/atecordoba.org\/wp-content\/uploads\/2024\/01\/WhatsApp-Image-2024-01-25-at-12.02.48-PM-1-576x1024.jpeg\" alt=\"\" class=\"wp-image-41346\" width=\"144\" height=\"256\" srcset=\"https:\/\/atecordoba.org\/wp-content\/uploads\/2024\/01\/WhatsApp-Image-2024-01-25-at-12.02.48-PM-1-576x1024.jpeg 576w, https:\/\/atecordoba.org\/wp-content\/uploads\/2024\/01\/WhatsApp-Image-2024-01-25-at-12.02.48-PM-1-169x300.jpeg 169w, https:\/\/atecordoba.org\/wp-content\/uploads\/2024\/01\/WhatsApp-Image-2024-01-25-at-12.02.48-PM-1-768x1365.jpeg 768w, https:\/\/atecordoba.org\/wp-content\/uploads\/2024\/01\/WhatsApp-Image-2024-01-25-at-12.02.48-PM-1-864x1536.jpeg 864w, https:\/\/atecordoba.org\/wp-content\/uploads\/2024\/01\/WhatsApp-Image-2024-01-25-at-12.02.48-PM-1-750x1333.jpeg 750w, https:\/\/atecordoba.org\/wp-content\/uploads\/2024\/01\/WhatsApp-Image-2024-01-25-at-12.02.48-PM-1.jpeg 900w\" sizes=\"auto, (max-width: 144px) 100vw, 144px\" \/><\/figure>\n\n\n\n<p class=\"has-medium-font-size\"><strong>El desenlace esperado luego de varias jornadas de lucha:<\/strong><\/p>\n\n\n\n<p>Cabe destacar que este logro se concret\u00f3 gracias a las distintas asambleas, retenci\u00f3n de tareas y comunicados que generaron nuestros delegados en la localidad.<\/p>\n\n\n\n<figure class=\"wp-block-image size-large is-resized\"><img loading=\"lazy\" decoding=\"async\" src=\"https:\/\/atecordoba.org\/wp-content\/uploads\/2024\/01\/WhatsApp-Image-2024-01-22-at-8.02.32-PM-1-1024x1024.jpeg\" alt=\"\" class=\"wp-image-41347\" width=\"256\" height=\"256\" srcset=\"https:\/\/atecordoba.org\/wp-content\/uploads\/2024\/01\/WhatsApp-Image-2024-01-22-at-8.02.32-PM-1-1024x1024.jpeg 1024w, https:\/\/atecordoba.org\/wp-content\/uploads\/2024\/01\/WhatsApp-Image-2024-01-22-at-8.02.32-PM-1-300x300.jpeg 300w, https:\/\/atecordoba.org\/wp-content\/uploads\/2024\/01\/WhatsApp-Image-2024-01-22-at-8.02.32-PM-1-150x150.jpeg 150w, https:\/\/atecordoba.org\/wp-content\/uploads\/2024\/01\/WhatsApp-Image-2024-01-22-at-8.02.32-PM-1-768x768.jpeg 768w, https:\/\/atecordoba.org\/wp-content\/uploads\/2024\/01\/WhatsApp-Image-2024-01-22-at-8.02.32-PM-1-560x560.jpeg 560w, https:\/\/atecordoba.org\/wp-content\/uploads\/2024\/01\/WhatsApp-Image-2024-01-22-at-8.02.32-PM-1-75x75.jpeg 75w, https:\/\/atecordoba.org\/wp-content\/uploads\/2024\/01\/WhatsApp-Image-2024-01-22-at-8.02.32-PM-1-350x350.jpeg 350w, https:\/\/atecordoba.org\/wp-content\/uploads\/2024\/01\/WhatsApp-Image-2024-01-22-at-8.02.32-PM-1-750x750.jpeg 750w, https:\/\/atecordoba.org\/wp-content\/uploads\/2024\/01\/WhatsApp-Image-2024-01-22-at-8.02.32-PM-1.jpeg 1080w\" sizes=\"auto, (max-width: 256px) 100vw, 256px\" \/><\/figure>\n\n\n\n<p>Luego de tomar como medida retener sus tareas dentro de la comuna nuestros delegados realizaron este comunicado para evitar confusiones y rumores que circulaban dentro de la comunidad:<\/p>\n\n\n\n<figure class=\"wp-block-pullquote\"><blockquote><p>&#8220;Tras algunos rumores que hablan de diversas solicitudes por parte de nosotros, las y los trabajadores, aclaramos que:<br>Estamos exigiendo estabilidad laboral, lo cual es un derecho adquirido. De esta manera la incertidumbre mes a mes de renovaci\u00f3n de contrato y de quedarnos sin trabajo, podr\u00eda revertirse en un contexto econ\u00f3mico nacional tan desesperanzador<br>Ante esto es que estamos realizando retenci\u00f3n de tareas, la acci\u00f3n definida es reclamando estabilidad. Nunca hemos dicho que es por deuda salarial, ante esto nos encontramos a la espera de que el ejecutivo resuelva la situaci\u00f3n de manera favorable en un marco de negociaci\u00f3n.<br>Pedimos disculpas por los inconvenientes.<br>Saludamos las y los trabajadores nucleados en ATE&#8221;<\/p><\/blockquote><\/figure>\n","protected":false},"excerpt":{"rendered":"<p>Este es un logro que se da en el marco de las distintas jornadas de lucha que vienen realizando nuestros delegados en defensa de su estabilidad laboral. En la reuni\u00f3n del d\u00eda de hoy cercano al mediod\u00eda se realiz\u00f3 una reuni\u00f3n con el jefe comunal Nicol\u00e1s Merlo mientras que la seccional de ATE del Valle [&hellip;]<\/p>\n","protected":false},"author":3,"featured_media":41342,"comment_status":"open","ping_status":"open","sticky":false,"template":"","format":"standard","meta":{"_exactmetrics_skip_tracking":false,"_exactmetrics_sitenote_active":false,"_exactmetrics_sitenote_note":"","_exactmetrics_sitenote_category":0,"jnews-multi-image_gallery":[],"jnews_single_post":{"subtitle":"","format":"standard","video":"","gallery":"","source_name":"","source_url":"","via_name":"","via_url":"","override_template":"0","override":[{"template":"1","single_blog_custom":"","parallax":"1","fullscreen":"1","layout":"no-sidebar-narrow","sidebar":"default-sidebar","second_sidebar":"default-sidebar","sticky_sidebar":"1","share_position":"bottom","share_float_style":"share-monocrhome","show_share_counter":"1","show_view_counter":"1","show_featured":"0","show_post_meta":"1","show_post_author":"0","show_post_author_image":"1","show_post_date":"1","post_date_format":"default","post_date_format_custom":"Y\/m\/d","show_post_category":"1","show_post_reading_time":"0","post_reading_time_wpm":"300","show_zoom_button":"0","zoom_button_out_step":"2","zoom_button_in_step":"3","show_post_tag":"1","show_prev_next_post":"0","show_popup_post":"0","number_popup_post":"1","show_author_box":"0","show_post_related":"1","show_inline_post_related":"0"}],"override_image_size":"0","image_override":[{"single_post_thumbnail_size":"crop-500","single_post_gallery_size":"crop-500"}],"trending_post":"0","trending_post_position":"meta","trending_post_label":"Trending","sponsored_post":"0","sponsored_post_label":"Sponsored by","sponsored_post_name":"","sponsored_post_url":"","sponsored_post_logo_enable":"0","sponsored_post_logo":"","sponsored_post_desc":"","disable_ad":"0"},"jnews_primary_category":{"id":"","hide":""},"jnews_social_meta":{"fb_title":"","fb_description":"","fb_image":"","twitter_title":"","twitter_description":"","twitter_image":""},"jnews_review":[],"enable_review":"0","type":"percentage","name":"","summary":"","brand":"","sku":"","good":[{"good_text":""}],"bad":[{"bad_text":""}],"score_override":"","override_value":"","rating":[{"rating_text":"","rating_number":"10"}],"price":[{"shop":"","price":"","link":"","icon":""}],"jnews_override_counter":{"override_view_counter":"0","view_counter_number":"0","override_share_counter":"0","share_counter_number":"0","override_like_counter":"0","like_counter_number":"0","override_dislike_counter":"0","dislike_counter_number":"0"},"jnews_post_split":{"enable_post_split":"0","post_split":[{"template":"1","tag":"h2","numbering":"asc","mode":"normal","first":"0","enable_toc":"0","toc_type":"normal"}]},"footnotes":""},"categories":[20],"tags":[],"class_list":["post-41332","post","type-post","status-publish","format-standard","has-post-thumbnail","hentry","category-municipales"],"jetpack_featured_media_url":"https:\/\/atecordoba.org\/wp-content\/uploads\/2024\/01\/WhatsApp-Image-2024-01-25-at-12.01.37-PM-1.jpeg","_links":{"self":[{"href":"https:\/\/atecordoba.org\/index.php?rest_route=\/wp\/v2\/posts\/41332","targetHints":{"allow":["GET"]}}],"collection":[{"href":"https:\/\/atecordoba.org\/index.php?rest_route=\/wp\/v2\/posts"}],"about":[{"href":"https:\/\/atecordoba.org\/index.php?rest_route=\/wp\/v2\/types\/post"}],"author":[{"embeddable":true,"href":"https:\/\/atecordoba.org\/index.php?rest_route=\/wp\/v2\/users\/3"}],"replies":[{"embeddable":true,"href":"https:\/\/atecordoba.org\/index.php?rest_route=%2Fwp%2Fv2%2Fcomments&post=41332"}],"version-history":[{"count":4,"href":"https:\/\/atecordoba.org\/index.php?rest_route=\/wp\/v2\/posts\/41332\/revisions"}],"predecessor-version":[{"id":41352,"href":"https:\/\/atecordoba.org\/index.php?rest_route=\/wp\/v2\/posts\/41332\/revisions\/41352"}],"wp:featuredmedia":[{"embeddable":true,"href":"https:\/\/atecordoba.org\/index.php?rest_route=\/wp\/v2\/media\/41342"}],"wp:attachment":[{"href":"https:\/\/atecordoba.org\/index.php?rest_route=%2Fwp%2Fv2%2Fmedia&parent=41332"}],"wp:term":[{"taxonomy":"category","embeddable":true,"href":"https:\/\/atecordoba.org\/index.php?rest_route=%2Fwp%2Fv2%2Fcategories&post=41332"},{"taxonomy":"post_tag","embeddable":true,"href":"https:\/\/atecordoba.org\/index.php?rest_route=%2Fwp%2Fv2%2Ftags&post=41332"}],"curies":[{"name":"wp","href":"https:\/\/api.w.org\/{rel}","templated":true}]}}