{"id":41327,"date":"2024-01-25T11:13:44","date_gmt":"2024-01-25T14:13:44","guid":{"rendered":"https:\/\/atecordoba.org\/?p=41327"},"modified":"2024-01-25T11:41:46","modified_gmt":"2024-01-25T14:41:46","slug":"aplazan-audiencia-con-el-municipio-de-anisacate","status":"publish","type":"post","link":"https:\/\/atecordoba.org\/?p=41327","title":{"rendered":"Aplazan audiencia con el Municipio de Anisacate"},"content":{"rendered":"\n<p>La audiencia de conciliaci\u00f3n en el Ministerio de Trabajo de la Provincia entre ATE y la Municipalidad de Anisacate que deb\u00eda proseguir este mi\u00e9rcoles, fue aplazada hasta el pr\u00f3ximo lunes 29 de enero a las 11 horas debido al Paro General dispuesto por las tres centrales sindicales.<\/p>\n\n\n\n<figure class=\"wp-block-image size-full is-resized\"><img loading=\"lazy\" decoding=\"async\" src=\"https:\/\/atecordoba.org\/wp-content\/uploads\/2024\/01\/WhatsApp-Image-2024-01-16-at-12.38.56-1-1024x768-1.jpeg\" alt=\"\" class=\"wp-image-41328\" width=\"512\" height=\"384\" srcset=\"https:\/\/atecordoba.org\/wp-content\/uploads\/2024\/01\/WhatsApp-Image-2024-01-16-at-12.38.56-1-1024x768-1.jpeg 1024w, https:\/\/atecordoba.org\/wp-content\/uploads\/2024\/01\/WhatsApp-Image-2024-01-16-at-12.38.56-1-1024x768-1-300x225.jpeg 300w, https:\/\/atecordoba.org\/wp-content\/uploads\/2024\/01\/WhatsApp-Image-2024-01-16-at-12.38.56-1-1024x768-1-768x576.jpeg 768w, https:\/\/atecordoba.org\/wp-content\/uploads\/2024\/01\/WhatsApp-Image-2024-01-16-at-12.38.56-1-1024x768-1-750x563.jpeg 750w\" sizes=\"auto, (max-width: 512px) 100vw, 512px\" \/><\/figure>\n\n\n\n<p>En la audiencia del 16 de enero acordaron las primeras reincorporaciones tras el conflicto gremial que surgi\u00f3 en diciembre pasado, cuando la Intendenta Natalia Contini orden\u00f3 una ola de despidos en la localidad del Valle de Paravachasca.<\/p>\n\n\n\n<p>Entre los primeros reincorporados se encuentran discapacitados y quienes cuentan con tutela gremial y hab\u00edan sufrido el despido a pesar que la ley lo proh\u00edbe expresamente. Una semana de conflicto en las calles de Anisacate y paro de actividades derivaron en esta instancia de negociaci\u00f3n en la Cartera Laboral donde la Municipalidad accedi\u00f3 a revisar los despidos.<\/p>\n\n\n\n<p>En la ocasi\u00f3n, encabez\u00f3 la comitiva de ATE el Secretario General, Federico Giuliani, acompa\u00f1ado por el delegado Nelson \u00c1vila y el abogado Eugenio Biafore. En tanto, la Intendenta Natalia Contini se present\u00f3 junto a tres asesores letrados.<\/p>\n\n\n\n<p>Los reincorporados son: Rodrigo Peralta, Jos\u00e9 Carrizo, Ra\u00fal Gonz\u00e1lez, Mayra Verd\u00fan y Gabriel Cipoleta.<\/p>\n\n\n\n<p>Qued\u00f3 fijada una nueva audiencia en el Ministerio de Trabajo para el pr\u00f3ximo 29 de enero a las 11 horas con la finalidad de proseguir con la negociaci\u00f3n.<\/p>\n","protected":false},"excerpt":{"rendered":"<p>La audiencia de conciliaci\u00f3n en el Ministerio de Trabajo de la Provincia entre ATE y la Municipalidad de Anisacate que deb\u00eda proseguir este mi\u00e9rcoles, fue aplazada hasta el pr\u00f3ximo lunes 29 de enero a las 11 horas debido al Paro General dispuesto por las tres centrales sindicales. En la audiencia del 16 de enero acordaron [&hellip;]<\/p>\n","protected":false},"author":3,"featured_media":41328,"comment_status":"open","ping_status":"open","sticky":false,"template":"","format":"standard","meta":{"_exactmetrics_skip_tracking":false,"_exactmetrics_sitenote_active":false,"_exactmetrics_sitenote_note":"","_exactmetrics_sitenote_category":0,"jnews-multi-image_gallery":[],"jnews_single_post":{"subtitle":"","format":"standard","video":"","gallery":"","source_name":"","source_url":"","via_name":"","via_url":"","override_template":"0","override":[{"template":"1","single_blog_custom":"","parallax":"1","fullscreen":"1","layout":"no-sidebar-narrow","sidebar":"default-sidebar","second_sidebar":"default-sidebar","sticky_sidebar":"1","share_position":"bottom","share_float_style":"share-monocrhome","show_share_counter":"1","show_view_counter":"1","show_featured":"0","show_post_meta":"1","show_post_author":"0","show_post_author_image":"1","show_post_date":"1","post_date_format":"default","post_date_format_custom":"Y\/m\/d","show_post_category":"1","show_post_reading_time":"0","post_reading_time_wpm":"300","show_zoom_button":"0","zoom_button_out_step":"2","zoom_button_in_step":"3","show_post_tag":"1","show_prev_next_post":"0","show_popup_post":"0","number_popup_post":"1","show_author_box":"0","show_post_related":"1","show_inline_post_related":"0"}],"override_image_size":"0","image_override":[{"single_post_thumbnail_size":"crop-500","single_post_gallery_size":"crop-500"}],"trending_post":"0","trending_post_position":"meta","trending_post_label":"Trending","sponsored_post":"0","sponsored_post_label":"Sponsored by","sponsored_post_name":"","sponsored_post_url":"","sponsored_post_logo_enable":"0","sponsored_post_logo":"","sponsored_post_desc":"","disable_ad":"0"},"jnews_primary_category":{"id":"","hide":""},"jnews_social_meta":{"fb_title":"","fb_description":"","fb_image":"","twitter_title":"","twitter_description":"","twitter_image":""},"jnews_review":[],"enable_review":"0","type":"percentage","name":"","summary":"","brand":"","sku":"","good":[{"good_text":""}],"bad":[{"bad_text":""}],"score_override":"","override_value":"","rating":[{"rating_text":"","rating_number":"10"}],"price":[{"shop":"","price":"","link":"","icon":""}],"jnews_override_counter":{"override_view_counter":"0","view_counter_number":"0","override_share_counter":"0","share_counter_number":"0","override_like_counter":"0","like_counter_number":"0","override_dislike_counter":"0","dislike_counter_number":"0"},"jnews_post_split":{"enable_post_split":"0","post_split":[{"template":"1","tag":"h2","numbering":"asc","mode":"normal","first":"0","enable_toc":"0","toc_type":"normal"}]},"footnotes":""},"categories":[20,1],"tags":[],"class_list":["post-41327","post","type-post","status-publish","format-standard","has-post-thumbnail","hentry","category-municipales","category-sin-categoria"],"jetpack_featured_media_url":"https:\/\/atecordoba.org\/wp-content\/uploads\/2024\/01\/WhatsApp-Image-2024-01-16-at-12.38.56-1-1024x768-1.jpeg","_links":{"self":[{"href":"https:\/\/atecordoba.org\/index.php?rest_route=\/wp\/v2\/posts\/41327","targetHints":{"allow":["GET"]}}],"collection":[{"href":"https:\/\/atecordoba.org\/index.php?rest_route=\/wp\/v2\/posts"}],"about":[{"href":"https:\/\/atecordoba.org\/index.php?rest_route=\/wp\/v2\/types\/post"}],"author":[{"embeddable":true,"href":"https:\/\/atecordoba.org\/index.php?rest_route=\/wp\/v2\/users\/3"}],"replies":[{"embeddable":true,"href":"https:\/\/atecordoba.org\/index.php?rest_route=%2Fwp%2Fv2%2Fcomments&post=41327"}],"version-history":[{"count":1,"href":"https:\/\/atecordoba.org\/index.php?rest_route=\/wp\/v2\/posts\/41327\/revisions"}],"predecessor-version":[{"id":41329,"href":"https:\/\/atecordoba.org\/index.php?rest_route=\/wp\/v2\/posts\/41327\/revisions\/41329"}],"wp:featuredmedia":[{"embeddable":true,"href":"https:\/\/atecordoba.org\/index.php?rest_route=\/wp\/v2\/media\/41328"}],"wp:attachment":[{"href":"https:\/\/atecordoba.org\/index.php?rest_route=%2Fwp%2Fv2%2Fmedia&parent=41327"}],"wp:term":[{"taxonomy":"category","embeddable":true,"href":"https:\/\/atecordoba.org\/index.php?rest_route=%2Fwp%2Fv2%2Fcategories&post=41327"},{"taxonomy":"post_tag","embeddable":true,"href":"https:\/\/atecordoba.org\/index.php?rest_route=%2Fwp%2Fv2%2Ftags&post=41327"}],"curies":[{"name":"wp","href":"https:\/\/api.w.org\/{rel}","templated":true}]}}