{"id":41316,"date":"2024-01-25T10:59:03","date_gmt":"2024-01-25T13:59:03","guid":{"rendered":"https:\/\/atecordoba.org\/?p=41316"},"modified":"2024-01-25T11:20:04","modified_gmt":"2024-01-25T14:20:04","slug":"rio-primero-en-paritarias-ate-logro-un-35-de-aumento","status":"publish","type":"post","link":"https:\/\/atecordoba.org\/?p=41316","title":{"rendered":"R\u00edo Primero: En paritarias ATE logr\u00f3 un 35% de aumento"},"content":{"rendered":"\n<h5 class=\"wp-block-heading\">El pago ser\u00e1 del 20% para el remunerativo al b\u00e1sico y el 15 % no remunerativo, adem\u00e1s, no se va a descontar el d\u00eda del Paro General del 24 enero y se discuti\u00f3 que suba el refrigerio a un 100% a charlar en la pr\u00f3xima reuni\u00f3n.<\/h5>\n\n\n\n<figure class=\"wp-block-image size-large is-resized\"><img loading=\"lazy\" decoding=\"async\" src=\"https:\/\/atecordoba.org\/wp-content\/uploads\/2024\/01\/WhatsApp-Image-2024-01-25-at-9.33.59-AM-1024x576.jpeg\" alt=\"\" class=\"wp-image-41317\" width=\"512\" height=\"288\" srcset=\"https:\/\/atecordoba.org\/wp-content\/uploads\/2024\/01\/WhatsApp-Image-2024-01-25-at-9.33.59-AM-1024x576.jpeg 1024w, https:\/\/atecordoba.org\/wp-content\/uploads\/2024\/01\/WhatsApp-Image-2024-01-25-at-9.33.59-AM-300x169.jpeg 300w, https:\/\/atecordoba.org\/wp-content\/uploads\/2024\/01\/WhatsApp-Image-2024-01-25-at-9.33.59-AM-768x432.jpeg 768w, https:\/\/atecordoba.org\/wp-content\/uploads\/2024\/01\/WhatsApp-Image-2024-01-25-at-9.33.59-AM-750x422.jpeg 750w, https:\/\/atecordoba.org\/wp-content\/uploads\/2024\/01\/WhatsApp-Image-2024-01-25-at-9.33.59-AM-1140x641.jpeg 1140w, https:\/\/atecordoba.org\/wp-content\/uploads\/2024\/01\/WhatsApp-Image-2024-01-25-at-9.33.59-AM.jpeg 1280w\" sizes=\"auto, (max-width: 512px) 100vw, 512px\" \/><\/figure>\n\n\n\n<p>Hoy se llev\u00f3 adelante una reuni\u00f3n paritaria en la municipalidad de R\u00edo Primero donde se defini\u00f3 un aumento salarial para el personal municipal del 35% para el primer semestre del corriente a\u00f1o.<\/p>\n\n\n\n<p>En la oportunidad estuvieron presentes en representaci\u00f3n del Consejo Directivo Provincial de ATE nuestro secretario gremial Jorge Chalup, nuestro secretario de organizaci\u00f3n Javier Bracamonte, Ivana Guevara y Lucas Gorosito. Tambi\u00e9n en representaci\u00f3n de ATE R\u00edo Primero, estuvieron lxs delegados Jos\u00e9 Baigorria y Pamela Guti\u00e9rrez reuni\u00e9ndose con la secretaria de econom\u00eda y finanzas Andrea Luque Vilosio y la secretaria de gobierno Romina Susana Villagr\u00e1n.<\/p>\n\n\n\n<figure class=\"wp-block-image size-large is-resized\"><img loading=\"lazy\" decoding=\"async\" src=\"https:\/\/atecordoba.org\/wp-content\/uploads\/2024\/01\/WhatsApp-Image-2024-01-25-at-9.34.00-AM-1024x576.jpeg\" alt=\"\" class=\"wp-image-41319\" width=\"512\" height=\"288\" srcset=\"https:\/\/atecordoba.org\/wp-content\/uploads\/2024\/01\/WhatsApp-Image-2024-01-25-at-9.34.00-AM-1024x576.jpeg 1024w, https:\/\/atecordoba.org\/wp-content\/uploads\/2024\/01\/WhatsApp-Image-2024-01-25-at-9.34.00-AM-300x169.jpeg 300w, https:\/\/atecordoba.org\/wp-content\/uploads\/2024\/01\/WhatsApp-Image-2024-01-25-at-9.34.00-AM-768x432.jpeg 768w, https:\/\/atecordoba.org\/wp-content\/uploads\/2024\/01\/WhatsApp-Image-2024-01-25-at-9.34.00-AM-750x422.jpeg 750w, https:\/\/atecordoba.org\/wp-content\/uploads\/2024\/01\/WhatsApp-Image-2024-01-25-at-9.34.00-AM-1140x641.jpeg 1140w, https:\/\/atecordoba.org\/wp-content\/uploads\/2024\/01\/WhatsApp-Image-2024-01-25-at-9.34.00-AM.jpeg 1280w\" sizes=\"auto, (max-width: 512px) 100vw, 512px\" \/><\/figure>\n\n\n\n<p>En el acta paritaria tambi\u00e9n qued\u00f3 rubricado el compromiso que asumi\u00f3 el Ejecutivo municipal de conversar el 24 de febrero la negociaci\u00f3n para el aumento de un 100% en el Item de refrigerio.<\/p>\n\n\n\n<figure class=\"wp-block-image size-large is-resized\"><img loading=\"lazy\" decoding=\"async\" src=\"https:\/\/atecordoba.org\/wp-content\/uploads\/2024\/01\/WhatsApp-Image-2024-01-25-at-10.17.30-AM-576x1024.jpeg\" alt=\"\" class=\"wp-image-41318\" width=\"432\" height=\"768\" srcset=\"https:\/\/atecordoba.org\/wp-content\/uploads\/2024\/01\/WhatsApp-Image-2024-01-25-at-10.17.30-AM-576x1024.jpeg 576w, https:\/\/atecordoba.org\/wp-content\/uploads\/2024\/01\/WhatsApp-Image-2024-01-25-at-10.17.30-AM-169x300.jpeg 169w, https:\/\/atecordoba.org\/wp-content\/uploads\/2024\/01\/WhatsApp-Image-2024-01-25-at-10.17.30-AM.jpeg 720w\" sizes=\"auto, (max-width: 432px) 100vw, 432px\" \/><\/figure>\n\n\n\n<p><\/p>\n","protected":false},"excerpt":{"rendered":"<p>El pago ser\u00e1 del 20% para el remunerativo al b\u00e1sico y el 15 % no remunerativo, adem\u00e1s, no se va a descontar el d\u00eda del Paro General del 24 enero y se discuti\u00f3 que suba el refrigerio a un 100% a charlar en la pr\u00f3xima reuni\u00f3n. Hoy se llev\u00f3 adelante una reuni\u00f3n paritaria en la [&hellip;]<\/p>\n","protected":false},"author":3,"featured_media":41317,"comment_status":"open","ping_status":"open","sticky":false,"template":"","format":"standard","meta":{"_exactmetrics_skip_tracking":false,"_exactmetrics_sitenote_active":false,"_exactmetrics_sitenote_note":"","_exactmetrics_sitenote_category":0,"jnews-multi-image_gallery":[],"jnews_single_post":{"subtitle":"","format":"standard","video":"","gallery":"","source_name":"","source_url":"","via_name":"","via_url":"","override_template":"0","override":[{"template":"1","single_blog_custom":"","parallax":"1","fullscreen":"1","layout":"no-sidebar-narrow","sidebar":"default-sidebar","second_sidebar":"default-sidebar","sticky_sidebar":"1","share_position":"bottom","share_float_style":"share-monocrhome","show_share_counter":"1","show_view_counter":"1","show_featured":"0","show_post_meta":"1","show_post_author":"0","show_post_author_image":"1","show_post_date":"1","post_date_format":"default","post_date_format_custom":"Y\/m\/d","show_post_category":"1","show_post_reading_time":"0","post_reading_time_wpm":"300","show_zoom_button":"0","zoom_button_out_step":"2","zoom_button_in_step":"3","show_post_tag":"1","show_prev_next_post":"0","show_popup_post":"0","number_popup_post":"1","show_author_box":"0","show_post_related":"1","show_inline_post_related":"0"}],"override_image_size":"0","image_override":[{"single_post_thumbnail_size":"crop-500","single_post_gallery_size":"crop-500"}],"trending_post":"0","trending_post_position":"meta","trending_post_label":"Trending","sponsored_post":"0","sponsored_post_label":"Sponsored by","sponsored_post_name":"","sponsored_post_url":"","sponsored_post_logo_enable":"0","sponsored_post_logo":"","sponsored_post_desc":"","disable_ad":"0"},"jnews_primary_category":{"id":"","hide":""},"jnews_social_meta":{"fb_title":"","fb_description":"","fb_image":"","twitter_title":"","twitter_description":"","twitter_image":""},"jnews_review":[],"enable_review":"0","type":"percentage","name":"","summary":"","brand":"","sku":"","good":[{"good_text":""}],"bad":[{"bad_text":""}],"score_override":"","override_value":"","rating":[{"rating_text":"","rating_number":"10"}],"price":[{"shop":"","price":"","link":"","icon":""}],"jnews_override_counter":{"override_view_counter":"0","view_counter_number":"0","override_share_counter":"0","share_counter_number":"0","override_like_counter":"0","like_counter_number":"0","override_dislike_counter":"0","dislike_counter_number":"0"},"jnews_post_split":{"enable_post_split":"0","post_split":[{"template":"1","tag":"h2","numbering":"asc","mode":"normal","first":"0","enable_toc":"0","toc_type":"normal"}]},"footnotes":""},"categories":[20],"tags":[],"class_list":["post-41316","post","type-post","status-publish","format-standard","has-post-thumbnail","hentry","category-municipales"],"jetpack_featured_media_url":"https:\/\/atecordoba.org\/wp-content\/uploads\/2024\/01\/WhatsApp-Image-2024-01-25-at-9.33.59-AM.jpeg","_links":{"self":[{"href":"https:\/\/atecordoba.org\/index.php?rest_route=\/wp\/v2\/posts\/41316","targetHints":{"allow":["GET"]}}],"collection":[{"href":"https:\/\/atecordoba.org\/index.php?rest_route=\/wp\/v2\/posts"}],"about":[{"href":"https:\/\/atecordoba.org\/index.php?rest_route=\/wp\/v2\/types\/post"}],"author":[{"embeddable":true,"href":"https:\/\/atecordoba.org\/index.php?rest_route=\/wp\/v2\/users\/3"}],"replies":[{"embeddable":true,"href":"https:\/\/atecordoba.org\/index.php?rest_route=%2Fwp%2Fv2%2Fcomments&post=41316"}],"version-history":[{"count":3,"href":"https:\/\/atecordoba.org\/index.php?rest_route=\/wp\/v2\/posts\/41316\/revisions"}],"predecessor-version":[{"id":41331,"href":"https:\/\/atecordoba.org\/index.php?rest_route=\/wp\/v2\/posts\/41316\/revisions\/41331"}],"wp:featuredmedia":[{"embeddable":true,"href":"https:\/\/atecordoba.org\/index.php?rest_route=\/wp\/v2\/media\/41317"}],"wp:attachment":[{"href":"https:\/\/atecordoba.org\/index.php?rest_route=%2Fwp%2Fv2%2Fmedia&parent=41316"}],"wp:term":[{"taxonomy":"category","embeddable":true,"href":"https:\/\/atecordoba.org\/index.php?rest_route=%2Fwp%2Fv2%2Fcategories&post=41316"},{"taxonomy":"post_tag","embeddable":true,"href":"https:\/\/atecordoba.org\/index.php?rest_route=%2Fwp%2Fv2%2Ftags&post=41316"}],"curies":[{"name":"wp","href":"https:\/\/api.w.org\/{rel}","templated":true}]}}