{"id":41305,"date":"2024-01-24T16:38:57","date_gmt":"2024-01-24T19:38:57","guid":{"rendered":"https:\/\/atecordoba.org\/?p=41305"},"modified":"2024-01-24T16:40:22","modified_gmt":"2024-01-24T19:40:22","slug":"ate-cordoba-participo-de-la-charla-debate-por-ddhh-y-salud-organizada-por-la-mesa-de-ddhh-de-cosquin","status":"publish","type":"post","link":"https:\/\/atecordoba.org\/?p=41305","title":{"rendered":"ATE C\u00f3rdoba particip\u00f3 de la charla\/debate por DDHH y Salud organizada por la mesa de DDHH de Cosqu\u00edn."},"content":{"rendered":"\n<p>En la localidad de Cosqu\u00edn del valle de Punilla se llev\u00f3 a cabo la charla debate sobre \u201cDerecho al Trabajo y Salud\u201d. En la Sala de exposiciones de Cultura Municipal, con el lema homenaje a Sonia Torres. En la charla participaron activistas sociales, referentes gremiales de Suoem Cba, Uepc de Punilla y el ic\u00f3nico Lito Carranza, quien fuera Secretario General de la Seccional Punilla por los a\u00f1os 70 en la nefasta dictadura c\u00edvico militar.<\/p>\n\n\n\n<figure class=\"wp-block-image size-large is-resized\"><img loading=\"lazy\" decoding=\"async\" src=\"https:\/\/atecordoba.org\/wp-content\/uploads\/2024\/01\/WhatsApp-Image-2024-01-23-at-8.44.19-PM-1024x771.jpeg\" alt=\"\" class=\"wp-image-41306\" width=\"512\" height=\"386\" srcset=\"https:\/\/atecordoba.org\/wp-content\/uploads\/2024\/01\/WhatsApp-Image-2024-01-23-at-8.44.19-PM-1024x771.jpeg 1024w, https:\/\/atecordoba.org\/wp-content\/uploads\/2024\/01\/WhatsApp-Image-2024-01-23-at-8.44.19-PM-300x226.jpeg 300w, https:\/\/atecordoba.org\/wp-content\/uploads\/2024\/01\/WhatsApp-Image-2024-01-23-at-8.44.19-PM-768x578.jpeg 768w, https:\/\/atecordoba.org\/wp-content\/uploads\/2024\/01\/WhatsApp-Image-2024-01-23-at-8.44.19-PM-1536x1156.jpeg 1536w, https:\/\/atecordoba.org\/wp-content\/uploads\/2024\/01\/WhatsApp-Image-2024-01-23-at-8.44.19-PM-750x564.jpeg 750w, https:\/\/atecordoba.org\/wp-content\/uploads\/2024\/01\/WhatsApp-Image-2024-01-23-at-8.44.19-PM-1140x858.jpeg 1140w, https:\/\/atecordoba.org\/wp-content\/uploads\/2024\/01\/WhatsApp-Image-2024-01-23-at-8.44.19-PM.jpeg 1600w\" sizes=\"auto, (max-width: 512px) 100vw, 512px\" \/><\/figure>\n\n\n\n<figure class=\"wp-block-image size-large is-resized\"><img loading=\"lazy\" decoding=\"async\" src=\"https:\/\/atecordoba.org\/wp-content\/uploads\/2024\/01\/WhatsApp-Image-2024-01-23-at-7.29.52-PM-576x1024.jpeg\" alt=\"\" class=\"wp-image-41307\" width=\"288\" height=\"512\" srcset=\"https:\/\/atecordoba.org\/wp-content\/uploads\/2024\/01\/WhatsApp-Image-2024-01-23-at-7.29.52-PM-576x1024.jpeg 576w, https:\/\/atecordoba.org\/wp-content\/uploads\/2024\/01\/WhatsApp-Image-2024-01-23-at-7.29.52-PM-169x300.jpeg 169w, https:\/\/atecordoba.org\/wp-content\/uploads\/2024\/01\/WhatsApp-Image-2024-01-23-at-7.29.52-PM-768x1366.jpeg 768w, https:\/\/atecordoba.org\/wp-content\/uploads\/2024\/01\/WhatsApp-Image-2024-01-23-at-7.29.52-PM-864x1536.jpeg 864w, https:\/\/atecordoba.org\/wp-content\/uploads\/2024\/01\/WhatsApp-Image-2024-01-23-at-7.29.52-PM-750x1334.jpeg 750w, https:\/\/atecordoba.org\/wp-content\/uploads\/2024\/01\/WhatsApp-Image-2024-01-23-at-7.29.52-PM.jpeg 899w\" sizes=\"auto, (max-width: 288px) 100vw, 288px\" \/><\/figure>\n\n\n\n<p>La comisi\u00f3n directiva de ATE C\u00f3rdoba presidida por su secretario General Fede Giuliani, el Secretario de Derechos Humanos C\u00e9sar Theaux y dem\u00e1s miembros del cuerpo org\u00e1nico de Ate C\u00f3rdoba, abrieron el debate sobre la importancia de construir la unidad de todo el pueblo trabajador, que lejos debe quedar los intereses sectoriales en un contexto dif\u00edcil para todos los trabajadores estatales Nacionales, Provinciales, Municipales y de la econom\u00eda informal, los desocupados y las econom\u00edas sociales.<\/p>\n\n\n\n<p>En un ida y vuelta, compartiendo la reflexi\u00f3n de que los mecanismos de la Ley \u00f3mnibus no solamente perjudican los derechos adquiridos y conquistados por el pueblo obrero, sino que tambi\u00e9n van en contra de las econom\u00edas sociales, la ley de humedales, la desprotecci\u00f3n de las industrias y f\u00e1bricas Nacionales, se trata de la soberan\u00eda del Pueblo trabajador sobre el Estado, remarc\u00f3 Federico Giuliani.<\/p>\n","protected":false},"excerpt":{"rendered":"<p>En la localidad de Cosqu\u00edn del valle de Punilla se llev\u00f3 a cabo la charla debate sobre \u201cDerecho al Trabajo y Salud\u201d. En la Sala de exposiciones de Cultura Municipal, con el lema homenaje a Sonia Torres. En la charla participaron activistas sociales, referentes gremiales de Suoem Cba, Uepc de Punilla y el ic\u00f3nico Lito [&hellip;]<\/p>\n","protected":false},"author":3,"featured_media":41306,"comment_status":"open","ping_status":"open","sticky":false,"template":"","format":"standard","meta":{"_exactmetrics_skip_tracking":false,"_exactmetrics_sitenote_active":false,"_exactmetrics_sitenote_note":"","_exactmetrics_sitenote_category":0,"jnews-multi-image_gallery":[],"jnews_single_post":{"subtitle":"","format":"standard","video":"","gallery":"","source_name":"","source_url":"","via_name":"","via_url":"","override_template":"0","override":[{"template":"1","single_blog_custom":"","parallax":"1","fullscreen":"1","layout":"no-sidebar-narrow","sidebar":"default-sidebar","second_sidebar":"default-sidebar","sticky_sidebar":"1","share_position":"bottom","share_float_style":"share-monocrhome","show_share_counter":"1","show_view_counter":"1","show_featured":"0","show_post_meta":"1","show_post_author":"0","show_post_author_image":"1","show_post_date":"1","post_date_format":"default","post_date_format_custom":"Y\/m\/d","show_post_category":"1","show_post_reading_time":"0","post_reading_time_wpm":"300","show_zoom_button":"0","zoom_button_out_step":"2","zoom_button_in_step":"3","show_post_tag":"1","show_prev_next_post":"0","show_popup_post":"0","number_popup_post":"1","show_author_box":"0","show_post_related":"1","show_inline_post_related":"0"}],"override_image_size":"0","image_override":[{"single_post_thumbnail_size":"crop-500","single_post_gallery_size":"crop-500"}],"trending_post":"0","trending_post_position":"meta","trending_post_label":"Trending","sponsored_post":"0","sponsored_post_label":"Sponsored by","sponsored_post_name":"","sponsored_post_url":"","sponsored_post_logo_enable":"0","sponsored_post_logo":"","sponsored_post_desc":"","disable_ad":"0"},"jnews_primary_category":{"id":"","hide":""},"jnews_social_meta":{"fb_title":"","fb_description":"","fb_image":"","twitter_title":"","twitter_description":"","twitter_image":""},"jnews_review":[],"enable_review":"0","type":"percentage","name":"","summary":"","brand":"","sku":"","good":[{"good_text":""}],"bad":[{"bad_text":""}],"score_override":"","override_value":"","rating":[{"rating_text":"","rating_number":"10"}],"price":[{"shop":"","price":"","link":"","icon":""}],"jnews_override_counter":{"override_view_counter":"0","view_counter_number":"0","override_share_counter":"0","share_counter_number":"0","override_like_counter":"0","like_counter_number":"0","override_dislike_counter":"0","dislike_counter_number":"0"},"jnews_post_split":{"enable_post_split":"0","post_split":[{"template":"1","tag":"h2","numbering":"asc","mode":"normal","first":"0","enable_toc":"0","toc_type":"normal"}]},"footnotes":""},"categories":[10,1],"tags":[],"class_list":["post-41305","post","type-post","status-publish","format-standard","has-post-thumbnail","hentry","category-accion-politica","category-sin-categoria"],"jetpack_featured_media_url":"https:\/\/atecordoba.org\/wp-content\/uploads\/2024\/01\/WhatsApp-Image-2024-01-23-at-8.44.19-PM.jpeg","_links":{"self":[{"href":"https:\/\/atecordoba.org\/index.php?rest_route=\/wp\/v2\/posts\/41305","targetHints":{"allow":["GET"]}}],"collection":[{"href":"https:\/\/atecordoba.org\/index.php?rest_route=\/wp\/v2\/posts"}],"about":[{"href":"https:\/\/atecordoba.org\/index.php?rest_route=\/wp\/v2\/types\/post"}],"author":[{"embeddable":true,"href":"https:\/\/atecordoba.org\/index.php?rest_route=\/wp\/v2\/users\/3"}],"replies":[{"embeddable":true,"href":"https:\/\/atecordoba.org\/index.php?rest_route=%2Fwp%2Fv2%2Fcomments&post=41305"}],"version-history":[{"count":1,"href":"https:\/\/atecordoba.org\/index.php?rest_route=\/wp\/v2\/posts\/41305\/revisions"}],"predecessor-version":[{"id":41308,"href":"https:\/\/atecordoba.org\/index.php?rest_route=\/wp\/v2\/posts\/41305\/revisions\/41308"}],"wp:featuredmedia":[{"embeddable":true,"href":"https:\/\/atecordoba.org\/index.php?rest_route=\/wp\/v2\/media\/41306"}],"wp:attachment":[{"href":"https:\/\/atecordoba.org\/index.php?rest_route=%2Fwp%2Fv2%2Fmedia&parent=41305"}],"wp:term":[{"taxonomy":"category","embeddable":true,"href":"https:\/\/atecordoba.org\/index.php?rest_route=%2Fwp%2Fv2%2Fcategories&post=41305"},{"taxonomy":"post_tag","embeddable":true,"href":"https:\/\/atecordoba.org\/index.php?rest_route=%2Fwp%2Fv2%2Ftags&post=41305"}],"curies":[{"name":"wp","href":"https:\/\/api.w.org\/{rel}","templated":true}]}}