{"id":41294,"date":"2024-01-24T16:34:56","date_gmt":"2024-01-24T19:34:56","guid":{"rendered":"https:\/\/atecordoba.org\/?p=41294"},"modified":"2024-01-25T11:02:50","modified_gmt":"2024-01-25T14:02:50","slug":"contra-el-dnu-y-la-ley-omnibus-ate-cordoba-marcho-hacia-el-patio-olmos","status":"publish","type":"post","link":"https:\/\/atecordoba.org\/?p=41294","title":{"rendered":"Contra el DNU y la Ley \u00d3mnibus, ATE C\u00f3rdoba march\u00f3 hacia el Patio Olmos."},"content":{"rendered":"\n<p>&#8220;Nosotros parimos la construcci\u00f3n de este paro general activo, fuimos los primeros en salir el 11 de Diciembre, luego estuvimos en Anisacate con 5 d\u00edas de manifestaciones activas, tambi\u00e9n el 27 de diciembre estuvimos en tribunales y por \u00faltimo el 9 de Enero fuimos el \u00fanico sindicato que le hizo un paro activo al gobierno provincial de Llaryora que es lo mismo que Milei&#8221; manifest\u00f3 nuestro secretario general Federico Giuliani.<\/p>\n\n\n\n<figure class=\"wp-block-image size-large\"><img loading=\"lazy\" decoding=\"async\" width=\"1024\" height=\"147\" src=\"https:\/\/atecordoba.org\/wp-content\/uploads\/2024\/01\/WhatsApp-Image-2024-01-24-at-1.56.05-PM-1-1024x147.jpeg\" alt=\"\" class=\"wp-image-41297\" srcset=\"https:\/\/atecordoba.org\/wp-content\/uploads\/2024\/01\/WhatsApp-Image-2024-01-24-at-1.56.05-PM-1-1024x147.jpeg 1024w, https:\/\/atecordoba.org\/wp-content\/uploads\/2024\/01\/WhatsApp-Image-2024-01-24-at-1.56.05-PM-1-300x43.jpeg 300w, https:\/\/atecordoba.org\/wp-content\/uploads\/2024\/01\/WhatsApp-Image-2024-01-24-at-1.56.05-PM-1-768x110.jpeg 768w, https:\/\/atecordoba.org\/wp-content\/uploads\/2024\/01\/WhatsApp-Image-2024-01-24-at-1.56.05-PM-1-750x108.jpeg 750w, https:\/\/atecordoba.org\/wp-content\/uploads\/2024\/01\/WhatsApp-Image-2024-01-24-at-1.56.05-PM-1-1140x164.jpeg 1140w, https:\/\/atecordoba.org\/wp-content\/uploads\/2024\/01\/WhatsApp-Image-2024-01-24-at-1.56.05-PM-1.jpeg 1280w\" sizes=\"auto, (max-width: 1024px) 100vw, 1024px\" \/><\/figure>\n\n\n\n<figure class=\"wp-block-image size-large is-resized\"><img loading=\"lazy\" decoding=\"async\" src=\"https:\/\/atecordoba.org\/wp-content\/uploads\/2024\/01\/WhatsApp-Image-2024-01-24-at-1.47.49-PM-1024x576.jpeg\" alt=\"\" class=\"wp-image-41296\" width=\"512\" height=\"288\" srcset=\"https:\/\/atecordoba.org\/wp-content\/uploads\/2024\/01\/WhatsApp-Image-2024-01-24-at-1.47.49-PM-1024x576.jpeg 1024w, https:\/\/atecordoba.org\/wp-content\/uploads\/2024\/01\/WhatsApp-Image-2024-01-24-at-1.47.49-PM-300x169.jpeg 300w, https:\/\/atecordoba.org\/wp-content\/uploads\/2024\/01\/WhatsApp-Image-2024-01-24-at-1.47.49-PM-768x432.jpeg 768w, https:\/\/atecordoba.org\/wp-content\/uploads\/2024\/01\/WhatsApp-Image-2024-01-24-at-1.47.49-PM-1536x864.jpeg 1536w, https:\/\/atecordoba.org\/wp-content\/uploads\/2024\/01\/WhatsApp-Image-2024-01-24-at-1.47.49-PM-750x422.jpeg 750w, https:\/\/atecordoba.org\/wp-content\/uploads\/2024\/01\/WhatsApp-Image-2024-01-24-at-1.47.49-PM-1140x641.jpeg 1140w, https:\/\/atecordoba.org\/wp-content\/uploads\/2024\/01\/WhatsApp-Image-2024-01-24-at-1.47.49-PM.jpeg 1600w\" sizes=\"auto, (max-width: 512px) 100vw, 512px\" \/><\/figure>\n\n\n\n<p>ATE C\u00f3rdoba se moviliz\u00f3 hoy junto a la CTA Aut\u00f3noma en la ciudad de C\u00f3rdoba, como respuesta a las medidas antidemocr\u00e1ticas llevadas adelante por el Presidente Javier Milei como el DNU y la Ley \u00d3mnibus.<\/p>\n\n\n\n<p>La marcha cont\u00f3 con el apoyo y la participaci\u00f3n de compa\u00f1eras y compa\u00f1eros de Conicet, Agricultura familiar, trabajo, desarrollo social, Anac, Conae, Veng,<br>Parques nacionales, Municipales, Migraciones, Provinciales de salud, senaf, Fabrica militar Villa mar\u00eda, Senasa, Paicor, Jubilados, Renaper, Inti, Inta, Dioxitek, Vectores, Ministerio de salud, Personal civil, Iosfa, Esfa, Pami, Anses, Ministerio de cultura, Museo de alta gracia y Jes\u00fas maria, Docentes provinciales, Hospitales: misericordia, Villa dolores, De ni\u00f1os, Transito, Municipios: yacanto alta gracia, Anisacate, Valle de anisacate, Ciudad Parque,Tancacha, R\u00edo primero, San Francisco, Cruz del eje y Derechos humanos de la naci\u00f3n.<\/p>\n\n\n\n<p>La concentraci\u00f3n comenz\u00f3 a las 10 horas en Entre r\u00edos 450, desde donde los manifestantes avanzaron por Obispo Salguero hasta Arturo Illia, siguiendo por ah\u00ed hasta el Patio Olmos. All\u00ed la intervenci\u00f3n concluy\u00f3 con un acto de todos los sectores de nuestro sindicato, donde el \u00faltimo orador fue nuestro secretario General, Federico Giuliani.<\/p>\n\n\n\n<p>Al grito de \u201cunidad de los trabajadores\/y al que no le gusta, se jode, se jode\u201d, los manifestantes reclamaron la organizaci\u00f3n de un Plan de Lucha para derrotar las medidas autoritarias de Javier Milei.<\/p>\n\n\n\n<p>Al ingresar a la Obispo Salguero, la columna luci\u00f3 m\u00e1s nutrida y ocup\u00f3 varias cuadras, mientras se repet\u00edan las consignas en contra de Milei y su plan de gobierno. El d\u00eda soleado acompa\u00f1aba el paso de los manifestantes. Al llegar al Patio Olmos la cabecera de la movilizaci\u00f3n, la columna se extend\u00eda a lo largo de m\u00e1s de tres cuadras, hasta Buenos Aires. Se estim\u00f3 m\u00e1s de cinco mil personas presentes en la calle de nuestro sindicato, dando una se\u00f1al muy concreta de que c\u00f3mo organizaci\u00f3n no vamos a resignar ejercer nuestro derecho a protestar sino, todo lo contrario, estamos m\u00e1s convencidos y fuertes que nunca para luchar en las calles.<\/p>\n\n\n\n<p>\u201cCompa\u00f1eros, vamos a darnos un aplauso porque uno es lo que hace, no lo que dice, nosotros estamos bancando con el cuerpo lo que decimos con la boca\u201d, expres\u00f3 Giuliani al inicio de su discurso.<\/p>\n\n\n\n<p>Tambi\u00e9n Giuliani asever\u00f3 que &#8220;el debate no es el de pelearse por qui\u00e9n habla arriba de un palco para salir en los medios de comunicaci\u00f3n, si no, la construcci\u00f3n del modelo sindical que va a dar las luchas venideras&#8221;.<\/p>\n\n\n\n<p>Para cerrar Giuliani dijo que &#8220;Llaryora es Milei y vamos a darle la pelea por cada una de las familias que fueron despedidas durante su plan de ajuste&#8221;.<\/p>\n\n\n\n<figure class=\"wp-block-image size-large is-resized\"><img loading=\"lazy\" decoding=\"async\" src=\"https:\/\/atecordoba.org\/wp-content\/uploads\/2024\/01\/WhatsApp-Image-2024-01-24-at-12.22.54-PM-1024x578.jpeg\" alt=\"\" class=\"wp-image-41303\" width=\"512\" height=\"289\" srcset=\"https:\/\/atecordoba.org\/wp-content\/uploads\/2024\/01\/WhatsApp-Image-2024-01-24-at-12.22.54-PM-1024x578.jpeg 1024w, https:\/\/atecordoba.org\/wp-content\/uploads\/2024\/01\/WhatsApp-Image-2024-01-24-at-12.22.54-PM-300x169.jpeg 300w, https:\/\/atecordoba.org\/wp-content\/uploads\/2024\/01\/WhatsApp-Image-2024-01-24-at-12.22.54-PM-768x434.jpeg 768w, https:\/\/atecordoba.org\/wp-content\/uploads\/2024\/01\/WhatsApp-Image-2024-01-24-at-12.22.54-PM-1536x867.jpeg 1536w, https:\/\/atecordoba.org\/wp-content\/uploads\/2024\/01\/WhatsApp-Image-2024-01-24-at-12.22.54-PM-2048x1156.jpeg 2048w, https:\/\/atecordoba.org\/wp-content\/uploads\/2024\/01\/WhatsApp-Image-2024-01-24-at-12.22.54-PM-750x423.jpeg 750w, https:\/\/atecordoba.org\/wp-content\/uploads\/2024\/01\/WhatsApp-Image-2024-01-24-at-12.22.54-PM-1140x644.jpeg 1140w\" sizes=\"auto, (max-width: 512px) 100vw, 512px\" \/><\/figure>\n\n\n\n<figure class=\"wp-block-gallery has-nested-images columns-default is-cropped wp-block-gallery-1 is-layout-flex wp-block-gallery-is-layout-flex\">\n<figure class=\"wp-block-image size-large\"><img loading=\"lazy\" decoding=\"async\" width=\"578\" height=\"1024\" data-id=\"41298\" src=\"https:\/\/atecordoba.org\/wp-content\/uploads\/2024\/01\/WhatsApp-Image-2024-01-24-at-12.09.30-PM-578x1024.jpeg\" alt=\"\" class=\"wp-image-41298\" srcset=\"https:\/\/atecordoba.org\/wp-content\/uploads\/2024\/01\/WhatsApp-Image-2024-01-24-at-12.09.30-PM-578x1024.jpeg 578w, https:\/\/atecordoba.org\/wp-content\/uploads\/2024\/01\/WhatsApp-Image-2024-01-24-at-12.09.30-PM-169x300.jpeg 169w, https:\/\/atecordoba.org\/wp-content\/uploads\/2024\/01\/WhatsApp-Image-2024-01-24-at-12.09.30-PM-768x1360.jpeg 768w, https:\/\/atecordoba.org\/wp-content\/uploads\/2024\/01\/WhatsApp-Image-2024-01-24-at-12.09.30-PM-867x1536.jpeg 867w, https:\/\/atecordoba.org\/wp-content\/uploads\/2024\/01\/WhatsApp-Image-2024-01-24-at-12.09.30-PM-1156x2048.jpeg 1156w, https:\/\/atecordoba.org\/wp-content\/uploads\/2024\/01\/WhatsApp-Image-2024-01-24-at-12.09.30-PM-750x1329.jpeg 750w, https:\/\/atecordoba.org\/wp-content\/uploads\/2024\/01\/WhatsApp-Image-2024-01-24-at-12.09.30-PM-1140x2019.jpeg 1140w, https:\/\/atecordoba.org\/wp-content\/uploads\/2024\/01\/WhatsApp-Image-2024-01-24-at-12.09.30-PM-scaled.jpeg 1445w\" sizes=\"auto, (max-width: 578px) 100vw, 578px\" \/><\/figure>\n<\/figure>\n\n\n\n<figure class=\"wp-block-image size-large is-resized\"><img loading=\"lazy\" decoding=\"async\" src=\"https:\/\/atecordoba.org\/wp-content\/uploads\/2024\/01\/WhatsApp-Image-2024-01-24-at-12.10.37-PM-578x1024.jpeg\" alt=\"\" class=\"wp-image-41299\" width=\"289\" height=\"512\" srcset=\"https:\/\/atecordoba.org\/wp-content\/uploads\/2024\/01\/WhatsApp-Image-2024-01-24-at-12.10.37-PM-578x1024.jpeg 578w, https:\/\/atecordoba.org\/wp-content\/uploads\/2024\/01\/WhatsApp-Image-2024-01-24-at-12.10.37-PM-169x300.jpeg 169w, https:\/\/atecordoba.org\/wp-content\/uploads\/2024\/01\/WhatsApp-Image-2024-01-24-at-12.10.37-PM-768x1360.jpeg 768w, https:\/\/atecordoba.org\/wp-content\/uploads\/2024\/01\/WhatsApp-Image-2024-01-24-at-12.10.37-PM-867x1536.jpeg 867w, https:\/\/atecordoba.org\/wp-content\/uploads\/2024\/01\/WhatsApp-Image-2024-01-24-at-12.10.37-PM-1156x2048.jpeg 1156w, https:\/\/atecordoba.org\/wp-content\/uploads\/2024\/01\/WhatsApp-Image-2024-01-24-at-12.10.37-PM-750x1329.jpeg 750w, https:\/\/atecordoba.org\/wp-content\/uploads\/2024\/01\/WhatsApp-Image-2024-01-24-at-12.10.37-PM-1140x2019.jpeg 1140w, https:\/\/atecordoba.org\/wp-content\/uploads\/2024\/01\/WhatsApp-Image-2024-01-24-at-12.10.37-PM-scaled.jpeg 1445w\" sizes=\"auto, (max-width: 289px) 100vw, 289px\" \/><\/figure>\n\n\n\n<figure class=\"wp-block-image size-large is-resized\"><img loading=\"lazy\" decoding=\"async\" src=\"https:\/\/atecordoba.org\/wp-content\/uploads\/2024\/01\/WhatsApp-Image-2024-01-24-at-12.12.09-PM-1024x578.jpeg\" alt=\"\" class=\"wp-image-41300\" width=\"512\" height=\"289\" srcset=\"https:\/\/atecordoba.org\/wp-content\/uploads\/2024\/01\/WhatsApp-Image-2024-01-24-at-12.12.09-PM-1024x578.jpeg 1024w, https:\/\/atecordoba.org\/wp-content\/uploads\/2024\/01\/WhatsApp-Image-2024-01-24-at-12.12.09-PM-300x169.jpeg 300w, https:\/\/atecordoba.org\/wp-content\/uploads\/2024\/01\/WhatsApp-Image-2024-01-24-at-12.12.09-PM-768x434.jpeg 768w, https:\/\/atecordoba.org\/wp-content\/uploads\/2024\/01\/WhatsApp-Image-2024-01-24-at-12.12.09-PM-1536x867.jpeg 1536w, https:\/\/atecordoba.org\/wp-content\/uploads\/2024\/01\/WhatsApp-Image-2024-01-24-at-12.12.09-PM-2048x1156.jpeg 2048w, https:\/\/atecordoba.org\/wp-content\/uploads\/2024\/01\/WhatsApp-Image-2024-01-24-at-12.12.09-PM-750x423.jpeg 750w, https:\/\/atecordoba.org\/wp-content\/uploads\/2024\/01\/WhatsApp-Image-2024-01-24-at-12.12.09-PM-1140x644.jpeg 1140w\" sizes=\"auto, (max-width: 512px) 100vw, 512px\" \/><\/figure>\n\n\n\n<figure class=\"wp-block-image size-large is-resized\"><img loading=\"lazy\" decoding=\"async\" src=\"https:\/\/atecordoba.org\/wp-content\/uploads\/2024\/01\/WhatsApp-Image-2024-01-24-at-12.14.20-PM-1024x578.jpeg\" alt=\"\" class=\"wp-image-41301\" width=\"512\" height=\"289\" srcset=\"https:\/\/atecordoba.org\/wp-content\/uploads\/2024\/01\/WhatsApp-Image-2024-01-24-at-12.14.20-PM-1024x578.jpeg 1024w, https:\/\/atecordoba.org\/wp-content\/uploads\/2024\/01\/WhatsApp-Image-2024-01-24-at-12.14.20-PM-300x169.jpeg 300w, https:\/\/atecordoba.org\/wp-content\/uploads\/2024\/01\/WhatsApp-Image-2024-01-24-at-12.14.20-PM-768x434.jpeg 768w, https:\/\/atecordoba.org\/wp-content\/uploads\/2024\/01\/WhatsApp-Image-2024-01-24-at-12.14.20-PM-1536x867.jpeg 1536w, https:\/\/atecordoba.org\/wp-content\/uploads\/2024\/01\/WhatsApp-Image-2024-01-24-at-12.14.20-PM-2048x1156.jpeg 2048w, https:\/\/atecordoba.org\/wp-content\/uploads\/2024\/01\/WhatsApp-Image-2024-01-24-at-12.14.20-PM-750x423.jpeg 750w, https:\/\/atecordoba.org\/wp-content\/uploads\/2024\/01\/WhatsApp-Image-2024-01-24-at-12.14.20-PM-1140x644.jpeg 1140w\" sizes=\"auto, (max-width: 512px) 100vw, 512px\" \/><\/figure>\n\n\n\n<figure class=\"wp-block-image size-large is-resized\"><img loading=\"lazy\" decoding=\"async\" src=\"https:\/\/atecordoba.org\/wp-content\/uploads\/2024\/01\/WhatsApp-Image-2024-01-24-at-12.22.53-PM-1024x578.jpeg\" alt=\"\" class=\"wp-image-41302\" width=\"512\" height=\"289\" srcset=\"https:\/\/atecordoba.org\/wp-content\/uploads\/2024\/01\/WhatsApp-Image-2024-01-24-at-12.22.53-PM-1024x578.jpeg 1024w, https:\/\/atecordoba.org\/wp-content\/uploads\/2024\/01\/WhatsApp-Image-2024-01-24-at-12.22.53-PM-300x169.jpeg 300w, https:\/\/atecordoba.org\/wp-content\/uploads\/2024\/01\/WhatsApp-Image-2024-01-24-at-12.22.53-PM-768x434.jpeg 768w, https:\/\/atecordoba.org\/wp-content\/uploads\/2024\/01\/WhatsApp-Image-2024-01-24-at-12.22.53-PM-1536x867.jpeg 1536w, https:\/\/atecordoba.org\/wp-content\/uploads\/2024\/01\/WhatsApp-Image-2024-01-24-at-12.22.53-PM-2048x1156.jpeg 2048w, https:\/\/atecordoba.org\/wp-content\/uploads\/2024\/01\/WhatsApp-Image-2024-01-24-at-12.22.53-PM-750x423.jpeg 750w, https:\/\/atecordoba.org\/wp-content\/uploads\/2024\/01\/WhatsApp-Image-2024-01-24-at-12.22.53-PM-1140x644.jpeg 1140w\" sizes=\"auto, (max-width: 512px) 100vw, 512px\" \/><\/figure>\n\n\n\n<p><\/p>\n","protected":false},"excerpt":{"rendered":"<p>&#8220;Nosotros parimos la construcci\u00f3n de este paro general activo, fuimos los primeros en salir el 11 de Diciembre, luego estuvimos en Anisacate con 5 d\u00edas de manifestaciones activas, tambi\u00e9n el 27 de diciembre estuvimos en tribunales y por \u00faltimo el 9 de Enero fuimos el \u00fanico sindicato que le hizo un paro activo al gobierno [&hellip;]<\/p>\n","protected":false},"author":3,"featured_media":41295,"comment_status":"open","ping_status":"open","sticky":false,"template":"","format":"standard","meta":{"_exactmetrics_skip_tracking":false,"_exactmetrics_sitenote_active":false,"_exactmetrics_sitenote_note":"","_exactmetrics_sitenote_category":0,"jnews-multi-image_gallery":[],"jnews_single_post":{"subtitle":"","format":"standard","video":"","gallery":"","source_name":"","source_url":"","via_name":"","via_url":"","override_template":"0","override":[{"template":"1","single_blog_custom":"","parallax":"1","fullscreen":"1","layout":"no-sidebar-narrow","sidebar":"default-sidebar","second_sidebar":"default-sidebar","sticky_sidebar":"1","share_position":"bottom","share_float_style":"share-monocrhome","show_share_counter":"1","show_view_counter":"1","show_featured":"0","show_post_meta":"1","show_post_author":"0","show_post_author_image":"1","show_post_date":"1","post_date_format":"default","post_date_format_custom":"Y\/m\/d","show_post_category":"1","show_post_reading_time":"0","post_reading_time_wpm":"300","show_zoom_button":"0","zoom_button_out_step":"2","zoom_button_in_step":"3","show_post_tag":"1","show_prev_next_post":"0","show_popup_post":"0","number_popup_post":"1","show_author_box":"0","show_post_related":"1","show_inline_post_related":"0"}],"override_image_size":"0","image_override":[{"single_post_thumbnail_size":"crop-500","single_post_gallery_size":"crop-500"}],"trending_post":"0","trending_post_position":"meta","trending_post_label":"Trending","sponsored_post":"0","sponsored_post_label":"Sponsored by","sponsored_post_name":"","sponsored_post_url":"","sponsored_post_logo_enable":"0","sponsored_post_logo":"","sponsored_post_desc":"","disable_ad":"0"},"jnews_primary_category":{"id":"","hide":""},"jnews_social_meta":{"fb_title":"","fb_description":"","fb_image":"","twitter_title":"","twitter_description":"","twitter_image":""},"jnews_review":[],"enable_review":"0","type":"percentage","name":"","summary":"","brand":"","sku":"","good":[{"good_text":""}],"bad":[{"bad_text":""}],"score_override":"","override_value":"","rating":[{"rating_text":"","rating_number":"10"}],"price":[{"shop":"","price":"","link":"","icon":""}],"jnews_override_counter":{"override_view_counter":"0","view_counter_number":"0","override_share_counter":"0","share_counter_number":"0","override_like_counter":"0","like_counter_number":"0","override_dislike_counter":"0","dislike_counter_number":"0"},"jnews_post_split":{"enable_post_split":"0","post_split":[{"template":"1","tag":"h2","numbering":"asc","mode":"normal","first":"0","enable_toc":"0","toc_type":"normal"}]},"footnotes":""},"categories":[10],"tags":[],"class_list":["post-41294","post","type-post","status-publish","format-standard","has-post-thumbnail","hentry","category-accion-politica"],"jetpack_featured_media_url":"https:\/\/atecordoba.org\/wp-content\/uploads\/2024\/01\/WhatsApp-Image-2024-01-24-at-1.56.05-PM.jpeg","_links":{"self":[{"href":"https:\/\/atecordoba.org\/index.php?rest_route=\/wp\/v2\/posts\/41294","targetHints":{"allow":["GET"]}}],"collection":[{"href":"https:\/\/atecordoba.org\/index.php?rest_route=\/wp\/v2\/posts"}],"about":[{"href":"https:\/\/atecordoba.org\/index.php?rest_route=\/wp\/v2\/types\/post"}],"author":[{"embeddable":true,"href":"https:\/\/atecordoba.org\/index.php?rest_route=\/wp\/v2\/users\/3"}],"replies":[{"embeddable":true,"href":"https:\/\/atecordoba.org\/index.php?rest_route=%2Fwp%2Fv2%2Fcomments&post=41294"}],"version-history":[{"count":4,"href":"https:\/\/atecordoba.org\/index.php?rest_route=\/wp\/v2\/posts\/41294\/revisions"}],"predecessor-version":[{"id":41322,"href":"https:\/\/atecordoba.org\/index.php?rest_route=\/wp\/v2\/posts\/41294\/revisions\/41322"}],"wp:featuredmedia":[{"embeddable":true,"href":"https:\/\/atecordoba.org\/index.php?rest_route=\/wp\/v2\/media\/41295"}],"wp:attachment":[{"href":"https:\/\/atecordoba.org\/index.php?rest_route=%2Fwp%2Fv2%2Fmedia&parent=41294"}],"wp:term":[{"taxonomy":"category","embeddable":true,"href":"https:\/\/atecordoba.org\/index.php?rest_route=%2Fwp%2Fv2%2Fcategories&post=41294"},{"taxonomy":"post_tag","embeddable":true,"href":"https:\/\/atecordoba.org\/index.php?rest_route=%2Fwp%2Fv2%2Ftags&post=41294"}],"curies":[{"name":"wp","href":"https:\/\/api.w.org\/{rel}","templated":true}]}}