{"id":41289,"date":"2024-01-23T13:30:00","date_gmt":"2024-01-23T16:30:00","guid":{"rendered":"https:\/\/atecordoba.org\/?p=41289"},"modified":"2024-01-23T13:38:14","modified_gmt":"2024-01-23T16:38:14","slug":"ate-impugna-el-despido-de-9-trabajadorxs-de-la-municipalidad-de-mina-clavero","status":"publish","type":"post","link":"https:\/\/atecordoba.org\/?p=41289","title":{"rendered":"ATE impugna el despido de 9 trabajadorxs de la municipalidad de Mina Clavero."},"content":{"rendered":"\n<h5 class=\"wp-block-heading\">Se trata de personal altamente precarizado que goza de larga antig\u00fcedad en el municipio, cumpliendo tareas de odontolog\u00eda, administraci\u00f3n y enfermer\u00eda. <\/h5>\n\n\n\n<figure class=\"wp-block-image size-large is-resized\"><img loading=\"lazy\" decoding=\"async\" src=\"https:\/\/atecordoba.org\/wp-content\/uploads\/2024\/01\/WhatsApp-Image-2024-01-23-at-1.28.03-PM-1-1024x1024.jpeg\" alt=\"\" class=\"wp-image-41291\" width=\"256\" height=\"256\" srcset=\"https:\/\/atecordoba.org\/wp-content\/uploads\/2024\/01\/WhatsApp-Image-2024-01-23-at-1.28.03-PM-1-1024x1024.jpeg 1024w, https:\/\/atecordoba.org\/wp-content\/uploads\/2024\/01\/WhatsApp-Image-2024-01-23-at-1.28.03-PM-1-300x300.jpeg 300w, https:\/\/atecordoba.org\/wp-content\/uploads\/2024\/01\/WhatsApp-Image-2024-01-23-at-1.28.03-PM-1-150x150.jpeg 150w, https:\/\/atecordoba.org\/wp-content\/uploads\/2024\/01\/WhatsApp-Image-2024-01-23-at-1.28.03-PM-1-768x768.jpeg 768w, https:\/\/atecordoba.org\/wp-content\/uploads\/2024\/01\/WhatsApp-Image-2024-01-23-at-1.28.03-PM-1-560x560.jpeg 560w, https:\/\/atecordoba.org\/wp-content\/uploads\/2024\/01\/WhatsApp-Image-2024-01-23-at-1.28.03-PM-1-75x75.jpeg 75w, https:\/\/atecordoba.org\/wp-content\/uploads\/2024\/01\/WhatsApp-Image-2024-01-23-at-1.28.03-PM-1-350x350.jpeg 350w, https:\/\/atecordoba.org\/wp-content\/uploads\/2024\/01\/WhatsApp-Image-2024-01-23-at-1.28.03-PM-1-750x750.jpeg 750w, https:\/\/atecordoba.org\/wp-content\/uploads\/2024\/01\/WhatsApp-Image-2024-01-23-at-1.28.03-PM-1.jpeg 1080w\" sizes=\"auto, (max-width: 256px) 100vw, 256px\" \/><\/figure>\n\n\n\n<p>La municipalidad de Mina Clavero inform\u00f3 ayer el despido de 9 trabajadorxs especialmente abocados al \u00e1rea de salud, los mismos se encontraban con contratos precarizados.<\/p>\n\n\n\n<p>Nuestra abogada a cargo del caso Mar\u00eda Terragno respecto a la situaci\u00f3n contractual de lxs trabajadorxs nos comentaba:  <br> &#8220;Hay dos odont\u00f3logas despedidas que ten\u00edan contrato de locaci\u00f3n de servicio, es decir, facturaban bajo la modalidad de monotributo o la condici\u00f3n tributaria que cada unx de ellxs tengan.&#8221; <\/p>\n\n\n\n<p>Cuando le consultamos sobre nuestra acci\u00f3n legal nos menciona: &#8220;Nosotros lo que hicimos frente a eso fue hacer un reclamo administrativo en la cual impugnamos el despido en orden a que las tareas que realizan son propias, principales y permanentes de la municipalidad, es decir, est\u00e1n dentro de la categor\u00eda del estatuto municipal, con lo cual deber\u00edan haberles otorgado la estabilidad que tiene el empleo p\u00fablico, que est\u00e1 consignado en el art\u00edculo 14 bis de la Constituci\u00f3n Nacional.&#8221;<\/p>\n\n\n\n<p> Tambi\u00e9n manifiesta que &#8220;los municipios y los estados recurren a formas precarias de contrataci\u00f3n, justamente para poder despedir sin ninguna indemnizaci\u00f3n, sin costo, en algunos casos para reducir el presupuesto, en otros casos para reemplazar algunos despedidos. Por ejemplo, es el caso de de algunas enfermeras odont\u00f3logas, y tambi\u00e9n hay administrativas despedidas, con lo cual es una forma abusiva de contrataci\u00f3n.&#8221;<\/p>\n\n\n\n<p><br>Frente a este panorama, la municipalidad contest\u00f3, rechazando y sin perjuicio de las acciones gremiales que llevemos a cabo, el paso siguiente es hacer una acci\u00f3n judicial a los efectos de la reincorporaci\u00f3n o indemnizaci\u00f3n, en el caso de que algunxs trabajadorxs no quieran reincorporarse.<\/p>\n\n\n\n<p class=\"has-medium-font-size\"><strong>El panorama de cara al 24 de Enero<\/strong>:<\/p>\n\n\n\n<p>A lo mencionado anteriormente sumamos testimonios de nuestras afiliadas despedidas que marchar\u00e1n el 24 de Enero y su visi\u00f3n respecto al contexto nacional en medio del debate sobre la ley \u00f3mnibus y el DNU impuesto por el presidente Javier Milei.<\/p>\n\n\n\n<p>&#8220;Me moviliz\u00f3 porque soy actriz, poeta, formo parte de espacios de autogesti\u00f3n, disidencias sexuales c\u00f3mo Casa Diversa. Estoy preocupada por el desmantelamiento de los espacios de salud que sostienen a las diversidades y disidencias sexuales c\u00f3mo los consultorios inclusivos. Hasta diciembre fui promotora de salud del consultorio inclusivo de Mina Clavero y no me renovaron el contrato. Considero q es un problema en cuanto a la representatividad. \u00bfQu\u00e9 es un consultorio inclusivo sin personas travestis, trans que est\u00e9n dentro del equipo? De a poco se puede debilitar los espacios que hemos conquistado y eso es para poner el cuerpo y estar antentes a que no se de ni un paso atr\u00e1s. La Ley de identidad de g\u00e9nero no se toca, el cupo laboral travesti, trans no binarie no se toca. Seguiremos exigiendo por una ley integral trans de reparaci\u00f3n hist\u00f3rica al colectivo. Que el Estado se haga cargo de un colectivo que ha sido abandonado y vulnerado historicamente. Nuestros derechos adquiridos fueron gracias a la organizaci\u00f3n y a la lucha&#8221; expresaba Gemma, trabajadora despedida del equipo de g\u00e9nero de la municipalidad de Mina Clavero.<\/p>\n\n\n\n<p>Tambi\u00e9n se hizo presente Delia Rivarola odont\u00f3loga despedida de la Municipalidad de Mina Clavero. &#8220;Me parece fundamental la unidad en las luchas. Luchar en soledad no sirve, juntos somos un mont\u00f3n. Ser\u00eda importante poder confluir en una gran asamblea todos los sectores del valle que hoy est\u00e1n siendo atacados y confluir en una asamblea que prepare el paro del 24.&#8221;<\/p>\n","protected":false},"excerpt":{"rendered":"<p>Se trata de personal altamente precarizado que goza de larga antig\u00fcedad en el municipio, cumpliendo tareas de odontolog\u00eda, administraci\u00f3n y enfermer\u00eda. La municipalidad de Mina Clavero inform\u00f3 ayer el despido de 9 trabajadorxs especialmente abocados al \u00e1rea de salud, los mismos se encontraban con contratos precarizados. Nuestra abogada a cargo del caso Mar\u00eda Terragno respecto [&hellip;]<\/p>\n","protected":false},"author":3,"featured_media":41290,"comment_status":"open","ping_status":"open","sticky":false,"template":"","format":"standard","meta":{"_exactmetrics_skip_tracking":false,"_exactmetrics_sitenote_active":false,"_exactmetrics_sitenote_note":"","_exactmetrics_sitenote_category":0,"jnews-multi-image_gallery":[],"jnews_single_post":{"subtitle":"","format":"standard","video":"","gallery":"","source_name":"","source_url":"","via_name":"","via_url":"","override_template":"0","override":[{"template":"1","single_blog_custom":"","parallax":"1","fullscreen":"1","layout":"no-sidebar-narrow","sidebar":"default-sidebar","second_sidebar":"default-sidebar","sticky_sidebar":"1","share_position":"bottom","share_float_style":"share-monocrhome","show_share_counter":"1","show_view_counter":"1","show_featured":"0","show_post_meta":"1","show_post_author":"0","show_post_author_image":"1","show_post_date":"1","post_date_format":"default","post_date_format_custom":"Y\/m\/d","show_post_category":"1","show_post_reading_time":"0","post_reading_time_wpm":"300","show_zoom_button":"0","zoom_button_out_step":"2","zoom_button_in_step":"3","show_post_tag":"1","show_prev_next_post":"0","show_popup_post":"0","number_popup_post":"1","show_author_box":"0","show_post_related":"1","show_inline_post_related":"0"}],"override_image_size":"0","image_override":[{"single_post_thumbnail_size":"crop-500","single_post_gallery_size":"crop-500"}],"trending_post":"0","trending_post_position":"meta","trending_post_label":"Trending","sponsored_post":"0","sponsored_post_label":"Sponsored by","sponsored_post_name":"","sponsored_post_url":"","sponsored_post_logo_enable":"0","sponsored_post_logo":"","sponsored_post_desc":"","disable_ad":"0"},"jnews_primary_category":{"id":"","hide":""},"jnews_social_meta":{"fb_title":"","fb_description":"","fb_image":"","twitter_title":"","twitter_description":"","twitter_image":""},"jnews_review":[],"enable_review":"0","type":"percentage","name":"","summary":"","brand":"","sku":"","good":[{"good_text":""}],"bad":[{"bad_text":""}],"score_override":"","override_value":"","rating":[{"rating_text":"","rating_number":"10"}],"price":[{"shop":"","price":"","link":"","icon":""}],"jnews_override_counter":{"override_view_counter":"0","view_counter_number":"0","override_share_counter":"0","share_counter_number":"0","override_like_counter":"0","like_counter_number":"0","override_dislike_counter":"0","dislike_counter_number":"0"},"jnews_post_split":{"enable_post_split":"0","post_split":[{"template":"1","tag":"h2","numbering":"asc","mode":"normal","first":"0","enable_toc":"0","toc_type":"normal"}]},"footnotes":""},"categories":[8],"tags":[],"class_list":["post-41289","post","type-post","status-publish","format-standard","has-post-thumbnail","hentry","category-provinciales"],"jetpack_featured_media_url":"https:\/\/atecordoba.org\/wp-content\/uploads\/2024\/01\/WhatsApp-Image-2024-01-23-at-1.28.03-PM.jpeg","_links":{"self":[{"href":"https:\/\/atecordoba.org\/index.php?rest_route=\/wp\/v2\/posts\/41289","targetHints":{"allow":["GET"]}}],"collection":[{"href":"https:\/\/atecordoba.org\/index.php?rest_route=\/wp\/v2\/posts"}],"about":[{"href":"https:\/\/atecordoba.org\/index.php?rest_route=\/wp\/v2\/types\/post"}],"author":[{"embeddable":true,"href":"https:\/\/atecordoba.org\/index.php?rest_route=\/wp\/v2\/users\/3"}],"replies":[{"embeddable":true,"href":"https:\/\/atecordoba.org\/index.php?rest_route=%2Fwp%2Fv2%2Fcomments&post=41289"}],"version-history":[{"count":2,"href":"https:\/\/atecordoba.org\/index.php?rest_route=\/wp\/v2\/posts\/41289\/revisions"}],"predecessor-version":[{"id":41293,"href":"https:\/\/atecordoba.org\/index.php?rest_route=\/wp\/v2\/posts\/41289\/revisions\/41293"}],"wp:featuredmedia":[{"embeddable":true,"href":"https:\/\/atecordoba.org\/index.php?rest_route=\/wp\/v2\/media\/41290"}],"wp:attachment":[{"href":"https:\/\/atecordoba.org\/index.php?rest_route=%2Fwp%2Fv2%2Fmedia&parent=41289"}],"wp:term":[{"taxonomy":"category","embeddable":true,"href":"https:\/\/atecordoba.org\/index.php?rest_route=%2Fwp%2Fv2%2Fcategories&post=41289"},{"taxonomy":"post_tag","embeddable":true,"href":"https:\/\/atecordoba.org\/index.php?rest_route=%2Fwp%2Fv2%2Ftags&post=41289"}],"curies":[{"name":"wp","href":"https:\/\/api.w.org\/{rel}","templated":true}]}}