{"id":41282,"date":"2024-01-23T11:26:04","date_gmt":"2024-01-23T14:26:04","guid":{"rendered":"https:\/\/atecordoba.org\/?p=41282"},"modified":"2024-01-23T11:26:05","modified_gmt":"2024-01-23T14:26:05","slug":"federico-giuliani-intima-al-ministro-de-seguridad-para-que-cese-sus-actividades-de-espionaje-en-la-marcha-del-24","status":"publish","type":"post","link":"https:\/\/atecordoba.org\/?p=41282","title":{"rendered":"Federico Giuliani intima al ministro de seguridad para que cese sus actividades de espionaje en la marcha del 24"},"content":{"rendered":"\n<h5 class=\"wp-block-heading\">La administraci\u00f3n de Juan Pablo Quinteros <a href=\"https:\/\/atecordoba.org\/?p=40801\" data-type=\"URL\" data-id=\"https:\/\/atecordoba.org\/?p=40801\">se encuentra realizando tareas de inteligencia desde el 20 de diciembre pasado<\/a> cuando la ya famosa sargento de la polic\u00eda de la provincia, Claudia Meli\u00e1n fue descubierta &#8220;In Fraganti&#8221; sacando fotos sin estar identificada como personal policial.<\/h5>\n\n\n\n<figure class=\"wp-block-image size-full is-resized\"><img loading=\"lazy\" decoding=\"async\" src=\"https:\/\/atecordoba.org\/wp-content\/uploads\/2024\/01\/WhatsApp-Image-2024-01-22-at-10.09.49-AM-1.jpeg\" alt=\"\" class=\"wp-image-41261\" width=\"384\" height=\"512\" srcset=\"https:\/\/atecordoba.org\/wp-content\/uploads\/2024\/01\/WhatsApp-Image-2024-01-22-at-10.09.49-AM-1.jpeg 768w, https:\/\/atecordoba.org\/wp-content\/uploads\/2024\/01\/WhatsApp-Image-2024-01-22-at-10.09.49-AM-1-225x300.jpeg 225w, https:\/\/atecordoba.org\/wp-content\/uploads\/2024\/01\/WhatsApp-Image-2024-01-22-at-10.09.49-AM-1-750x1000.jpeg 750w\" sizes=\"auto, (max-width: 384px) 100vw, 384px\" \/><\/figure>\n\n\n\n<p>En la tarde del 22 de Enero nuestro secretario general envi\u00f3 una carta documento intimando a que el ministerio de seguridad <\/p>\n\n\n\n<figure class=\"wp-block-pullquote\"><blockquote><p>&#8220;No realice inteligencia sin autorizaci\u00f3n judicial previa y en el marco de una investigaci\u00f3n en curso&#8221;, <\/p><\/blockquote><\/figure>\n\n\n\n<p>tambi\u00e9n se insta a que el ministro arbitre su fuerzas de seguridad para que no realicen  inteligencia interior m\u00e1s cuando <\/p>\n\n\n\n<figure class=\"wp-block-pullquote\"><blockquote><p>&#8220;est\u00e1n tan claramente dirigidas a perseguir dirigentes de organizaciones sindicales, ingresando a sus locales a los fines de obtener informaci\u00f3n previa sobre la actividad sindical, lo que est\u00e1 EXPRESAMENTE VEDADO POR LAS LEYES ARRIBA INVOCADAS&#8221; <\/p><\/blockquote><\/figure>\n\n\n\n<p>menciona en uno de sus fragmentos la carta.<\/p>\n\n\n\n<p>Por otro lado, se exige que se <\/p>\n\n\n\n<figure class=\"wp-block-pullquote\"><blockquote><p>&#8220;ordene la separaci\u00f3n de la Sargento Primero Meli\u00e1n de los procedimientos policiales para el 24\/01\/2024&#8221; <\/p><\/blockquote><\/figure>\n\n\n\n<figure class=\"wp-block-image size-large is-resized\"><img loading=\"lazy\" decoding=\"async\" src=\"https:\/\/atecordoba.org\/wp-content\/uploads\/2024\/01\/WhatsApp-Image-2024-01-23-at-10.41.49-AM-791x1024.jpeg\" alt=\"\" class=\"wp-image-41286\" width=\"396\" height=\"512\" srcset=\"https:\/\/atecordoba.org\/wp-content\/uploads\/2024\/01\/WhatsApp-Image-2024-01-23-at-10.41.49-AM-791x1024.jpeg 791w, https:\/\/atecordoba.org\/wp-content\/uploads\/2024\/01\/WhatsApp-Image-2024-01-23-at-10.41.49-AM-232x300.jpeg 232w, https:\/\/atecordoba.org\/wp-content\/uploads\/2024\/01\/WhatsApp-Image-2024-01-23-at-10.41.49-AM-768x994.jpeg 768w, https:\/\/atecordoba.org\/wp-content\/uploads\/2024\/01\/WhatsApp-Image-2024-01-23-at-10.41.49-AM-1187x1536.jpeg 1187w, https:\/\/atecordoba.org\/wp-content\/uploads\/2024\/01\/WhatsApp-Image-2024-01-23-at-10.41.49-AM-750x971.jpeg 750w, https:\/\/atecordoba.org\/wp-content\/uploads\/2024\/01\/WhatsApp-Image-2024-01-23-at-10.41.49-AM-1140x1476.jpeg 1140w, https:\/\/atecordoba.org\/wp-content\/uploads\/2024\/01\/WhatsApp-Image-2024-01-23-at-10.41.49-AM.jpeg 1236w\" sizes=\"auto, (max-width: 396px) 100vw, 396px\" \/><\/figure>\n\n\n\n<p>Federico Giuliani en un comunicado que hizo para ATE C\u00f3rdoba menciona que tambi\u00e9n &#8220;Hace responsable a Juan Pablo Quinteros sobre cualquier acto de violencia que la fuerza represiva de la provincia de C\u00f3rdoba realice el d\u00eda 24, no solo violencia f\u00edsica, sino, provocaciones, agresi\u00f3n e inteligencia en general&#8221; <\/p>\n\n\n\n<figure class=\"wp-block-video\"><video height=\"864\" style=\"aspect-ratio: 480 \/ 864;\" width=\"480\" controls src=\"https:\/\/atecordoba.org\/wp-content\/uploads\/2024\/01\/WhatsApp-Video-2024-01-22-at-9.36.20-PM.mp4\"><\/video><\/figure>\n","protected":false},"excerpt":{"rendered":"<p>La administraci\u00f3n de Juan Pablo Quinteros se encuentra realizando tareas de inteligencia desde el 20 de diciembre pasado cuando la ya famosa sargento de la polic\u00eda de la provincia, Claudia Meli\u00e1n fue descubierta &#8220;In Fraganti&#8221; sacando fotos sin estar identificada como personal policial. En la tarde del 22 de Enero nuestro secretario general envi\u00f3 una [&hellip;]<\/p>\n","protected":false},"author":3,"featured_media":41285,"comment_status":"open","ping_status":"open","sticky":false,"template":"","format":"standard","meta":{"_exactmetrics_skip_tracking":false,"_exactmetrics_sitenote_active":false,"_exactmetrics_sitenote_note":"","_exactmetrics_sitenote_category":0,"jnews-multi-image_gallery":[],"jnews_single_post":{"subtitle":"","format":"standard","video":"","gallery":"","source_name":"","source_url":"","via_name":"","via_url":"","override_template":"0","override":[{"template":"1","single_blog_custom":"","parallax":"1","fullscreen":"1","layout":"no-sidebar-narrow","sidebar":"default-sidebar","second_sidebar":"default-sidebar","sticky_sidebar":"1","share_position":"bottom","share_float_style":"share-monocrhome","show_share_counter":"1","show_view_counter":"1","show_featured":"0","show_post_meta":"1","show_post_author":"0","show_post_author_image":"1","show_post_date":"1","post_date_format":"default","post_date_format_custom":"Y\/m\/d","show_post_category":"1","show_post_reading_time":"0","post_reading_time_wpm":"300","show_zoom_button":"0","zoom_button_out_step":"2","zoom_button_in_step":"3","show_post_tag":"1","show_prev_next_post":"0","show_popup_post":"0","number_popup_post":"1","show_author_box":"0","show_post_related":"1","show_inline_post_related":"0"}],"override_image_size":"0","image_override":[{"single_post_thumbnail_size":"crop-500","single_post_gallery_size":"crop-500"}],"trending_post":"0","trending_post_position":"meta","trending_post_label":"Trending","sponsored_post":"0","sponsored_post_label":"Sponsored by","sponsored_post_name":"","sponsored_post_url":"","sponsored_post_logo_enable":"0","sponsored_post_logo":"","sponsored_post_desc":"","disable_ad":"0"},"jnews_primary_category":{"id":"","hide":""},"jnews_social_meta":{"fb_title":"","fb_description":"","fb_image":"","twitter_title":"","twitter_description":"","twitter_image":""},"jnews_review":[],"enable_review":"0","type":"percentage","name":"","summary":"","brand":"","sku":"","good":[{"good_text":""}],"bad":[{"bad_text":""}],"score_override":"","override_value":"","rating":[{"rating_text":"","rating_number":"10"}],"price":[{"shop":"","price":"","link":"","icon":""}],"jnews_override_counter":{"override_view_counter":"0","view_counter_number":"0","override_share_counter":"0","share_counter_number":"0","override_like_counter":"0","like_counter_number":"0","override_dislike_counter":"0","dislike_counter_number":"0"},"jnews_post_split":{"enable_post_split":"0","post_split":[{"template":"1","tag":"h2","numbering":"asc","mode":"normal","first":"0","enable_toc":"0","toc_type":"normal"}]},"footnotes":""},"categories":[10,8],"tags":[],"class_list":["post-41282","post","type-post","status-publish","format-standard","has-post-thumbnail","hentry","category-accion-politica","category-provinciales"],"jetpack_featured_media_url":"https:\/\/atecordoba.org\/wp-content\/uploads\/2024\/01\/Diseno-sin-titulo-1.png","_links":{"self":[{"href":"https:\/\/atecordoba.org\/index.php?rest_route=\/wp\/v2\/posts\/41282","targetHints":{"allow":["GET"]}}],"collection":[{"href":"https:\/\/atecordoba.org\/index.php?rest_route=\/wp\/v2\/posts"}],"about":[{"href":"https:\/\/atecordoba.org\/index.php?rest_route=\/wp\/v2\/types\/post"}],"author":[{"embeddable":true,"href":"https:\/\/atecordoba.org\/index.php?rest_route=\/wp\/v2\/users\/3"}],"replies":[{"embeddable":true,"href":"https:\/\/atecordoba.org\/index.php?rest_route=%2Fwp%2Fv2%2Fcomments&post=41282"}],"version-history":[{"count":1,"href":"https:\/\/atecordoba.org\/index.php?rest_route=\/wp\/v2\/posts\/41282\/revisions"}],"predecessor-version":[{"id":41288,"href":"https:\/\/atecordoba.org\/index.php?rest_route=\/wp\/v2\/posts\/41282\/revisions\/41288"}],"wp:featuredmedia":[{"embeddable":true,"href":"https:\/\/atecordoba.org\/index.php?rest_route=\/wp\/v2\/media\/41285"}],"wp:attachment":[{"href":"https:\/\/atecordoba.org\/index.php?rest_route=%2Fwp%2Fv2%2Fmedia&parent=41282"}],"wp:term":[{"taxonomy":"category","embeddable":true,"href":"https:\/\/atecordoba.org\/index.php?rest_route=%2Fwp%2Fv2%2Fcategories&post=41282"},{"taxonomy":"post_tag","embeddable":true,"href":"https:\/\/atecordoba.org\/index.php?rest_route=%2Fwp%2Fv2%2Ftags&post=41282"}],"curies":[{"name":"wp","href":"https:\/\/api.w.org\/{rel}","templated":true}]}}