{"id":41276,"date":"2024-01-22T10:44:27","date_gmt":"2024-01-22T13:44:27","guid":{"rendered":"https:\/\/atecordoba.org\/?p=41276"},"modified":"2024-01-22T10:44:28","modified_gmt":"2024-01-22T13:44:28","slug":"aguiar-con-javier-milei-el-10-de-los-trabajadores-estatales-cayo-por-debajo-de-la-linea-de-la-pobreza","status":"publish","type":"post","link":"https:\/\/atecordoba.org\/?p=41276","title":{"rendered":"Aguiar: &#8220;Con Javier Milei el 10% de los trabajadores estatales cay\u00f3 por debajo de la l\u00ednea de la pobreza&#8221;"},"content":{"rendered":"\n<p>&#8220;Mientras salarios y jubilaciones se mantienen congelados a las empresas de servicios se les autoriza aumentos mensuales y permanentes&#8221;, advirti\u00f3 nuestro secretario general de ATE Nacional, Rodolfo Aguiar.<\/p>\n\n\n\n<figure class=\"wp-block-image size-full\"><img loading=\"lazy\" decoding=\"async\" width=\"680\" height=\"470\" src=\"https:\/\/atecordoba.org\/wp-content\/uploads\/2024\/01\/rodiaguiar-1.jpg\" alt=\"\" class=\"wp-image-41278\" srcset=\"https:\/\/atecordoba.org\/wp-content\/uploads\/2024\/01\/rodiaguiar-1.jpg 680w, https:\/\/atecordoba.org\/wp-content\/uploads\/2024\/01\/rodiaguiar-1-300x207.jpg 300w\" sizes=\"auto, (max-width: 680px) 100vw, 680px\" \/><\/figure>\n\n\n\n<p>El secretario general de ATE Nacional,\u00a0<strong>Rodolfo Aguiar<\/strong>, asegur\u00f3 que en los 42 d\u00edas que lleva el gobierno de\u00a0<strong>Javier Milei\u00a0<\/strong>un 10% de los trabajadores estatales cay\u00f3 por debajo de la l\u00ednea de pobreza. Adem\u00e1s afirm\u00f3 que la gesti\u00f3n de\u00a0<strong>La Libertad Avanza\u00a0<\/strong>busca &#8220;hacer desaparecer&#8221; al Estado porque &#8220;es la \u00faltima barrera de contenci\u00f3n&#8221; contra la concentraci\u00f3n econ\u00f3mica.\u00a0<strong>&#8220;Est\u00e1n decididos a pelearse con todo el pueblo para beneficiar a los intereses de las corporaciones&#8221;<\/strong>, indic\u00f3\u00a0<strong>Aguiar<\/strong>\u00a0y ratific\u00f3 la adhesi\u00f3n de su sindicato al\u00a0<strong>paro del 24 de enero<\/strong>\u00a0convocado por las centrales obreras.<\/p>\n\n\n\n<p>Aguiar sostuvo que como consecuencia de las pol\u00edticas econ\u00f3micas que impuls\u00f3 el gobierno libertario, como la devaluaci\u00f3n o el congelamiento de salarios, un<strong>\u00a010% de los empleados p\u00fablicos cay\u00f3 por debajo del \u00edndice que mide la pobreza<\/strong>. &#8220;El salario promedio en el Estado es\u00a0<strong>259.000 pesos<\/strong>\u00a0mientras todos vimos con asombro c\u00f3mo escal\u00f3 el costo de la\u00a0<strong>Canasta B\u00e1sica Familiar<\/strong>\u00a0a 495 mil pesos&#8221;, se\u00f1al\u00f3.<\/p>\n\n\n\n<p>Hay un ajuste potente y regresivo que se impulsa a nivel nacional que tiene como principal v\u00edctima a los trabajadores, a los jubilados y los sectores populares.<strong>&nbsp;Estamos enfrentando la inmoralidad y violencia. Mientras salarios y jubilaciones se mantienen congelados, a las empresas de servicios se les autoriza aumentos mensuales y permanentes.<\/strong>&nbsp;Aumenta el transporte a partir de la quita de subsidios, el colectivo, el tren, aumentan las tarifas de gas, agua, luz y lo que no se incrementan son los ingresos de los trabajadores y los jubilados&#8221;, agreg\u00f3.<\/p>\n\n\n\n<p>Ante esta situaci\u00f3n, el secretario de ATE dijo que al gobierno&nbsp;<strong>no le deber\u00eda sorprender<\/strong>&nbsp;que los 17 amparos que se presentaron contra el DNU y la Ley \u00d3mnibus de Milei hayan sido presentados por los sindicatos. &#8220;Los que estamos jodidos con este programa econ\u00f3mico somos los trabajadores.&nbsp;<strong>Los empresarios est\u00e1n de fiesta desde que ellos asumieron&#8221;,&nbsp;<\/strong>manifest\u00f3.<\/p>\n","protected":false},"excerpt":{"rendered":"<p>&#8220;Mientras salarios y jubilaciones se mantienen congelados a las empresas de servicios se les autoriza aumentos mensuales y permanentes&#8221;, advirti\u00f3 nuestro secretario general de ATE Nacional, Rodolfo Aguiar. El secretario general de ATE Nacional,\u00a0Rodolfo Aguiar, asegur\u00f3 que en los 42 d\u00edas que lleva el gobierno de\u00a0Javier Milei\u00a0un 10% de los trabajadores estatales cay\u00f3 por debajo [&hellip;]<\/p>\n","protected":false},"author":3,"featured_media":41277,"comment_status":"open","ping_status":"open","sticky":false,"template":"","format":"standard","meta":{"_exactmetrics_skip_tracking":false,"_exactmetrics_sitenote_active":false,"_exactmetrics_sitenote_note":"","_exactmetrics_sitenote_category":0,"jnews-multi-image_gallery":[],"jnews_single_post":{"subtitle":"","format":"standard","video":"","gallery":"","source_name":"","source_url":"","via_name":"","via_url":"","override_template":"0","override":[{"template":"1","single_blog_custom":"","parallax":"1","fullscreen":"1","layout":"no-sidebar-narrow","sidebar":"default-sidebar","second_sidebar":"default-sidebar","sticky_sidebar":"1","share_position":"bottom","share_float_style":"share-monocrhome","show_share_counter":"1","show_view_counter":"1","show_featured":"0","show_post_meta":"1","show_post_author":"0","show_post_author_image":"1","show_post_date":"1","post_date_format":"default","post_date_format_custom":"Y\/m\/d","show_post_category":"1","show_post_reading_time":"0","post_reading_time_wpm":"300","show_zoom_button":"0","zoom_button_out_step":"2","zoom_button_in_step":"3","show_post_tag":"1","show_prev_next_post":"0","show_popup_post":"0","number_popup_post":"1","show_author_box":"0","show_post_related":"1","show_inline_post_related":"0"}],"override_image_size":"0","image_override":[{"single_post_thumbnail_size":"crop-500","single_post_gallery_size":"crop-500"}],"trending_post":"0","trending_post_position":"meta","trending_post_label":"Trending","sponsored_post":"0","sponsored_post_label":"Sponsored by","sponsored_post_name":"","sponsored_post_url":"","sponsored_post_logo_enable":"0","sponsored_post_logo":"","sponsored_post_desc":"","disable_ad":"0"},"jnews_primary_category":{"id":"","hide":""},"jnews_social_meta":{"fb_title":"","fb_description":"","fb_image":"","twitter_title":"","twitter_description":"","twitter_image":""},"jnews_review":[],"enable_review":"0","type":"percentage","name":"","summary":"","brand":"","sku":"","good":[{"good_text":""}],"bad":[{"bad_text":""}],"score_override":"","override_value":"","rating":[{"rating_text":"","rating_number":"10"}],"price":[{"shop":"","price":"","link":"","icon":""}],"jnews_override_counter":{"override_view_counter":"0","view_counter_number":"0","override_share_counter":"0","share_counter_number":"0","override_like_counter":"0","like_counter_number":"0","override_dislike_counter":"0","dislike_counter_number":"0"},"jnews_post_split":{"enable_post_split":"0","post_split":[{"template":"1","tag":"h2","numbering":"asc","mode":"normal","first":"0","enable_toc":"0","toc_type":"normal"}]},"footnotes":""},"categories":[756],"tags":[],"class_list":["post-41276","post","type-post","status-publish","format-standard","has-post-thumbnail","hentry","category-consejo-directivo-nacional-cdn"],"jetpack_featured_media_url":"https:\/\/atecordoba.org\/wp-content\/uploads\/2024\/01\/rodiaguiar.jpg","_links":{"self":[{"href":"https:\/\/atecordoba.org\/index.php?rest_route=\/wp\/v2\/posts\/41276","targetHints":{"allow":["GET"]}}],"collection":[{"href":"https:\/\/atecordoba.org\/index.php?rest_route=\/wp\/v2\/posts"}],"about":[{"href":"https:\/\/atecordoba.org\/index.php?rest_route=\/wp\/v2\/types\/post"}],"author":[{"embeddable":true,"href":"https:\/\/atecordoba.org\/index.php?rest_route=\/wp\/v2\/users\/3"}],"replies":[{"embeddable":true,"href":"https:\/\/atecordoba.org\/index.php?rest_route=%2Fwp%2Fv2%2Fcomments&post=41276"}],"version-history":[{"count":1,"href":"https:\/\/atecordoba.org\/index.php?rest_route=\/wp\/v2\/posts\/41276\/revisions"}],"predecessor-version":[{"id":41279,"href":"https:\/\/atecordoba.org\/index.php?rest_route=\/wp\/v2\/posts\/41276\/revisions\/41279"}],"wp:featuredmedia":[{"embeddable":true,"href":"https:\/\/atecordoba.org\/index.php?rest_route=\/wp\/v2\/media\/41277"}],"wp:attachment":[{"href":"https:\/\/atecordoba.org\/index.php?rest_route=%2Fwp%2Fv2%2Fmedia&parent=41276"}],"wp:term":[{"taxonomy":"category","embeddable":true,"href":"https:\/\/atecordoba.org\/index.php?rest_route=%2Fwp%2Fv2%2Fcategories&post=41276"},{"taxonomy":"post_tag","embeddable":true,"href":"https:\/\/atecordoba.org\/index.php?rest_route=%2Fwp%2Fv2%2Ftags&post=41276"}],"curies":[{"name":"wp","href":"https:\/\/api.w.org\/{rel}","templated":true}]}}