{"id":41264,"date":"2024-01-22T10:17:55","date_gmt":"2024-01-22T13:17:55","guid":{"rendered":"https:\/\/atecordoba.org\/?p=41264"},"modified":"2024-01-22T10:17:56","modified_gmt":"2024-01-22T13:17:56","slug":"desinversion-y-despidos-en-conicet-una-condena-de-muerte-a-capacidades-nacionales","status":"publish","type":"post","link":"https:\/\/atecordoba.org\/?p=41264","title":{"rendered":"Desinversi\u00f3n y despidos en CONICET: \u201cUna condena de muerte a capacidades nacionales\u201d"},"content":{"rendered":"\n<p><em>Sin presupuesto actualizado, con despedidos ya efectivizados y becas cerradas, la estructura del organismo cient\u00edfico solo podr\u00eda mantenerse en pie hasta junio. \u201cDesfinanciar es dejar morir\u201d, expres\u00f3 la comunidad cient\u00edfica en el Congreso en contra de la \u201cLey \u00d3mnibus\u201d que habilitar\u00eda la intervenci\u00f3n.<\/em><\/p>\n\n\n\n<figure class=\"wp-block-image size-large is-resized\"><img loading=\"lazy\" decoding=\"async\" src=\"https:\/\/atecordoba.org\/wp-content\/uploads\/2024\/01\/conicet-mile-1024x683.webp\" alt=\"\" class=\"wp-image-41265\" width=\"512\" height=\"342\" srcset=\"https:\/\/atecordoba.org\/wp-content\/uploads\/2024\/01\/conicet-mile-1024x683.webp 1024w, https:\/\/atecordoba.org\/wp-content\/uploads\/2024\/01\/conicet-mile-300x200.webp 300w, https:\/\/atecordoba.org\/wp-content\/uploads\/2024\/01\/conicet-mile-768x512.webp 768w, https:\/\/atecordoba.org\/wp-content\/uploads\/2024\/01\/conicet-mile-750x500.webp 750w, https:\/\/atecordoba.org\/wp-content\/uploads\/2024\/01\/conicet-mile-1140x760.webp 1140w, https:\/\/atecordoba.org\/wp-content\/uploads\/2024\/01\/conicet-mile.webp 1200w\" sizes=\"auto, (max-width: 512px) 100vw, 512px\" \/><\/figure>\n\n\n\n<p><strong>Por Miriam Campos<\/strong><\/p>\n\n\n\n<p>\u201cNo hay pa\u00eds con alguna perspectiva de desarrollo que no tenga inversi\u00f3n estatal en ciencia y tecnolog\u00eda. Todos los pa\u00edses centrales destinan much\u00edsimos m\u00e1s recursos que la Argentina a la investigaci\u00f3n porque eso abre posibilidades de desarrollo, posibilidades para mejorar la calidad de vida de la poblaci\u00f3n\u201d, dice a La Nueva Ma\u00f1ana sobre el ajuste a la ciencia el historiador, docente e investigador adjunto de CONICET Gonzalo Sanz Cerbino, quien adem\u00e1s es delegado por la Ciudad Aut\u00f3noma de Buenos Aires de la Asociaci\u00f3n de Trabajadores del Estado (ATE).<\/p>\n\n\n\n<h3 class=\"wp-block-heading\"><strong>Inversi\u00f3n en ciencia, para \u201cuna inserci\u00f3n distinta en el mercado mundial\u201d<\/strong><\/h3>\n\n\n\n<p>\u201cMilei habla mucho de la rentabilidad de las investigaciones, que la ciencia tenga que vincularse con el mercado, pero eso Conicet ya lo hace.&nbsp;Ser\u00eda deseable que el organismo tenga muchos m\u00e1s recursos para financiar investigaciones que podr\u00edan abrir la posibilidad de una inserci\u00f3n distinta de la Argentina en el mercado mundial&nbsp;y dejar de ser solo productor de bienes primarios, como la miner\u00eda, los combustibles o alimentos, porque este tipo de pa\u00eds con solo estas actividades, ha sido demostrado, no alcanza\u201d, dice el historiador y agrega que en las \u00faltimas d\u00e9cadas la calidad de vida de los argentinos se ha ido deteriorando, entre otros motivos, porque \u201cno aparecen las posibilidades de producir y exportar otra cosa de manera competitiva en el mercado mundial\u201d .<\/p>\n\n\n\n<p>Desde las elecciones PASO, las y los investigadores de CONICET se mantienen en alerta con asambleas y difusi\u00f3n de los da\u00f1os que puede causar el vaciamiento al organismo, que&nbsp;cuenta con una planta de alrededor 27.000 trabajadores y trabajadoras&nbsp;entre investigadores en carrera, doctorandos, posdoctorandos, personal t\u00e9cnico, de apoyo y administrativos.&nbsp;En C\u00f3rdoba, suman alrededor de 3.000.<\/p>\n\n\n\n<h3 class=\"wp-block-heading\"><strong>Despidos<\/strong><\/h3>\n\n\n\n<p>En diciembre pasado, luego que el Gobierno redujera el n\u00famero de ministerios, el \u00e1rea de ciencia y t\u00e9cnica volvi\u00f3 a ser degrada en su status con un fuerte impacto en lo econ\u00f3mico. Pocos d\u00edas despu\u00e9s de esa decisi\u00f3n, el Decreto de Necesidad y Urgencia (DNU) 842023 impuls\u00f3 los despidos de administrativos que fueron contratados en el \u00faltimo a\u00f1o. Esta avanzada se concret\u00f3 el martes cuando&nbsp;se efectivizaron 50 despidos en planta administrativa del organismo que de por s\u00ed es muy chica:&nbsp;solo 1.300 personas en todo el pa\u00eds para la infraestructura de Conicet que cuenta con m\u00e1s de 300 instituciones federales.&nbsp;En C\u00f3rdoba, hasta el momento, cinco trabajadores fueron notificados y perdieron su fuente de ingreso.<\/p>\n\n\n\n<p>Se trata del personal que fue contratado bajo la modalidad del art\u00edculo 9 del organismo y que ya viv\u00eda una situaci\u00f3n de inestabilidad laboral dado que muchos de ellos, aportan al CONICET desde hace muchos a\u00f1os, pero sin pertenecer a la planta del Estado, subsistiendo con renovaciones precarias de contratos cada cierto tiempo. La impronta ahora, denuncian desde ATE C\u00f3rdoba, es que \u201cel resto de los contratos se van a renovar cada dos meses\u201d.<\/p>\n\n\n\n<p>\u201cCon esta situaci\u00f3n, de ac\u00e1 a marzo muchas personas contratadas no saben cu\u00e1l ser\u00e1 su situaci\u00f3n laboral y eso es muy angustiante\u201d, indic\u00f3 a LNM previo a la asamblea y ruidazo del mi\u00e9rcoles pasado Ayel\u00e9n Branca, fil\u00f3sofa, docente, doctorando del Centro de Estudios Avanzandos (CEA) y delegada de ATE-CONICET de C\u00f3rdoba.<\/p>\n\n\n\n<p>\u201cLa situaci\u00f3n que atravesamos es como en el macrismo, pero mucho m\u00e1s profundizada y acompa\u00f1ada, adem\u00e1s, con un discurso represivo muy radicalizado\u201d,&nbsp;indica Branca y a\u00f1ade que los despidos y la falta de ingresos actualizados en el sector son el reflejo de toda una pol\u00edtica de desmantelamiento del Estado, por eso tambi\u00e9n \u201cla iniciativa de reducir todo a un Estado m\u00ednimo articulado a un proyecto de lo privado\u201d.<\/p>\n\n\n\n<p>\u201cPienso mucho en c\u00f3mo funciona el Estado en Chile donde no hay un ministerio de Salud o de Educaci\u00f3n sino secretar\u00edas que articulan con proyectos gestionados por organizaciones\u201d, dice la investigadora y agrega que se lleva un modelo muy neoliberal de Estado m\u00ednimo, donde la gesti\u00f3n es a trav\u00e9s de manos privadas. \u201cEsta desjerarquizaci\u00f3n de ministerios es parte de eso. Adem\u00e1s de vaciar, tanto material como en el valor simb\u00f3lico que tiene el desarrollo cient\u00edfico y tecnol\u00f3gico nacional\u201d, ilustra.<\/p>\n\n\n\n<blockquote class=\"wp-block-quote is-layout-flow wp-block-quote-is-layout-flow\">\n<p><strong>\u201cLa situaci\u00f3n que atravesamos es como en el macrismo, pero mucho m\u00e1s profundizada y acompa\u00f1ada, adem\u00e1s, con un discurso represivo muy radicalizado\u201d.<\/strong><\/p>\n<\/blockquote>\n\n\n\n<h3 class=\"wp-block-heading\"><strong>Vaciamiento, otra vez<\/strong><\/h3>\n\n\n\n<p>Estos primeros despidos en el organismo son historias que vuelven a repetirse como en 2015 cuando se impuls\u00f3 tambi\u00e9n el desguace de la ciencia argentina. Solo que esta vez, el golpe pretende ser r\u00e1pido y contundente.<\/p>\n\n\n\n<p>En esa l\u00ednea, Sanz Cerbino indica que el actual presidente, Javier Milei demostr\u00f3 mucha \u201cimprovisaci\u00f3n y prejuicio ideol\u00f3gico\u201d sobre el sistema cient\u00edfico: \u201cActualmente estamos teniendo tres frentes de conflicto: la ley \u00f3mnibus, los despidos del ajustado personal administrativo y el presupuesto para la ciencia sin actualizaci\u00f3n, a esto \u00faltimo tambi\u00e9n se le puede sumar la falta de nuevas paritarias\u201d.<\/p>\n\n\n\n<p>Respecto al problema del presupuesto,&nbsp;CONICET est\u00e1 funcionando hoy con un presupuesto prorrogado del 2023, que es para un pa\u00eds que ten\u00eda 200% menos de inflaci\u00f3n. En ese marco, las y los investigadores denuncian que no alcanza para garantizar el funcionamiento del organismo: \u201cYa empezamos a ver que se han ca\u00eddo distintos mecanismos que el CONICET tiene para garantizar la continuidad del personal, algunos tipos de becas muy espec\u00edficos ya han sido denegados por la falta de presupuesto\u201d, dice el investigador adjunto y a\u00f1ade que a esta situaci\u00f3n se suma que el martes pasado, el directorio tom\u00f3 la decisi\u00f3n de no publicar los resultados de los concursos abiertos de becas y promociones de personal, por \u201cfalta de presupuesto\u201d.&nbsp;Lo cual qued\u00f3 supeditado a que en un futuro se gestione el presupuesto para poder habilitar dichos trabajos.&nbsp;Unos 1.000 estudiantes que aplicaron para obtener una beca doctoral est\u00e1n siendo afectados en su formaci\u00f3n y futuro laboral.<\/p>\n\n\n\n<p>\u201cEsto, va a generar m\u00e1s problemas a futuro. Hay toda una camada de ingresos a la carrera cient\u00edfica y tecnol\u00f3gica que est\u00e1n esperando designaci\u00f3n y en este contexto de falta de presupuesto no lo van a tener\u201d, dice Sanz Cerbino.<\/p>\n\n\n\n<blockquote class=\"wp-block-quote is-layout-flow wp-block-quote-is-layout-flow\">\n<p><strong>\u201cYa empezamos a ver que se han ca\u00eddo distintos mecanismos que el Conicet tiene para garantizar la continuidad del personal, algunos tipos de becas muy espec\u00edficos ya han sido denegados por la falta de presupuesto\u201d.<\/strong><\/p>\n<\/blockquote>\n\n\n\n<h3 class=\"wp-block-heading\"><strong>\u201cA este ritmo, los salarios quedar\u00e1n pulverizados\u201d<\/strong><\/h3>\n\n\n\n<p>En cuanto a lo salarial, cuyas paritarias dependen de la administraci\u00f3n p\u00fablica, que reci\u00e9n este viernes fueron convocados, los gremios ATE y UPCN firmaron el acta de acuerdo que establece un aumento de solo el 16% y que regir\u00e1 para enero.<\/p>\n\n\n\n<p>La noticia no fue recibida con alegr\u00eda por el sector cient\u00edfico que plantea que con una inflaci\u00f3n del 25% a este ritmo, en unos meses, los salarios estar\u00e1n pulverizados.<\/p>\n\n\n\n<p>\u201cSi la paritaria no es acorde a la inflaci\u00f3n, eso nos lleva a un vaciamiento por el simple hecho que la gente no va a poder vivir con esos ingresos y se ir\u00e1 del CONICET\u201d, explica Sanz Cerbino.<\/p>\n\n\n\n<p>\u201cLa falta de presupuesto y salarios actualizados nos abre la posibilidad de desmantelamiento de tipos enteros de investigaci\u00f3n que no van a contar con personal, con recursos y vamos hacia un vaciamiento en Conicet. Es un proceso que empez\u00f3 hace mucho con sus altas y sus bajas a lo largo de las \u00faltimas dos d\u00e9cadas, pero que sin dudas&nbsp;hoy estamos entrando en una curva descendente brutal, que nos lleva muy r\u00e1pidamente, de seguir por esta senda, hacia la desaparici\u00f3n de CONICET\u201d, agrega el historiador.<\/p>\n\n\n\n<h3 class=\"wp-block-heading\"><strong>\u201cLa ciencia no es cara, cara es la ignorancia\u201d<\/strong><\/h3>\n\n\n\n<p>En medio de los reclamos, asambleas y protestas ante los despidos, este lunes, en el plenario de comisiones en la C\u00e1mara de Diputados,&nbsp;el CONICET se manifest\u00f3 en contra de la sanci\u00f3n de la \u201cLey \u00d3mnibus\u201d que deroga y modifica una serie de leyes que afectar\u00e1 el desarrollo cient\u00edfico y t\u00e9cnico del pa\u00eds.<\/p>\n\n\n\n<p>\u201cLos cient\u00edficos estamos preocupados desde que el entonces futuro presidente Milei dijera por TV que cerrar\u00eda el Conicet, porque los cient\u00edficos no producimos nada.&nbsp;Preocupados por medidas que caracterizamos como una condena de muerte a capacidades nacionales que son fundamentales para las posibilidades de desarrollo a futuro\u201d, indic\u00f3 en su disertaci\u00f3n ante los legisladores el bi\u00f3logo molecular, profesor em\u00e9rito de la UBA e investigador Superior del Conicet,&nbsp;Alberto Kornblihtt,&nbsp;quien adem\u00e1s forma parte de la Academia de Ciencias de Estados Unidos, Francia, Brasil y Argentina.<\/p>\n\n\n\n<p>\u201cEsta derogaci\u00f3n de leyes da ventajas al capital privado en detrimento de la investigaci\u00f3n\u201d, expres\u00f3 Kornblihtt y mostr\u00f3 preocupaci\u00f3n por una posible intervenci\u00f3n de organismos del Estado. \u201cNuestro reclamo no es corporativo, pero como ciudadanos no podemos mirar para el costado y dejar que destruyan el Estado porque este es un intento de gobernar por decreto\u201d, dijo el investigador y cuestion\u00f3 la posibilidad de intervenci\u00f3n de organismos aut\u00e1rquicos como el CONICET y otros del sistema de Ciencia y T\u00e9cnica como Parques Nacionales, Instituto Malbr\u00e1n, INTI, INTA, Comisi\u00f3n de Energ\u00eda At\u00f3mica, Banco Nacional de Datos Gen\u00e9ticos, Servicio Meteorol\u00f3gico Nacional, Agencia de Promoci\u00f3n de Ciencia y T\u00e9cnica.<\/p>\n\n\n\n<p>Para el investigador esta iniciativa es algo que cualquier Gobierno podr\u00eda hacer sin necesidad de un instrumento jur\u00eddico, pero ahora aparece como una clara amenaza: \u201cSi reclaman nos echan, si no ajustan, los vamos a intervenir\u201d, ilustr\u00f3 Kornblihtt y a\u00f1adi\u00f3 que la \u00fanica afirmaci\u00f3n del Gobierno fue que se repetir\u00e1 para CONICET el presupuesto 2023.<\/p>\n\n\n\n<blockquote class=\"wp-block-quote is-layout-flow wp-block-quote-is-layout-flow\">\n<p><strong>\u201cNuestro reclamo no es corporativo, pero como ciudadanos no podemos mirar para el costado y dejar que destruyan el Estado porque este es un intento de gobernar por decreto\u201d.<\/strong><\/p>\n<\/blockquote>\n\n\n\n<h3 class=\"wp-block-heading\"><strong>\u201cEl CONICET no podr\u00e1 pagar salarios ni becas m\u00e1s all\u00e1 de junio\u201d<\/strong><\/h3>\n\n\n\n<p>\u201cEl CONICET no podr\u00e1 pagar salarios ni becas m\u00e1s all\u00e1 de junio. Sin fondos actualizados para mantenimiento de los 300 institutos y los programas de investigaci\u00f3n de 10.000 investigadores. No se podr\u00e1n comprar insumos para las investigaciones, en su inmensa mayor\u00eda importados. De hecho, ya no se puede\u201d, subray\u00f3 Kornblihtt y a\u00f1adi\u00f3 que la licuaci\u00f3n por el ajuste y la galopante inflaci\u00f3n de los montos de becas y salarios de los investigadores, t\u00e9cnicos y administrativos de CyT, todos obtenidos por rigurosos concursos y evaluaci\u00f3n por pares, est\u00e1 ya llevando, sin perspectivas de reversi\u00f3n por parte de las autoridades, a la pauperizaci\u00f3n de los trabajadores del sector.<\/p>\n\n\n\n<p>\u201cM\u00e1s all\u00e1 de la famosa frase del Nobel argentino Bernardo Houssay de que La ciencia no es cara, lo que es cara es la ignorancia, quisiera decir que en ning\u00fan pa\u00eds del mundo la investigaci\u00f3n b\u00e1sica de riesgo es financiada por el sector privado\u201d, cerr\u00f3 el investigador de CONICET.<\/p>\n\n\n\n<p><strong>Fuente: www.lmdiario.com.ar<\/strong><\/p>\n","protected":false},"excerpt":{"rendered":"<p>Sin presupuesto actualizado, con despedidos ya efectivizados y becas cerradas, la estructura del organismo cient\u00edfico solo podr\u00eda mantenerse en pie hasta junio. \u201cDesfinanciar es dejar morir\u201d, expres\u00f3 la comunidad cient\u00edfica en el Congreso en contra de la \u201cLey \u00d3mnibus\u201d que habilitar\u00eda la intervenci\u00f3n. Por Miriam Campos \u201cNo hay pa\u00eds con alguna perspectiva de desarrollo que [&hellip;]<\/p>\n","protected":false},"author":3,"featured_media":41265,"comment_status":"open","ping_status":"open","sticky":false,"template":"","format":"standard","meta":{"_exactmetrics_skip_tracking":false,"_exactmetrics_sitenote_active":false,"_exactmetrics_sitenote_note":"","_exactmetrics_sitenote_category":0,"jnews-multi-image_gallery":[],"jnews_single_post":{"subtitle":"","format":"standard","video":"","gallery":"","source_name":"","source_url":"","via_name":"","via_url":"","override_template":"0","override":[{"template":"1","single_blog_custom":"","parallax":"1","fullscreen":"1","layout":"no-sidebar-narrow","sidebar":"default-sidebar","second_sidebar":"default-sidebar","sticky_sidebar":"1","share_position":"bottom","share_float_style":"share-monocrhome","show_share_counter":"1","show_view_counter":"1","show_featured":"0","show_post_meta":"1","show_post_author":"0","show_post_author_image":"1","show_post_date":"1","post_date_format":"default","post_date_format_custom":"Y\/m\/d","show_post_category":"1","show_post_reading_time":"0","post_reading_time_wpm":"300","show_zoom_button":"0","zoom_button_out_step":"2","zoom_button_in_step":"3","show_post_tag":"1","show_prev_next_post":"0","show_popup_post":"0","number_popup_post":"1","show_author_box":"0","show_post_related":"1","show_inline_post_related":"0"}],"override_image_size":"0","image_override":[{"single_post_thumbnail_size":"crop-500","single_post_gallery_size":"crop-500"}],"trending_post":"0","trending_post_position":"meta","trending_post_label":"Trending","sponsored_post":"0","sponsored_post_label":"Sponsored by","sponsored_post_name":"","sponsored_post_url":"","sponsored_post_logo_enable":"0","sponsored_post_logo":"","sponsored_post_desc":"","disable_ad":"0"},"jnews_primary_category":{"id":"","hide":""},"jnews_social_meta":{"fb_title":"","fb_description":"","fb_image":"","twitter_title":"","twitter_description":"","twitter_image":""},"jnews_review":[],"enable_review":"0","type":"percentage","name":"","summary":"","brand":"","sku":"","good":[{"good_text":""}],"bad":[{"bad_text":""}],"score_override":"","override_value":"","rating":[{"rating_text":"","rating_number":"10"}],"price":[{"shop":"","price":"","link":"","icon":""}],"jnews_override_counter":{"override_view_counter":"0","view_counter_number":"0","override_share_counter":"0","share_counter_number":"0","override_like_counter":"0","like_counter_number":"0","override_dislike_counter":"0","dislike_counter_number":"0"},"jnews_post_split":{"enable_post_split":"0","post_split":[{"template":"1","tag":"h2","numbering":"asc","mode":"normal","first":"0","enable_toc":"0","toc_type":"normal"}]},"footnotes":""},"categories":[18],"tags":[],"class_list":["post-41264","post","type-post","status-publish","format-standard","has-post-thumbnail","hentry","category-nacionales"],"jetpack_featured_media_url":"https:\/\/atecordoba.org\/wp-content\/uploads\/2024\/01\/conicet-mile.webp","_links":{"self":[{"href":"https:\/\/atecordoba.org\/index.php?rest_route=\/wp\/v2\/posts\/41264","targetHints":{"allow":["GET"]}}],"collection":[{"href":"https:\/\/atecordoba.org\/index.php?rest_route=\/wp\/v2\/posts"}],"about":[{"href":"https:\/\/atecordoba.org\/index.php?rest_route=\/wp\/v2\/types\/post"}],"author":[{"embeddable":true,"href":"https:\/\/atecordoba.org\/index.php?rest_route=\/wp\/v2\/users\/3"}],"replies":[{"embeddable":true,"href":"https:\/\/atecordoba.org\/index.php?rest_route=%2Fwp%2Fv2%2Fcomments&post=41264"}],"version-history":[{"count":1,"href":"https:\/\/atecordoba.org\/index.php?rest_route=\/wp\/v2\/posts\/41264\/revisions"}],"predecessor-version":[{"id":41266,"href":"https:\/\/atecordoba.org\/index.php?rest_route=\/wp\/v2\/posts\/41264\/revisions\/41266"}],"wp:featuredmedia":[{"embeddable":true,"href":"https:\/\/atecordoba.org\/index.php?rest_route=\/wp\/v2\/media\/41265"}],"wp:attachment":[{"href":"https:\/\/atecordoba.org\/index.php?rest_route=%2Fwp%2Fv2%2Fmedia&parent=41264"}],"wp:term":[{"taxonomy":"category","embeddable":true,"href":"https:\/\/atecordoba.org\/index.php?rest_route=%2Fwp%2Fv2%2Fcategories&post=41264"},{"taxonomy":"post_tag","embeddable":true,"href":"https:\/\/atecordoba.org\/index.php?rest_route=%2Fwp%2Fv2%2Ftags&post=41264"}],"curies":[{"name":"wp","href":"https:\/\/api.w.org\/{rel}","templated":true}]}}