{"id":41258,"date":"2024-01-22T10:13:27","date_gmt":"2024-01-22T13:13:27","guid":{"rendered":"https:\/\/atecordoba.org\/?p=41258"},"modified":"2024-01-22T10:13:28","modified_gmt":"2024-01-22T13:13:28","slug":"giuliani-el-desafio-es-construir-lo-nuevo","status":"publish","type":"post","link":"https:\/\/atecordoba.org\/?p=41258","title":{"rendered":"Giuliani: \u201cEl desaf\u00edo es construir lo nuevo\u201d"},"content":{"rendered":"\n<figure class=\"wp-block-image size-full is-resized\"><img loading=\"lazy\" decoding=\"async\" src=\"https:\/\/atecordoba.org\/wp-content\/uploads\/2024\/01\/WhatsApp-Image-2024-01-22-at-10.09.49-AM-1.jpeg\" alt=\"\" class=\"wp-image-41261\" width=\"384\" height=\"512\" srcset=\"https:\/\/atecordoba.org\/wp-content\/uploads\/2024\/01\/WhatsApp-Image-2024-01-22-at-10.09.49-AM-1.jpeg 768w, https:\/\/atecordoba.org\/wp-content\/uploads\/2024\/01\/WhatsApp-Image-2024-01-22-at-10.09.49-AM-1-225x300.jpeg 225w, https:\/\/atecordoba.org\/wp-content\/uploads\/2024\/01\/WhatsApp-Image-2024-01-22-at-10.09.49-AM-1-750x1000.jpeg 750w\" sizes=\"auto, (max-width: 384px) 100vw, 384px\" \/><\/figure>\n\n\n\n<p>El Secretario General de ATE y la CTA Aut\u00f3noma C\u00f3rdoba, Federico Giuliani, destac\u00f3 \u201cla grave crisis de representaci\u00f3n pol\u00edtica que hay en el campo popular. No creo que nuestra comunidad se haya corrido a la derecha ni haya votado a Milei para que se convierta en su propio verdugo. Claramente hubo un hartazgo hacia la pol\u00edtica tradicional, hacia una forma de construir alejada de la gente que tiene montada una ficci\u00f3n que est\u00e1 totalmente desacertada en cuanto a la realidad del pueblo trabajador. La gente siente que no la escuchan, que no la hacen parte de las decisiones y lamentablemente mud\u00f3 el voto popular hacia el neofascismo, que por primera vez gobierna en la Argentina con el voto de la ciudadan\u00eda\u201d.<\/p>\n\n\n\n<p>En declaraciones radiales, indic\u00f3 que \u201cen ese marco, hay que decir que m\u00e1s all\u00e1 que estamos en un proceso de resistencia que significa no perder laburo, no perder salarios, combatir este modelo de ajuste, nosotros como movimiento obrero tenemos que ser claros de que el desaf\u00edo es construir lo nuevo. Incluso a\u00fan en etapas de resistencia se puede construir lo nuevo\u201d.<\/p>\n\n\n\n<p>Y agreg\u00f3: \u201cEn el 2001 dijimos que se vayan todos, creamos las condiciones de insurrecci\u00f3n popular y no se fue ninguno, volvieron todos. En este contexto, desde ATE y la CTA-A C\u00f3rdoba lo que nosotros pensamos es que al menos debemos generar las condiciones de una rebeli\u00f3n popular que termine r\u00e1pidamente con la pesadilla de Milei para as\u00ed encabezar la nueva representatividad pol\u00edtica que ponga a los trabajadores a conducir un Proyecto de Emancipaci\u00f3n Nacional\u201d.<\/p>\n\n\n\n<p>Para Giuliani, \u201cel desaf\u00edo va a ser construir esa m\u00e1xima unidad entre trabajadores ocupados, no solamente del sector p\u00fablico sino tambi\u00e9n privado, trabajadores desocupados que est\u00e1n en las barriadas populares sosteniendo con las ollas en los comedores y merenderos el hambre de nuestro pueblo y hay que hacer el m\u00e1ximo esfuerzo para juntarse con otros sectores que hoy son castigados por las pol\u00edticas de ajuste a nivel nacional, provincial y municipal. Hablo del peque\u00f1o comerciante, los peque\u00f1os y medianos productores, los inquilinos, el movimiento cultural, el movimiento feminista, el movimiento ambiental, todos aquellos sectores que creamos que una nueva sociedad se puede parir a pesar de estar en una etapa de resistencia. Y para eso hay que dejar de lado los personalismos, los individualismos, los sectarismos, porque no va a haber una salida sectorial o parcelada, va a ser una salida colectiva y como pueblo\u201d.<\/p>\n\n\n\n<figure class=\"wp-block-image size-full is-resized\"><img loading=\"lazy\" decoding=\"async\" src=\"https:\/\/atecordoba.org\/wp-content\/uploads\/2024\/01\/WhatsApp-Image-2024-01-22-at-10.09.50-AM-1.jpeg\" alt=\"\" class=\"wp-image-41262\" width=\"360\" height=\"511\" srcset=\"https:\/\/atecordoba.org\/wp-content\/uploads\/2024\/01\/WhatsApp-Image-2024-01-22-at-10.09.50-AM-1.jpeg 719w, https:\/\/atecordoba.org\/wp-content\/uploads\/2024\/01\/WhatsApp-Image-2024-01-22-at-10.09.50-AM-1-211x300.jpeg 211w\" sizes=\"auto, (max-width: 360px) 100vw, 360px\" \/><\/figure>\n\n\n\n<p>A rengl\u00f3n seguido consider\u00f3 que \u201cnos parece fundamental no perder el norte de la calle, el \u00e1mbito natural para que no perdamos derechos es la calle enfrent\u00e1ndonos a este proceso de represi\u00f3n que plantea el Gobierno Nacional pero que en algunas provincias ya lo hemos sufrido como en el caso de C\u00f3rdoba, donde estamos imputados y llevados a juicio por marchar contra el hambre en abril del 2023. Ese proyecto de ilegalizar la protesta social, en C\u00f3rdoba tiene ya su laboratorio, lo venimos denunciando y repudiando hace tiempo\u201d.<\/p>\n\n\n\n<p>\u201cM\u00e1s all\u00e1 que construyan c\u00e1rceles, por m\u00e1s que imputen a dirigentes, no van a poder parar la fuerza organizada del pueblo cuando sale a luchar no solamente porque se queda sin trabajo o no tiene c\u00f3mo llenar el plato de comida en la casa o llegar a fin de mes. Creo que el movimiento obrero tiene el gran desaf\u00edo de ser parte vertebral en la reconstituci\u00f3n del tejido social que hoy est\u00e1 roto en nuestra comunidad\u201d, enfatiz\u00f3.<\/p>\n\n\n\n<p>\u201cLo de Milei es una gran estafa electoral porque no solo no se fue ninguno sino que volvi\u00f3 toda la \u2018casta\u2019 que saque\u00f3 la Argentina. Macri y Caputo, endeudadores seriales que fugaron millones de d\u00f3lares, ahora manejan la econom\u00eda del pa\u00eds. Al DNU y la Ley \u00d3mnibus se los enfrenta en la Justicia, en el Congreso y fundamentalmente en la calle con la movilizaci\u00f3n popular para frenar el intento de colonizar la Argentina porque se est\u00e1 rifando la Soberan\u00eda Nacional\u201d, se\u00f1al\u00f3.<\/p>\n\n\n\n<p>Giuliani remat\u00f3: \u201cC\u00f3rdoba no est\u00e1 ajena a esta situaci\u00f3n y lo que m\u00e1s nos impacta como trabajadores estatales es la privatizaci\u00f3n de la empresas p\u00fablicas como la Central Nuclear de Embalse, DIOXITEK, las F\u00e1bricas Militares de R\u00edo Tercero y Villa Mar\u00eda, CONAE, VENG, el Polo Tecnol\u00f3gico del INVAP, Radio Nacional, T\u00e9lam, estamos hablando de m\u00e1s de tres mil familias que pueden quedar en la calle. En C\u00f3rdoba, adem\u00e1s, estamos denunciando y luchando contra el incumpliento salarial y los cientos de despidos en el Estado perpetrados por el Gobernador Mart\u00edn Llaryora. A nivel provincial, decimos que Llaryora es Milei\u201d.<\/p>\n\n\n\n<p><strong>Fuente: www.farco.org.ar<\/strong><\/p>\n","protected":false},"excerpt":{"rendered":"<p>El Secretario General de ATE y la CTA Aut\u00f3noma C\u00f3rdoba, Federico Giuliani, destac\u00f3 \u201cla grave crisis de representaci\u00f3n pol\u00edtica que hay en el campo popular. No creo que nuestra comunidad se haya corrido a la derecha ni haya votado a Milei para que se convierta en su propio verdugo. Claramente hubo un hartazgo hacia la [&hellip;]<\/p>\n","protected":false},"author":3,"featured_media":41260,"comment_status":"open","ping_status":"open","sticky":false,"template":"","format":"standard","meta":{"_exactmetrics_skip_tracking":false,"_exactmetrics_sitenote_active":false,"_exactmetrics_sitenote_note":"","_exactmetrics_sitenote_category":0,"jnews-multi-image_gallery":[],"jnews_single_post":{"subtitle":"","format":"standard","video":"","gallery":"","source_name":"","source_url":"","via_name":"","via_url":"","override_template":"0","override":[{"template":"1","single_blog_custom":"","parallax":"1","fullscreen":"1","layout":"no-sidebar-narrow","sidebar":"default-sidebar","second_sidebar":"default-sidebar","sticky_sidebar":"1","share_position":"bottom","share_float_style":"share-monocrhome","show_share_counter":"1","show_view_counter":"1","show_featured":"0","show_post_meta":"1","show_post_author":"0","show_post_author_image":"1","show_post_date":"1","post_date_format":"default","post_date_format_custom":"Y\/m\/d","show_post_category":"1","show_post_reading_time":"0","post_reading_time_wpm":"300","show_zoom_button":"0","zoom_button_out_step":"2","zoom_button_in_step":"3","show_post_tag":"1","show_prev_next_post":"0","show_popup_post":"0","number_popup_post":"1","show_author_box":"0","show_post_related":"1","show_inline_post_related":"0"}],"override_image_size":"0","image_override":[{"single_post_thumbnail_size":"crop-500","single_post_gallery_size":"crop-500"}],"trending_post":"0","trending_post_position":"meta","trending_post_label":"Trending","sponsored_post":"0","sponsored_post_label":"Sponsored by","sponsored_post_name":"","sponsored_post_url":"","sponsored_post_logo_enable":"0","sponsored_post_logo":"","sponsored_post_desc":"","disable_ad":"0"},"jnews_primary_category":{"id":"","hide":""},"jnews_social_meta":{"fb_title":"","fb_description":"","fb_image":"","twitter_title":"","twitter_description":"","twitter_image":""},"jnews_review":[],"enable_review":"0","type":"percentage","name":"","summary":"","brand":"","sku":"","good":[{"good_text":""}],"bad":[{"bad_text":""}],"score_override":"","override_value":"","rating":[{"rating_text":"","rating_number":"10"}],"price":[{"shop":"","price":"","link":"","icon":""}],"jnews_override_counter":{"override_view_counter":"0","view_counter_number":"0","override_share_counter":"0","share_counter_number":"0","override_like_counter":"0","like_counter_number":"0","override_dislike_counter":"0","dislike_counter_number":"0"},"jnews_post_split":{"enable_post_split":"0","post_split":[{"template":"1","tag":"h2","numbering":"asc","mode":"normal","first":"0","enable_toc":"0","toc_type":"normal"}]},"footnotes":""},"categories":[10],"tags":[],"class_list":["post-41258","post","type-post","status-publish","format-standard","has-post-thumbnail","hentry","category-accion-politica"],"jetpack_featured_media_url":"https:\/\/atecordoba.org\/wp-content\/uploads\/2024\/01\/WhatsApp-Image-2024-01-22-at-10.09.49-AM.jpeg","_links":{"self":[{"href":"https:\/\/atecordoba.org\/index.php?rest_route=\/wp\/v2\/posts\/41258","targetHints":{"allow":["GET"]}}],"collection":[{"href":"https:\/\/atecordoba.org\/index.php?rest_route=\/wp\/v2\/posts"}],"about":[{"href":"https:\/\/atecordoba.org\/index.php?rest_route=\/wp\/v2\/types\/post"}],"author":[{"embeddable":true,"href":"https:\/\/atecordoba.org\/index.php?rest_route=\/wp\/v2\/users\/3"}],"replies":[{"embeddable":true,"href":"https:\/\/atecordoba.org\/index.php?rest_route=%2Fwp%2Fv2%2Fcomments&post=41258"}],"version-history":[{"count":1,"href":"https:\/\/atecordoba.org\/index.php?rest_route=\/wp\/v2\/posts\/41258\/revisions"}],"predecessor-version":[{"id":41263,"href":"https:\/\/atecordoba.org\/index.php?rest_route=\/wp\/v2\/posts\/41258\/revisions\/41263"}],"wp:featuredmedia":[{"embeddable":true,"href":"https:\/\/atecordoba.org\/index.php?rest_route=\/wp\/v2\/media\/41260"}],"wp:attachment":[{"href":"https:\/\/atecordoba.org\/index.php?rest_route=%2Fwp%2Fv2%2Fmedia&parent=41258"}],"wp:term":[{"taxonomy":"category","embeddable":true,"href":"https:\/\/atecordoba.org\/index.php?rest_route=%2Fwp%2Fv2%2Fcategories&post=41258"},{"taxonomy":"post_tag","embeddable":true,"href":"https:\/\/atecordoba.org\/index.php?rest_route=%2Fwp%2Fv2%2Ftags&post=41258"}],"curies":[{"name":"wp","href":"https:\/\/api.w.org\/{rel}","templated":true}]}}