{"id":41250,"date":"2024-01-19T12:29:45","date_gmt":"2024-01-19T15:29:45","guid":{"rendered":"https:\/\/atecordoba.org\/?p=41250"},"modified":"2024-01-19T12:29:45","modified_gmt":"2024-01-19T15:29:45","slug":"fuerte-apoyo-internacional-de-gremios-estatales-a-las-centrales-sindicales-argentinas-de-cara-al-paro-del-24","status":"publish","type":"post","link":"https:\/\/atecordoba.org\/?p=41250","title":{"rendered":"Fuerte apoyo Internacional de Gremios Estatales a las centrales sindicales argentinas de cara al paro del 24"},"content":{"rendered":"\n<p><\/p>\n\n\n\n<figure class=\"wp-block-image size-full is-resized\"><img loading=\"lazy\" decoding=\"async\" src=\"https:\/\/atecordoba.org\/wp-content\/uploads\/2024\/01\/ImagenFGE.png\" alt=\"\" class=\"wp-image-41251\" width=\"750\" height=\"422\" srcset=\"https:\/\/atecordoba.org\/wp-content\/uploads\/2024\/01\/ImagenFGE.png 1000w, https:\/\/atecordoba.org\/wp-content\/uploads\/2024\/01\/ImagenFGE-300x169.png 300w, https:\/\/atecordoba.org\/wp-content\/uploads\/2024\/01\/ImagenFGE-768x432.png 768w, https:\/\/atecordoba.org\/wp-content\/uploads\/2024\/01\/ImagenFGE-750x422.png 750w\" sizes=\"auto, (max-width: 750px) 100vw, 750px\" \/><\/figure>\n\n\n\n<p>En una gesti\u00f3n de la CTA aut\u00f3noma se gestion\u00f3 el respaldo internacional al paro nacional del 24 de enero en Argentina del<em>\u00a0<strong>&#8220;Frente de Gremios Estatales de Latinoam\u00e9rica y el Caribe&#8221;<\/strong>, integrado por la Confederaci\u00f3n Latinoamericana y del Caribe de Trabajadores Estatales (CLATE) y la Internacional de los Servicios P\u00fablicos Regi\u00f3n Interam\u00e9rica (ISP)<\/em>.<\/p>\n\n\n\n<p>A trav\u00e9s de un comunicado que lleva las firmas de Julio Fuentes, presidente de la CLATE y Federico D\u00e1vila, presidente de la Regi\u00f3n Interam\u00e9rica de la ISP, el Frente que re\u00fane a gremios de trabajadoras y trabajadores del Sector P\u00fablico de Am\u00e9rica Latina y el Caribe brinda su respaldo a la medida de fuerza convocada por las centrales sindicales argentinas (CGT, CTA-T y CTA-A) junto a otras organizaciones sociales y populares para el d\u00eda\u00a0<strong>mi\u00e9rcoles 24 de enero<\/strong>\u00a0del corriente a\u00f1o mencionando las siguientes resoluciones:<\/p>\n\n\n\n<blockquote class=\"wp-block-quote is-layout-flow wp-block-quote-is-layout-flow\">\n<figure class=\"wp-block-pullquote\"><blockquote><p> \u00aben\u00a0<strong>rechazo a las medidas que el gobierno de Javier Milei<\/strong>\u00a0ha impuesto contra el pueblo y, en especial, contra la clase trabajadora y los sindicatos\u00bb.\u00a0<\/p><\/blockquote><\/figure>\n<\/blockquote>\n\n\n\n<blockquote class=\"wp-block-quote is-layout-flow wp-block-quote-is-layout-flow\">\n<figure class=\"wp-block-pullquote\"><blockquote><p>\u00abSi bien la C\u00e1mara Nacional de Apelaciones del Trabajo dio lugar al reclamo realizado por la CGT emitiendo una medida cautelar que paraliza las las reformas laborales en el Decreto de Necesidad y Urgencia (DNU), esta resoluci\u00f3n no es definitiva y el Gobierno contin\u00faa con sus medidas regresivas, mientras que el Congreso argentino debate en Comisi\u00f3n de la C\u00e1mara de Diputados la aprobaci\u00f3n de la llamada ley \u00f3mnibus\u201d<\/p><\/blockquote><\/figure>\n<\/blockquote>\n\n\n\n<p>expresa el Frente en su misiva.<\/p>\n\n\n\n<p>Adem\u00e1s, se enumeran las medidas que afectar\u00e1n a las y los trabajadores de la Argentina si avanzan estas reformas y pol\u00edticas de ajuste: <\/p>\n\n\n\n<figure class=\"wp-block-pullquote\"><blockquote><p>\u00abFuertes l\u00edmites al ejercicio del derecho de huelga y a la realizaci\u00f3n de asambleas sindicales; ampliar el per\u00edodo de prueba de 3 a 8 meses; desregular la jornada laboral y modificar la regulaci\u00f3n de las horas extras; facilitar la tercerizaci\u00f3n y la intermediaci\u00f3n laboral; reducir la indemnizaci\u00f3n por despido; debilitar la ley de contrato de trabajo al reducir su aplicabilidad; eliminar multas por empleo no registrado y por la falta de pago de las indemnizaciones; y la pretensi\u00f3n de avanzar en la privatizaci\u00f3n de las empresas y medios p\u00fablicos, son algunas de las medidas que impulsa el Gobierno argentino y que claramente intentan avanzar sobre los derechos adquiridos por las y los trabajadores argentinos en su historia\u00a0\u00a0de luchas\u00bb.<\/p><\/blockquote><\/figure>\n\n\n\n<blockquote class=\"wp-block-quote is-layout-flow wp-block-quote-is-layout-flow\">\n<figure class=\"wp-block-pullquote\"><blockquote><p>\u00abSabemos que estas pol\u00edticas no son locales sino globales, que son la expresi\u00f3n cabal del neoliberalismo, de la concentraci\u00f3n del poder y de los privilegios de las corporaciones financieras internacionales como su principal motor. Y tambi\u00e9n sabemos que su l\u00edmite, su principal barrera para ese cometido, es el pueblo organizado y la clase trabajadora\u00bb<\/p><\/blockquote><\/figure>\n\n\n\n<p> indica tambi\u00e9n el documento.<\/p>\n<cite><em>Es por eso que<\/em>:<\/cite><\/blockquote>\n\n\n\n<figure class=\"wp-block-pullquote\"><blockquote><p>El Frente de Gremios Estatales de Latinoam\u00e9rica y Caribe \u00abse solidariza con la lucha que llevan adelante las y los trabajadores de la Argentina y expresa una vez m\u00e1s su acompa\u00f1amiento a todas las medidas de acci\u00f3n que el movimiento obrero organizado y las organizaciones sociales convoquen en defensa de sus derechos y contra el ajuste y el empobrecimiento del pueblo argentino\u00bb.<\/p><\/blockquote><\/figure>\n","protected":false},"excerpt":{"rendered":"<p>En una gesti\u00f3n de la CTA aut\u00f3noma se gestion\u00f3 el respaldo internacional al paro nacional del 24 de enero en Argentina del\u00a0&#8220;Frente de Gremios Estatales de Latinoam\u00e9rica y el Caribe&#8221;, integrado por la Confederaci\u00f3n Latinoamericana y del Caribe de Trabajadores Estatales (CLATE) y la Internacional de los Servicios P\u00fablicos Regi\u00f3n Interam\u00e9rica (ISP). A trav\u00e9s de [&hellip;]<\/p>\n","protected":false},"author":3,"featured_media":41251,"comment_status":"open","ping_status":"open","sticky":false,"template":"","format":"standard","meta":{"_exactmetrics_skip_tracking":false,"_exactmetrics_sitenote_active":false,"_exactmetrics_sitenote_note":"","_exactmetrics_sitenote_category":0,"jnews-multi-image_gallery":[],"jnews_single_post":{"subtitle":"","format":"standard","video":"","gallery":"","source_name":"","source_url":"","via_name":"","via_url":"","override_template":"0","override":[{"template":"1","single_blog_custom":"","parallax":"1","fullscreen":"1","layout":"no-sidebar-narrow","sidebar":"default-sidebar","second_sidebar":"default-sidebar","sticky_sidebar":"1","share_position":"bottom","share_float_style":"share-monocrhome","show_share_counter":"1","show_view_counter":"1","show_featured":"0","show_post_meta":"1","show_post_author":"0","show_post_author_image":"1","show_post_date":"1","post_date_format":"default","post_date_format_custom":"Y\/m\/d","show_post_category":"1","show_post_reading_time":"0","post_reading_time_wpm":"300","show_zoom_button":"0","zoom_button_out_step":"2","zoom_button_in_step":"3","show_post_tag":"1","show_prev_next_post":"0","show_popup_post":"0","number_popup_post":"1","show_author_box":"0","show_post_related":"1","show_inline_post_related":"0"}],"override_image_size":"0","image_override":[{"single_post_thumbnail_size":"crop-500","single_post_gallery_size":"crop-500"}],"trending_post":"0","trending_post_position":"meta","trending_post_label":"Trending","sponsored_post":"0","sponsored_post_label":"Sponsored by","sponsored_post_name":"","sponsored_post_url":"","sponsored_post_logo_enable":"0","sponsored_post_logo":"","sponsored_post_desc":"","disable_ad":"0"},"jnews_primary_category":{"id":"","hide":""},"jnews_social_meta":{"fb_title":"","fb_description":"","fb_image":"","twitter_title":"","twitter_description":"","twitter_image":""},"jnews_review":[],"enable_review":"0","type":"percentage","name":"","summary":"","brand":"","sku":"","good":[{"good_text":""}],"bad":[{"bad_text":""}],"score_override":"","override_value":"","rating":[{"rating_text":"","rating_number":"10"}],"price":[{"shop":"","price":"","link":"","icon":""}],"jnews_override_counter":{"override_view_counter":"0","view_counter_number":"0","override_share_counter":"0","share_counter_number":"0","override_like_counter":"0","like_counter_number":"0","override_dislike_counter":"0","dislike_counter_number":"0"},"jnews_post_split":{"enable_post_split":"0","post_split":[{"template":"1","tag":"h2","numbering":"asc","mode":"normal","first":"0","enable_toc":"0","toc_type":"normal"}]},"footnotes":""},"categories":[108],"tags":[],"class_list":["post-41250","post","type-post","status-publish","format-standard","has-post-thumbnail","hentry","category-internacional"],"jetpack_featured_media_url":"https:\/\/atecordoba.org\/wp-content\/uploads\/2024\/01\/ImagenFGE.png","_links":{"self":[{"href":"https:\/\/atecordoba.org\/index.php?rest_route=\/wp\/v2\/posts\/41250","targetHints":{"allow":["GET"]}}],"collection":[{"href":"https:\/\/atecordoba.org\/index.php?rest_route=\/wp\/v2\/posts"}],"about":[{"href":"https:\/\/atecordoba.org\/index.php?rest_route=\/wp\/v2\/types\/post"}],"author":[{"embeddable":true,"href":"https:\/\/atecordoba.org\/index.php?rest_route=\/wp\/v2\/users\/3"}],"replies":[{"embeddable":true,"href":"https:\/\/atecordoba.org\/index.php?rest_route=%2Fwp%2Fv2%2Fcomments&post=41250"}],"version-history":[{"count":1,"href":"https:\/\/atecordoba.org\/index.php?rest_route=\/wp\/v2\/posts\/41250\/revisions"}],"predecessor-version":[{"id":41252,"href":"https:\/\/atecordoba.org\/index.php?rest_route=\/wp\/v2\/posts\/41250\/revisions\/41252"}],"wp:featuredmedia":[{"embeddable":true,"href":"https:\/\/atecordoba.org\/index.php?rest_route=\/wp\/v2\/media\/41251"}],"wp:attachment":[{"href":"https:\/\/atecordoba.org\/index.php?rest_route=%2Fwp%2Fv2%2Fmedia&parent=41250"}],"wp:term":[{"taxonomy":"category","embeddable":true,"href":"https:\/\/atecordoba.org\/index.php?rest_route=%2Fwp%2Fv2%2Fcategories&post=41250"},{"taxonomy":"post_tag","embeddable":true,"href":"https:\/\/atecordoba.org\/index.php?rest_route=%2Fwp%2Fv2%2Ftags&post=41250"}],"curies":[{"name":"wp","href":"https:\/\/api.w.org\/{rel}","templated":true}]}}