{"id":41236,"date":"2024-01-18T11:43:48","date_gmt":"2024-01-18T14:43:48","guid":{"rendered":"https:\/\/atecordoba.org\/?p=41236"},"modified":"2024-01-18T13:10:59","modified_gmt":"2024-01-18T16:10:59","slug":"ate-repudia-los-dichos-del-gobernador-llaryora-y-lo-invita-a-ser-parte-del-equipo-de-salud-por-24hs","status":"publish","type":"post","link":"https:\/\/atecordoba.org\/?p=41236","title":{"rendered":"ATE  repudia los dichos del gobernador Llaryora y lo invita a ser parte del equipo de salud por 24hs"},"content":{"rendered":"\n<h4 class=\"wp-block-heading\"><em>Las y los delegados del sector de salud de ATE C\u00f3rdoba rechazaron las lamentables expresiones del gobernador que en un mensaje a los directores de hospitales les pidi\u00f3 &#8220;ejercer liderazgos&#8221; y &#8220;exigir a los empleados&#8221; manifestando que &#8220;no vienen las enfermeras y los m\u00e9dicos atienden siete, ocho o diez pacientes&#8221;.<\/em><\/h4>\n\n\n\n<figure class=\"wp-block-image size-full is-resized\"><img loading=\"lazy\" decoding=\"async\" src=\"https:\/\/atecordoba.org\/wp-content\/uploads\/2024\/01\/WhatsApp-Image-2024-01-17-at-7.50.21-PM.jpeg\" alt=\"\" class=\"wp-image-41237\" width=\"470\" height=\"394\" srcset=\"https:\/\/atecordoba.org\/wp-content\/uploads\/2024\/01\/WhatsApp-Image-2024-01-17-at-7.50.21-PM.jpeg 940w, https:\/\/atecordoba.org\/wp-content\/uploads\/2024\/01\/WhatsApp-Image-2024-01-17-at-7.50.21-PM-300x251.jpeg 300w, https:\/\/atecordoba.org\/wp-content\/uploads\/2024\/01\/WhatsApp-Image-2024-01-17-at-7.50.21-PM-768x644.jpeg 768w, https:\/\/atecordoba.org\/wp-content\/uploads\/2024\/01\/WhatsApp-Image-2024-01-17-at-7.50.21-PM-750x629.jpeg 750w\" sizes=\"auto, (max-width: 470px) 100vw, 470px\" \/><\/figure>\n\n\n\n<p>En una demostraci\u00f3n m\u00e1s de la p\u00e9sima pol\u00edtica sanitaria ejercida por el mal llamado &#8220;cordobesismo&#8221;, Mart\u00edn Llaryora <strong>anunci\u00f3 la descentralizaci\u00f3n de los recursos para la gesti\u00f3n hospitalaria<\/strong>, cabe destacar que \u00e9ste es un proceso hist\u00f3rico llevado a cabo desde Mestre en 1995 pasando por el financiamiento del BID de De la Sota hasta la actualidad.<\/p>\n\n\n\n<p>\u00c9ste proceso denominado &#8220;descentralizaci\u00f3n&#8221; genera una <strong>transferencia sostenida de los recursos del estado al sector privado<\/strong> haciendo crecer la salud privada al ritmo de todas las pr\u00e1cticas que se derivan.<\/p>\n\n\n\n<figure class=\"wp-block-image size-large is-resized\"><img loading=\"lazy\" decoding=\"async\" src=\"https:\/\/atecordoba.org\/wp-content\/uploads\/2024\/01\/WhatsApp-Image-2024-01-18-at-10.27.00-AM-1-768x1024.jpeg\" alt=\"\" class=\"wp-image-41243\" width=\"192\" height=\"256\" srcset=\"https:\/\/atecordoba.org\/wp-content\/uploads\/2024\/01\/WhatsApp-Image-2024-01-18-at-10.27.00-AM-1-768x1023.jpeg 768w, https:\/\/atecordoba.org\/wp-content\/uploads\/2024\/01\/WhatsApp-Image-2024-01-18-at-10.27.00-AM-1-225x300.jpeg 225w, https:\/\/atecordoba.org\/wp-content\/uploads\/2024\/01\/WhatsApp-Image-2024-01-18-at-10.27.00-AM-1-1153x1536.jpeg 1153w, https:\/\/atecordoba.org\/wp-content\/uploads\/2024\/01\/WhatsApp-Image-2024-01-18-at-10.27.00-AM-1-750x999.jpeg 750w, https:\/\/atecordoba.org\/wp-content\/uploads\/2024\/01\/WhatsApp-Image-2024-01-18-at-10.27.00-AM-1-1140x1519.jpeg 1140w, https:\/\/atecordoba.org\/wp-content\/uploads\/2024\/01\/WhatsApp-Image-2024-01-18-at-10.27.00-AM-1.jpeg 1200w\" sizes=\"auto, (max-width: 192px) 100vw, 192px\" \/><\/figure>\n\n\n\n<p>Mientras en los sectores privados digitalizan sus sistemas a trav\u00e9s de estos recursos, <strong>el sector p\u00fablico sufre una desmantelaci\u00f3n de su sistema<\/strong> pudiendo generarse cambios de condiciones \u00fanicamente cuando las y los trabajadores organizados cambian la correlaci\u00f3n de fuerzas como en 2007 por ejemplo en el pase a planta permanente masivo en todos los hospitales de la provincia. <\/p>\n\n\n\n<figure class=\"wp-block-image size-large is-resized\"><img loading=\"lazy\" decoding=\"async\" src=\"https:\/\/atecordoba.org\/wp-content\/uploads\/2024\/01\/WhatsApp-Image-2024-01-18-at-10.27.00-AM-768x1024.jpeg\" alt=\"\" class=\"wp-image-41242\" width=\"192\" height=\"256\" srcset=\"https:\/\/atecordoba.org\/wp-content\/uploads\/2024\/01\/WhatsApp-Image-2024-01-18-at-10.27.00-AM-768x1023.jpeg 768w, https:\/\/atecordoba.org\/wp-content\/uploads\/2024\/01\/WhatsApp-Image-2024-01-18-at-10.27.00-AM-225x300.jpeg 225w, https:\/\/atecordoba.org\/wp-content\/uploads\/2024\/01\/WhatsApp-Image-2024-01-18-at-10.27.00-AM-1153x1536.jpeg 1153w, https:\/\/atecordoba.org\/wp-content\/uploads\/2024\/01\/WhatsApp-Image-2024-01-18-at-10.27.00-AM-750x999.jpeg 750w, https:\/\/atecordoba.org\/wp-content\/uploads\/2024\/01\/WhatsApp-Image-2024-01-18-at-10.27.00-AM-1140x1519.jpeg 1140w, https:\/\/atecordoba.org\/wp-content\/uploads\/2024\/01\/WhatsApp-Image-2024-01-18-at-10.27.00-AM.jpeg 1200w\" sizes=\"auto, (max-width: 192px) 100vw, 192px\" \/><\/figure>\n\n\n\n<p>Otro ejemplo m\u00e1s del vaciamiento generado en el sistema de salud en C\u00f3rdoba se encuentra en el <strong>reemplazo de las tareas propias de los trabajadores del sistema de salud por empresas tercerizadas.<\/strong> Pagando altos costos por tareas que pueden hacer los mismos trabajadores del sector p\u00fablico como cocina, roper\u00eda, limpieza, mantenimiento, farmacia, esterilizaci\u00f3n, etc.<\/p>\n\n\n\n<figure class=\"wp-block-image size-large is-resized\"><img loading=\"lazy\" decoding=\"async\" src=\"https:\/\/atecordoba.org\/wp-content\/uploads\/2024\/01\/WhatsApp-Image-2024-01-18-at-10.26.59-AM-461x1024.jpeg\" alt=\"\" class=\"wp-image-41240\" width=\"115\" height=\"256\" srcset=\"https:\/\/atecordoba.org\/wp-content\/uploads\/2024\/01\/WhatsApp-Image-2024-01-18-at-10.26.59-AM-461x1024.jpeg 461w, https:\/\/atecordoba.org\/wp-content\/uploads\/2024\/01\/WhatsApp-Image-2024-01-18-at-10.26.59-AM-135x300.jpeg 135w, https:\/\/atecordoba.org\/wp-content\/uploads\/2024\/01\/WhatsApp-Image-2024-01-18-at-10.26.59-AM-692x1536.jpeg 692w, https:\/\/atecordoba.org\/wp-content\/uploads\/2024\/01\/WhatsApp-Image-2024-01-18-at-10.26.59-AM.jpeg 721w\" sizes=\"auto, (max-width: 115px) 100vw, 115px\" \/><\/figure>\n\n\n\n<p><em>En medio de todo este contexto desde el \u00e1rea de salud de nuestra organizaci\u00f3n le realizaron la siguiente propuesta al gobernador:<\/em><\/p>\n\n\n\n<blockquote class=\"wp-block-quote is-layout-flow wp-block-quote-is-layout-flow\">\n<figure class=\"wp-block-pullquote\"><blockquote><p> &#8220;Se\u00f1or gobernador usted quiere hacer cambios en el sistema de salud y el equipo est\u00e1 dispuesto como siempre a velar por la vitalidad de los cordobeses pero en base a decisiones que deber\u00edan ser tomadas seg\u00fan las realidades del sector, por todo esto es que lo invitamos a conocer las verdades de las instituciones, las necesidades de la poblaci\u00f3n, cu\u00e1nto y c\u00f3mo atiende cada m\u00e9dico, cuales son los horarios picos, que tipo de patolog\u00edas se ven y tratan en cada nosocomio&#8221;. <\/p><\/blockquote><\/figure>\n<\/blockquote>\n\n\n\n<blockquote class=\"wp-block-quote is-layout-flow wp-block-quote-is-layout-flow\">\n<p>Tambi\u00e9n lo invitaron a &#8220;meterse realmente en los zapatos y en las circunstancias de los equipos de salud en los hospitales&#8221; dej\u00e1ndole las siguientes inc\u00f3gnitas: <\/p>\n\n\n\n<figure class=\"wp-block-pullquote\"><blockquote><p>&#8220;\u00bfLe parece que una persona con intento de suicidio, un accidente de motos o un joven que consumi\u00f3 bebidas alcoh\u00f3licas en exceso se pueden atender en 10 minutos?<br>&#8220;Le parece que un c\u00f3lico renal o un paciente oncol\u00f3gico se pueden tratar en 8 minutos?<br>Si a un PAP lo realizamos en 10 min \u00bfLa paciente debe salir con la ropa interior en sus manos?.<br>&#8220;\u00bfC\u00f3mo conoceremos la vulnerabilidad y los recursos econ\u00f3micos\/sociales de nuestros usuarios de salud realizando un triage de 8 minutos? <\/p><\/blockquote><\/figure>\n<\/blockquote>\n\n\n\n<figure class=\"wp-block-video\"><video height=\"864\" style=\"aspect-ratio: 480 \/ 864;\" width=\"480\" controls src=\"https:\/\/atecordoba.org\/wp-content\/uploads\/2024\/01\/WhatsApp-Video-2024-01-18-at-12.39.27-PM.mp4\"><\/video><\/figure>\n","protected":false},"excerpt":{"rendered":"<p>Las y los delegados del sector de salud de ATE C\u00f3rdoba rechazaron las lamentables expresiones del gobernador que en un mensaje a los directores de hospitales les pidi\u00f3 &#8220;ejercer liderazgos&#8221; y &#8220;exigir a los empleados&#8221; manifestando que &#8220;no vienen las enfermeras y los m\u00e9dicos atienden siete, ocho o diez pacientes&#8221;. En una demostraci\u00f3n m\u00e1s de [&hellip;]<\/p>\n","protected":false},"author":3,"featured_media":41237,"comment_status":"open","ping_status":"open","sticky":false,"template":"","format":"standard","meta":{"_exactmetrics_skip_tracking":false,"_exactmetrics_sitenote_active":false,"_exactmetrics_sitenote_note":"","_exactmetrics_sitenote_category":0,"jnews-multi-image_gallery":[],"jnews_single_post":{"subtitle":"","format":"standard","video":"","gallery":"","source_name":"","source_url":"","via_name":"","via_url":"","override_template":"0","override":[{"template":"1","single_blog_custom":"","parallax":"1","fullscreen":"1","layout":"no-sidebar-narrow","sidebar":"default-sidebar","second_sidebar":"default-sidebar","sticky_sidebar":"1","share_position":"bottom","share_float_style":"share-monocrhome","show_share_counter":"1","show_view_counter":"1","show_featured":"0","show_post_meta":"1","show_post_author":"0","show_post_author_image":"1","show_post_date":"1","post_date_format":"default","post_date_format_custom":"Y\/m\/d","show_post_category":"1","show_post_reading_time":"0","post_reading_time_wpm":"300","show_zoom_button":"0","zoom_button_out_step":"2","zoom_button_in_step":"3","show_post_tag":"1","show_prev_next_post":"0","show_popup_post":"0","number_popup_post":"1","show_author_box":"0","show_post_related":"1","show_inline_post_related":"0"}],"override_image_size":"0","image_override":[{"single_post_thumbnail_size":"crop-500","single_post_gallery_size":"crop-500"}],"trending_post":"0","trending_post_position":"meta","trending_post_label":"Trending","sponsored_post":"0","sponsored_post_label":"Sponsored by","sponsored_post_name":"","sponsored_post_url":"","sponsored_post_logo_enable":"0","sponsored_post_logo":"","sponsored_post_desc":"","disable_ad":"0"},"jnews_primary_category":{"id":"","hide":""},"jnews_social_meta":{"fb_title":"","fb_description":"","fb_image":"","twitter_title":"","twitter_description":"","twitter_image":""},"jnews_review":[],"enable_review":"0","type":"percentage","name":"","summary":"","brand":"","sku":"","good":[{"good_text":""}],"bad":[{"bad_text":""}],"score_override":"","override_value":"","rating":[{"rating_text":"","rating_number":"10"}],"price":[{"shop":"","price":"","link":"","icon":""}],"jnews_override_counter":{"override_view_counter":"0","view_counter_number":"0","override_share_counter":"0","share_counter_number":"0","override_like_counter":"0","like_counter_number":"0","override_dislike_counter":"0","dislike_counter_number":"0"},"jnews_post_split":{"enable_post_split":"0","post_split":[{"template":"1","tag":"h2","numbering":"asc","mode":"normal","first":"0","enable_toc":"0","toc_type":"normal"}]},"footnotes":""},"categories":[8],"tags":[],"class_list":["post-41236","post","type-post","status-publish","format-standard","has-post-thumbnail","hentry","category-provinciales"],"jetpack_featured_media_url":"https:\/\/atecordoba.org\/wp-content\/uploads\/2024\/01\/WhatsApp-Image-2024-01-17-at-7.50.21-PM.jpeg","_links":{"self":[{"href":"https:\/\/atecordoba.org\/index.php?rest_route=\/wp\/v2\/posts\/41236","targetHints":{"allow":["GET"]}}],"collection":[{"href":"https:\/\/atecordoba.org\/index.php?rest_route=\/wp\/v2\/posts"}],"about":[{"href":"https:\/\/atecordoba.org\/index.php?rest_route=\/wp\/v2\/types\/post"}],"author":[{"embeddable":true,"href":"https:\/\/atecordoba.org\/index.php?rest_route=\/wp\/v2\/users\/3"}],"replies":[{"embeddable":true,"href":"https:\/\/atecordoba.org\/index.php?rest_route=%2Fwp%2Fv2%2Fcomments&post=41236"}],"version-history":[{"count":4,"href":"https:\/\/atecordoba.org\/index.php?rest_route=\/wp\/v2\/posts\/41236\/revisions"}],"predecessor-version":[{"id":41249,"href":"https:\/\/atecordoba.org\/index.php?rest_route=\/wp\/v2\/posts\/41236\/revisions\/41249"}],"wp:featuredmedia":[{"embeddable":true,"href":"https:\/\/atecordoba.org\/index.php?rest_route=\/wp\/v2\/media\/41237"}],"wp:attachment":[{"href":"https:\/\/atecordoba.org\/index.php?rest_route=%2Fwp%2Fv2%2Fmedia&parent=41236"}],"wp:term":[{"taxonomy":"category","embeddable":true,"href":"https:\/\/atecordoba.org\/index.php?rest_route=%2Fwp%2Fv2%2Fcategories&post=41236"},{"taxonomy":"post_tag","embeddable":true,"href":"https:\/\/atecordoba.org\/index.php?rest_route=%2Fwp%2Fv2%2Ftags&post=41236"}],"curies":[{"name":"wp","href":"https:\/\/api.w.org\/{rel}","templated":true}]}}