{"id":41226,"date":"2024-01-17T15:21:27","date_gmt":"2024-01-17T18:21:27","guid":{"rendered":"https:\/\/atecordoba.org\/?p=41226"},"modified":"2024-01-17T15:37:29","modified_gmt":"2024-01-17T18:37:29","slug":"anses-estado-de-alerta-y-movilizacion-por-un-despido-arbitrario","status":"publish","type":"post","link":"https:\/\/atecordoba.org\/?p=41226","title":{"rendered":"ANSES: Estado de alerta y movilizaci\u00f3n por un despido arbitrario"},"content":{"rendered":"\n<figure class=\"wp-block-image size-large is-resized\"><img loading=\"lazy\" decoding=\"async\" src=\"https:\/\/atecordoba.org\/wp-content\/uploads\/2024\/01\/808197-whatsapp-20image-202024-01-16-20at-2018-44-58-1-1024x896.jpeg\" alt=\"\" class=\"wp-image-41231\" width=\"768\" height=\"672\" srcset=\"https:\/\/atecordoba.org\/wp-content\/uploads\/2024\/01\/808197-whatsapp-20image-202024-01-16-20at-2018-44-58-1-1024x896.jpeg 1024w, https:\/\/atecordoba.org\/wp-content\/uploads\/2024\/01\/808197-whatsapp-20image-202024-01-16-20at-2018-44-58-1-300x263.jpeg 300w, https:\/\/atecordoba.org\/wp-content\/uploads\/2024\/01\/808197-whatsapp-20image-202024-01-16-20at-2018-44-58-1-768x672.jpeg 768w, https:\/\/atecordoba.org\/wp-content\/uploads\/2024\/01\/808197-whatsapp-20image-202024-01-16-20at-2018-44-58-1-750x656.jpeg 750w, https:\/\/atecordoba.org\/wp-content\/uploads\/2024\/01\/808197-whatsapp-20image-202024-01-16-20at-2018-44-58-1-1140x998.jpeg 1140w, https:\/\/atecordoba.org\/wp-content\/uploads\/2024\/01\/808197-whatsapp-20image-202024-01-16-20at-2018-44-58-1.jpeg 1200w\" sizes=\"auto, (max-width: 768px) 100vw, 768px\" \/><\/figure>\n\n\n\n<p>Cordoba 16\/01\/2023<br><\/p>\n\n\n\n<p>En la ma\u00f1ana de este miercoles las y los trabajadores de la oficina C\u00f3rdoba III de Villa Libertador convocados por la Asociaci\u00f3n de Trabajadares del Estado, realizaron una asamblea con motivo del<a href=\"https:\/\/atecordoba.org\/?p=39795\">&nbsp;<\/a>despido arbitrario ejercido sobre una trabajadorra del organismo. Desde ATE C\u00f3rdoba repudiamos el lamentable hecho que genera incertidumbre econ\u00f3mica y laboral a una familia como al resto de nuestras compa\u00f1eras y compa\u00f1eros, por lo que, en asamblea, acordamos las distintas mociones:<\/p>\n\n\n\n<ul class=\"wp-block-list\">\n<li>Repudiar en\u00e9rgicamente este proceder de la Direcci\u00f3n Ejecutiva que no respeta los Contratos acordados.<\/li>\n<\/ul>\n\n\n\n<ul class=\"wp-block-list\">\n<li>Convocar al Paro del 24 del corriente mes en conjunto con las Centrales Obreras y participar de la marcha establecida para ese d\u00eda.<\/li>\n<\/ul>\n\n\n\n<ul class=\"wp-block-list\">\n<li>Exijir la inmediata reincorporaci\u00f3n de la compa\u00f1era cesanteada.<\/li>\n<\/ul>\n\n\n\n<p><\/p>\n\n\n","protected":false},"excerpt":{"rendered":"<p>Cordoba 16\/01\/2023 En la ma\u00f1ana de este miercoles las y los trabajadores de la oficina C\u00f3rdoba III de Villa Libertador convocados por la Asociaci\u00f3n de Trabajadares del Estado, realizaron una asamblea con motivo del&nbsp;despido arbitrario ejercido sobre una trabajadorra del organismo. Desde ATE C\u00f3rdoba repudiamos el lamentable hecho que genera incertidumbre econ\u00f3mica y laboral a [&hellip;]<\/p>\n","protected":false},"author":3,"featured_media":41229,"comment_status":"open","ping_status":"open","sticky":false,"template":"","format":"standard","meta":{"_exactmetrics_skip_tracking":false,"_exactmetrics_sitenote_active":false,"_exactmetrics_sitenote_note":"","_exactmetrics_sitenote_category":0,"jnews-multi-image_gallery":[],"jnews_single_post":{"subtitle":"","format":"standard","video":"","gallery":"","source_name":"","source_url":"","via_name":"","via_url":"","override_template":"0","override":[{"template":"1","single_blog_custom":"","parallax":"1","fullscreen":"1","layout":"no-sidebar-narrow","sidebar":"default-sidebar","second_sidebar":"default-sidebar","sticky_sidebar":"1","share_position":"bottom","share_float_style":"share-monocrhome","show_share_counter":"1","show_view_counter":"1","show_featured":"0","show_post_meta":"1","show_post_author":"0","show_post_author_image":"1","show_post_date":"1","post_date_format":"default","post_date_format_custom":"Y\/m\/d","show_post_category":"1","show_post_reading_time":"0","post_reading_time_wpm":"300","show_zoom_button":"0","zoom_button_out_step":"2","zoom_button_in_step":"3","show_post_tag":"1","show_prev_next_post":"0","show_popup_post":"0","number_popup_post":"1","show_author_box":"0","show_post_related":"1","show_inline_post_related":"0"}],"override_image_size":"0","image_override":[{"single_post_thumbnail_size":"crop-500","single_post_gallery_size":"crop-500"}],"trending_post":"0","trending_post_position":"meta","trending_post_label":"Trending","sponsored_post":"0","sponsored_post_label":"Sponsored by","sponsored_post_name":"","sponsored_post_url":"","sponsored_post_logo_enable":"0","sponsored_post_logo":"","sponsored_post_desc":"","disable_ad":"0"},"jnews_primary_category":{"id":"","hide":""},"jnews_social_meta":{"fb_title":"","fb_description":"","fb_image":"","twitter_title":"","twitter_description":"","twitter_image":""},"jnews_review":[],"enable_review":"0","type":"percentage","name":"","summary":"","brand":"","sku":"","good":[{"good_text":""}],"bad":[{"bad_text":""}],"score_override":"","override_value":"","rating":[{"rating_text":"","rating_number":"10"}],"price":[{"shop":"","price":"","link":"","icon":""}],"jnews_override_counter":{"override_view_counter":"0","view_counter_number":"0","override_share_counter":"0","share_counter_number":"0","override_like_counter":"0","like_counter_number":"0","override_dislike_counter":"0","dislike_counter_number":"0"},"jnews_post_split":{"enable_post_split":"0","post_split":[{"template":"1","tag":"h2","numbering":"asc","mode":"normal","first":"0","enable_toc":"0","toc_type":"normal"}]},"footnotes":""},"categories":[18],"tags":[],"class_list":["post-41226","post","type-post","status-publish","format-standard","has-post-thumbnail","hentry","category-nacionales"],"jetpack_featured_media_url":"https:\/\/atecordoba.org\/wp-content\/uploads\/2024\/01\/808197-whatsapp-20image-202024-01-16-20at-2018-44-58.jpeg","_links":{"self":[{"href":"https:\/\/atecordoba.org\/index.php?rest_route=\/wp\/v2\/posts\/41226","targetHints":{"allow":["GET"]}}],"collection":[{"href":"https:\/\/atecordoba.org\/index.php?rest_route=\/wp\/v2\/posts"}],"about":[{"href":"https:\/\/atecordoba.org\/index.php?rest_route=\/wp\/v2\/types\/post"}],"author":[{"embeddable":true,"href":"https:\/\/atecordoba.org\/index.php?rest_route=\/wp\/v2\/users\/3"}],"replies":[{"embeddable":true,"href":"https:\/\/atecordoba.org\/index.php?rest_route=%2Fwp%2Fv2%2Fcomments&post=41226"}],"version-history":[{"count":4,"href":"https:\/\/atecordoba.org\/index.php?rest_route=\/wp\/v2\/posts\/41226\/revisions"}],"predecessor-version":[{"id":41235,"href":"https:\/\/atecordoba.org\/index.php?rest_route=\/wp\/v2\/posts\/41226\/revisions\/41235"}],"wp:featuredmedia":[{"embeddable":true,"href":"https:\/\/atecordoba.org\/index.php?rest_route=\/wp\/v2\/media\/41229"}],"wp:attachment":[{"href":"https:\/\/atecordoba.org\/index.php?rest_route=%2Fwp%2Fv2%2Fmedia&parent=41226"}],"wp:term":[{"taxonomy":"category","embeddable":true,"href":"https:\/\/atecordoba.org\/index.php?rest_route=%2Fwp%2Fv2%2Fcategories&post=41226"},{"taxonomy":"post_tag","embeddable":true,"href":"https:\/\/atecordoba.org\/index.php?rest_route=%2Fwp%2Fv2%2Ftags&post=41226"}],"curies":[{"name":"wp","href":"https:\/\/api.w.org\/{rel}","templated":true}]}}