{"id":41220,"date":"2024-01-16T15:40:39","date_gmt":"2024-01-16T18:40:39","guid":{"rendered":"https:\/\/atecordoba.org\/?p=41220"},"modified":"2024-01-16T15:40:39","modified_gmt":"2024-01-16T18:40:39","slug":"en-audiencia-con-la-directora-del-hospital-rawson-ate-exigio-la-reincorporacion-de-las-y-los-trabajadores-despedidos","status":"publish","type":"post","link":"https:\/\/atecordoba.org\/?p=41220","title":{"rendered":"En audiencia con la directora del hospital Rawson ATE exigi\u00f3 la reincorporaci\u00f3n de las y los trabajadores despedidos"},"content":{"rendered":"\n<p>En la ma\u00f1ana de este martes 16 de Enero nuestro secretario gremial de ATE C\u00f3rdoba Jorge Chalup, junto a Javier Bracamonte, secretario de Organizaci\u00f3n con las y los delegados Adriana Salgado, Liliana Genes, Pablo Serradell y Ada Carnero del Hospital Rawson, mantuvieron una audiencia con la directora del nosocomio, la doctora Claudia Toledo.<\/p>\n\n\n\n<figure class=\"wp-block-image size-full is-resized\"><img loading=\"lazy\" decoding=\"async\" src=\"https:\/\/atecordoba.org\/wp-content\/uploads\/2024\/01\/WhatsApp-Image-2024-01-16-at-3.10.15-PM.jpeg\" alt=\"\" class=\"wp-image-41221\" width=\"512\" height=\"385\" srcset=\"https:\/\/atecordoba.org\/wp-content\/uploads\/2024\/01\/WhatsApp-Image-2024-01-16-at-3.10.15-PM.jpeg 1024w, https:\/\/atecordoba.org\/wp-content\/uploads\/2024\/01\/WhatsApp-Image-2024-01-16-at-3.10.15-PM-300x225.jpeg 300w, https:\/\/atecordoba.org\/wp-content\/uploads\/2024\/01\/WhatsApp-Image-2024-01-16-at-3.10.15-PM-768x577.jpeg 768w, https:\/\/atecordoba.org\/wp-content\/uploads\/2024\/01\/WhatsApp-Image-2024-01-16-at-3.10.15-PM-750x563.jpeg 750w\" sizes=\"auto, (max-width: 512px) 100vw, 512px\" \/><\/figure>\n\n\n\n<p><\/p>\n\n\n\n<p>En esta instancia se plante\u00f3 el pedido de reincorporaci\u00f3n de las y los siete despedidxs de manera injusta semanas atr\u00e1s, aclarando desde nuestro sindicato que <strong>&#8220;en salud no sobra nadie y que no debe ser por las y los trabajadores donde se d\u00e9 el ajuste&#8221;. <\/strong><\/p>\n\n\n\n<p>Desde ATE C\u00f3rdoba expresamos nuestro total repudio a esta situaci\u00f3n pidiendo la urgente reincorporaci\u00f3n de lxs despedidxs. En este sentido, tambi\u00e9n desde ATE se plante\u00f3 la necesidad de reforzar y fortalecer los equipos de salud, que son quienes vienen garantizando este derecho fundamental a la sociedad y que seguramente ver\u00e1n su demanda aumentada debido al actual contexto de crisis econ\u00f3mica que est\u00e1 viviendo nuestro pueblo.<\/p>\n","protected":false},"excerpt":{"rendered":"<p>En la ma\u00f1ana de este martes 16 de Enero nuestro secretario gremial de ATE C\u00f3rdoba Jorge Chalup, junto a Javier Bracamonte, secretario de Organizaci\u00f3n con las y los delegados Adriana Salgado, Liliana Genes, Pablo Serradell y Ada Carnero del Hospital Rawson, mantuvieron una audiencia con la directora del nosocomio, la doctora Claudia Toledo. En esta [&hellip;]<\/p>\n","protected":false},"author":7,"featured_media":41221,"comment_status":"open","ping_status":"open","sticky":false,"template":"","format":"standard","meta":{"_exactmetrics_skip_tracking":false,"_exactmetrics_sitenote_active":false,"_exactmetrics_sitenote_note":"","_exactmetrics_sitenote_category":0,"jnews-multi-image_gallery":[],"jnews_single_post":{"subtitle":"","format":"standard","video":"","gallery":"","source_name":"","source_url":"","via_name":"","via_url":"","override_template":"0","override":[{"template":"1","single_blog_custom":"","parallax":"1","fullscreen":"1","layout":"no-sidebar-narrow","sidebar":"default-sidebar","second_sidebar":"default-sidebar","sticky_sidebar":"1","share_position":"bottom","share_float_style":"share-monocrhome","show_share_counter":"1","show_view_counter":"1","show_featured":"0","show_post_meta":"1","show_post_author":"0","show_post_author_image":"1","show_post_date":"1","post_date_format":"default","post_date_format_custom":"Y\/m\/d","show_post_category":"1","show_post_reading_time":"0","post_reading_time_wpm":"300","show_zoom_button":"0","zoom_button_out_step":"2","zoom_button_in_step":"3","show_post_tag":"1","show_prev_next_post":"0","show_popup_post":"0","number_popup_post":"1","show_author_box":"0","show_post_related":"1","show_inline_post_related":"0"}],"override_image_size":"0","image_override":[{"single_post_thumbnail_size":"crop-500","single_post_gallery_size":"crop-500"}],"trending_post":"0","trending_post_position":"meta","trending_post_label":"Trending","sponsored_post":"0","sponsored_post_label":"Sponsored by","sponsored_post_name":"","sponsored_post_url":"","sponsored_post_logo_enable":"0","sponsored_post_logo":"","sponsored_post_desc":"","disable_ad":"0"},"jnews_primary_category":{"id":"","hide":""},"jnews_social_meta":{"fb_title":"","fb_description":"","fb_image":"","twitter_title":"","twitter_description":"","twitter_image":""},"jnews_review":[],"enable_review":"0","type":"percentage","name":"","summary":"","brand":"","sku":"","good":[{"good_text":""}],"bad":[{"bad_text":""}],"score_override":"","override_value":"","rating":[{"rating_text":"","rating_number":"10"}],"price":[{"shop":"","price":"","link":"","icon":""}],"jnews_override_counter":{"override_view_counter":"0","view_counter_number":"0","override_share_counter":"0","share_counter_number":"0","override_like_counter":"0","like_counter_number":"0","override_dislike_counter":"0","dislike_counter_number":"0"},"jnews_post_split":{"enable_post_split":"0","post_split":[{"template":"1","tag":"h2","numbering":"asc","mode":"normal","first":"0","enable_toc":"0","toc_type":"normal"}]},"footnotes":""},"categories":[8],"tags":[],"class_list":["post-41220","post","type-post","status-publish","format-standard","has-post-thumbnail","hentry","category-provinciales"],"jetpack_featured_media_url":"https:\/\/atecordoba.org\/wp-content\/uploads\/2024\/01\/WhatsApp-Image-2024-01-16-at-3.10.15-PM.jpeg","_links":{"self":[{"href":"https:\/\/atecordoba.org\/index.php?rest_route=\/wp\/v2\/posts\/41220","targetHints":{"allow":["GET"]}}],"collection":[{"href":"https:\/\/atecordoba.org\/index.php?rest_route=\/wp\/v2\/posts"}],"about":[{"href":"https:\/\/atecordoba.org\/index.php?rest_route=\/wp\/v2\/types\/post"}],"author":[{"embeddable":true,"href":"https:\/\/atecordoba.org\/index.php?rest_route=\/wp\/v2\/users\/7"}],"replies":[{"embeddable":true,"href":"https:\/\/atecordoba.org\/index.php?rest_route=%2Fwp%2Fv2%2Fcomments&post=41220"}],"version-history":[{"count":1,"href":"https:\/\/atecordoba.org\/index.php?rest_route=\/wp\/v2\/posts\/41220\/revisions"}],"predecessor-version":[{"id":41222,"href":"https:\/\/atecordoba.org\/index.php?rest_route=\/wp\/v2\/posts\/41220\/revisions\/41222"}],"wp:featuredmedia":[{"embeddable":true,"href":"https:\/\/atecordoba.org\/index.php?rest_route=\/wp\/v2\/media\/41221"}],"wp:attachment":[{"href":"https:\/\/atecordoba.org\/index.php?rest_route=%2Fwp%2Fv2%2Fmedia&parent=41220"}],"wp:term":[{"taxonomy":"category","embeddable":true,"href":"https:\/\/atecordoba.org\/index.php?rest_route=%2Fwp%2Fv2%2Fcategories&post=41220"},{"taxonomy":"post_tag","embeddable":true,"href":"https:\/\/atecordoba.org\/index.php?rest_route=%2Fwp%2Fv2%2Ftags&post=41220"}],"curies":[{"name":"wp","href":"https:\/\/api.w.org\/{rel}","templated":true}]}}