{"id":41211,"date":"2024-01-16T14:30:59","date_gmt":"2024-01-16T17:30:59","guid":{"rendered":"https:\/\/atecordoba.org\/?p=41211"},"modified":"2024-01-16T14:50:35","modified_gmt":"2024-01-16T17:50:35","slug":"encuentro-con-el-diputado-nacional-por-cordoba-pablo-carro-de-union-por-la-patria","status":"publish","type":"post","link":"https:\/\/atecordoba.org\/?p=41211","title":{"rendered":"Encuentro con el diputado Nacional por C\u00f3rdoba Pablo Carro, de &#8220;Uni\u00f3n por la patria&#8221;"},"content":{"rendered":"\n<p>En el marco de los distintos pedidos de audiencias que llevamos a cabo con diputadxs para exponer la voz de lxs estatales, ATE mantuvo un encuentro con el Diputado Pablo Carro.<\/p>\n\n\n\n<p><br>ATE estuvo representada por Valeria Beltr\u00e1n e Ivana Mart\u00ednez, ambas trabajadoras del Estado Nacional. En el encuentro con el Diputado Carro, debatimos sobre la importancia de la organizaci\u00f3n sindical que venimos construyendo en los sectores laborales en defensa de las fuentes de trabajo, mejoras salariales y denunciando la precarizaci\u00f3n laboral que nos deja en esta instancia ante la falta de respuesta pol\u00edticas del conjunto de las dirigencias que antecedieron a este gobierno pero que se agudiza durante el mandato de Milei.<\/p>\n\n\n\n<figure class=\"wp-block-image size-large is-resized\"><img loading=\"lazy\" decoding=\"async\" src=\"https:\/\/atecordoba.org\/wp-content\/uploads\/2024\/01\/WhatsApp-Image-2024-01-16-at-1.47.06-PM-1-1024x1013.jpeg\" alt=\"\" class=\"wp-image-41213\" width=\"512\" height=\"507\" srcset=\"https:\/\/atecordoba.org\/wp-content\/uploads\/2024\/01\/WhatsApp-Image-2024-01-16-at-1.47.06-PM-1-1024x1013.jpeg 1024w, https:\/\/atecordoba.org\/wp-content\/uploads\/2024\/01\/WhatsApp-Image-2024-01-16-at-1.47.06-PM-1-300x297.jpeg 300w, https:\/\/atecordoba.org\/wp-content\/uploads\/2024\/01\/WhatsApp-Image-2024-01-16-at-1.47.06-PM-1-150x150.jpeg 150w, https:\/\/atecordoba.org\/wp-content\/uploads\/2024\/01\/WhatsApp-Image-2024-01-16-at-1.47.06-PM-1-768x760.jpeg 768w, https:\/\/atecordoba.org\/wp-content\/uploads\/2024\/01\/WhatsApp-Image-2024-01-16-at-1.47.06-PM-1-75x75.jpeg 75w, https:\/\/atecordoba.org\/wp-content\/uploads\/2024\/01\/WhatsApp-Image-2024-01-16-at-1.47.06-PM-1-750x742.jpeg 750w, https:\/\/atecordoba.org\/wp-content\/uploads\/2024\/01\/WhatsApp-Image-2024-01-16-at-1.47.06-PM-1-1140x1128.jpeg 1140w, https:\/\/atecordoba.org\/wp-content\/uploads\/2024\/01\/WhatsApp-Image-2024-01-16-at-1.47.06-PM-1.jpeg 1150w\" sizes=\"auto, (max-width: 512px) 100vw, 512px\" \/><\/figure>\n\n\n\n<blockquote class=\"wp-block-quote is-layout-flow wp-block-quote-is-layout-flow\">\n<p class=\"has-medium-font-size\"><strong>&#8220;Planteamos y acordamos nuestra postura ante la presentaci\u00f3n del DNU y Ley \u00d3mnibus entendiendo que el avance del mismo afectar\u00e1 a toda la clase obrera estudiantil e impactar\u00e1 profundamente al tejido social, ante lo cual, la unidad y organizaci\u00f3n juegan un rol importante desde las c\u00e1maras altas y las organizaciones sindicales para frenar semejante atropello&#8221;<\/strong>; <\/p>\n<cite>expres\u00f3 Valeria Beltr\u00e1n de ATE C\u00f3rdoba.<\/cite><\/blockquote>\n\n\n\n<p><br>ATE expuso su postura sobre los despidos del Estado Nacional que se han hecho efectivos en la provincia de C\u00f3rdoba, y en consonancia se\u00f1al\u00f3 la importancia del rol de lxs trabajadores como principales garantes de derechos para la sociedad en su conjunto. Estos despidos arbitrarios dejan como saldo familias desocupadas, pero tambi\u00e9n a la sociedad sufriendo el recorte de las prestaciones estatales a las que se acceden diariamente.<\/p>\n\n\n\n<blockquote class=\"wp-block-quote is-layout-flow wp-block-quote-is-layout-flow\">\n<p><br>Finalmente en la profundizaci\u00f3n del debate, <strong>&#8220;arribamos al acuerdo inexorable de que la privatizaci\u00f3n de las empresas nacionales que se encuentran en C\u00f3rdoba generar\u00e1n un golpe a la econom\u00eda interna de nuestra provincia generando desocupaci\u00f3n y desguasando la soberan\u00eda que nos otorgan estos sectores&#8221;<\/strong><\/p>\n<cite>sintetiz\u00f3 Beltr\u00e1n.<\/cite><\/blockquote>\n","protected":false},"excerpt":{"rendered":"<p>En el marco de los distintos pedidos de audiencias que llevamos a cabo con diputadxs para exponer la voz de lxs estatales, ATE mantuvo un encuentro con el Diputado Pablo Carro. ATE estuvo representada por Valeria Beltr\u00e1n e Ivana Mart\u00ednez, ambas trabajadoras del Estado Nacional. En el encuentro con el Diputado Carro, debatimos sobre la [&hellip;]<\/p>\n","protected":false},"author":7,"featured_media":41212,"comment_status":"open","ping_status":"open","sticky":false,"template":"","format":"standard","meta":{"_exactmetrics_skip_tracking":false,"_exactmetrics_sitenote_active":false,"_exactmetrics_sitenote_note":"","_exactmetrics_sitenote_category":0,"jnews-multi-image_gallery":[],"jnews_single_post":{"subtitle":"","format":"standard","video":"","gallery":"","source_name":"","source_url":"","via_name":"","via_url":"","override_template":"0","override":[{"template":"1","single_blog_custom":"","parallax":"1","fullscreen":"1","layout":"no-sidebar-narrow","sidebar":"default-sidebar","second_sidebar":"default-sidebar","sticky_sidebar":"1","share_position":"bottom","share_float_style":"share-monocrhome","show_share_counter":"1","show_view_counter":"1","show_featured":"0","show_post_meta":"1","show_post_author":"0","show_post_author_image":"1","show_post_date":"1","post_date_format":"default","post_date_format_custom":"Y\/m\/d","show_post_category":"1","show_post_reading_time":"0","post_reading_time_wpm":"300","show_zoom_button":"0","zoom_button_out_step":"2","zoom_button_in_step":"3","show_post_tag":"1","show_prev_next_post":"0","show_popup_post":"0","number_popup_post":"1","show_author_box":"0","show_post_related":"1","show_inline_post_related":"0"}],"override_image_size":"0","image_override":[{"single_post_thumbnail_size":"crop-500","single_post_gallery_size":"crop-500"}],"trending_post":"0","trending_post_position":"meta","trending_post_label":"Trending","sponsored_post":"0","sponsored_post_label":"Sponsored by","sponsored_post_name":"","sponsored_post_url":"","sponsored_post_logo_enable":"0","sponsored_post_logo":"","sponsored_post_desc":"","disable_ad":"0"},"jnews_primary_category":{"id":"","hide":""},"jnews_social_meta":{"fb_title":"","fb_description":"","fb_image":"","twitter_title":"","twitter_description":"","twitter_image":""},"jnews_review":[],"enable_review":"0","type":"percentage","name":"","summary":"","brand":"","sku":"","good":[{"good_text":""}],"bad":[{"bad_text":""}],"score_override":"","override_value":"","rating":[{"rating_text":"","rating_number":"10"}],"price":[{"shop":"","price":"","link":"","icon":""}],"jnews_override_counter":{"override_view_counter":"0","view_counter_number":"0","override_share_counter":"0","share_counter_number":"0","override_like_counter":"0","like_counter_number":"0","override_dislike_counter":"0","dislike_counter_number":"0"},"jnews_post_split":{"enable_post_split":"0","post_split":[{"template":"1","tag":"h2","numbering":"asc","mode":"normal","first":"0","enable_toc":"0","toc_type":"normal"}]},"footnotes":""},"categories":[10],"tags":[],"class_list":["post-41211","post","type-post","status-publish","format-standard","has-post-thumbnail","hentry","category-accion-politica"],"jetpack_featured_media_url":"https:\/\/atecordoba.org\/wp-content\/uploads\/2024\/01\/WhatsApp-Image-2024-01-16-at-1.47.06-PM.jpeg","_links":{"self":[{"href":"https:\/\/atecordoba.org\/index.php?rest_route=\/wp\/v2\/posts\/41211","targetHints":{"allow":["GET"]}}],"collection":[{"href":"https:\/\/atecordoba.org\/index.php?rest_route=\/wp\/v2\/posts"}],"about":[{"href":"https:\/\/atecordoba.org\/index.php?rest_route=\/wp\/v2\/types\/post"}],"author":[{"embeddable":true,"href":"https:\/\/atecordoba.org\/index.php?rest_route=\/wp\/v2\/users\/7"}],"replies":[{"embeddable":true,"href":"https:\/\/atecordoba.org\/index.php?rest_route=%2Fwp%2Fv2%2Fcomments&post=41211"}],"version-history":[{"count":3,"href":"https:\/\/atecordoba.org\/index.php?rest_route=\/wp\/v2\/posts\/41211\/revisions"}],"predecessor-version":[{"id":41219,"href":"https:\/\/atecordoba.org\/index.php?rest_route=\/wp\/v2\/posts\/41211\/revisions\/41219"}],"wp:featuredmedia":[{"embeddable":true,"href":"https:\/\/atecordoba.org\/index.php?rest_route=\/wp\/v2\/media\/41212"}],"wp:attachment":[{"href":"https:\/\/atecordoba.org\/index.php?rest_route=%2Fwp%2Fv2%2Fmedia&parent=41211"}],"wp:term":[{"taxonomy":"category","embeddable":true,"href":"https:\/\/atecordoba.org\/index.php?rest_route=%2Fwp%2Fv2%2Fcategories&post=41211"},{"taxonomy":"post_tag","embeddable":true,"href":"https:\/\/atecordoba.org\/index.php?rest_route=%2Fwp%2Fv2%2Ftags&post=41211"}],"curies":[{"name":"wp","href":"https:\/\/api.w.org\/{rel}","templated":true}]}}