{"id":4121,"date":"2014-05-14T16:27:06","date_gmt":"2014-05-14T19:27:06","guid":{"rendered":"http:\/\/www.atecordoba.org\/?p=4121"},"modified":"2014-05-14T16:27:06","modified_gmt":"2014-05-14T19:27:06","slug":"congreso-provincial-2014-en-villa-maria","status":"publish","type":"post","link":"https:\/\/atecordoba.org\/?p=4121","title":{"rendered":"Congreso Provincial 2014 en Villa Mar\u00eda"},"content":{"rendered":"<p><em>Tal como se informara oportunamente, el pr\u00f3ximo viernes 16 de mayo se llevar\u00e1 a cabo el Congreso Ordinario y Extraordinario de ATE C\u00f3rdoba en la sede de la seccional Villa Mar\u00eda, Santa Fe 1553. Son 183 congresales que est\u00e1n convocados a participar para aprobar de la memoria y balances del a\u00f1o de gesti\u00f3n 2013, as\u00ed como debatir la pol\u00edtica de nuestro gremio para el corriente a\u00f1o.<\/em><\/p>\n","protected":false},"excerpt":{"rendered":"<p>Tal como se informara oportunamente, el pr\u00f3ximo viernes 16 de mayo se llevar\u00e1 a cabo el Congreso Ordinario y Extraordinario de ATE C\u00f3rdoba en la sede de la seccional Villa Mar\u00eda, Santa Fe 1553. Son 183 congresales que est\u00e1n convocados a participar para aprobar de la memoria y balances del a\u00f1o de gesti\u00f3n 2013, as\u00ed [&hellip;]<\/p>\n","protected":false},"author":1,"featured_media":19220,"comment_status":"open","ping_status":"open","sticky":false,"template":"","format":"standard","meta":{"_exactmetrics_skip_tracking":false,"_exactmetrics_sitenote_active":false,"_exactmetrics_sitenote_note":"","_exactmetrics_sitenote_category":0,"jnews-multi-image_gallery":[],"jnews_single_post":[],"jnews_primary_category":[],"jnews_social_meta":[],"jnews_review":[],"enable_review":"","type":"","name":"","summary":"","brand":"","sku":"","good":[],"bad":[],"score_override":"","override_value":"","rating":[],"price":[],"jnews_override_counter":[],"jnews_post_split":[],"footnotes":""},"categories":[20,18,8],"tags":[],"class_list":["post-4121","post","type-post","status-publish","format-standard","has-post-thumbnail","hentry","category-municipales","category-nacionales","category-provinciales"],"jetpack_featured_media_url":"https:\/\/atecordoba.org\/wp-content\/uploads\/2020\/05\/logo-nuevochico-e1561581322808.png","_links":{"self":[{"href":"https:\/\/atecordoba.org\/index.php?rest_route=\/wp\/v2\/posts\/4121","targetHints":{"allow":["GET"]}}],"collection":[{"href":"https:\/\/atecordoba.org\/index.php?rest_route=\/wp\/v2\/posts"}],"about":[{"href":"https:\/\/atecordoba.org\/index.php?rest_route=\/wp\/v2\/types\/post"}],"author":[{"embeddable":true,"href":"https:\/\/atecordoba.org\/index.php?rest_route=\/wp\/v2\/users\/1"}],"replies":[{"embeddable":true,"href":"https:\/\/atecordoba.org\/index.php?rest_route=%2Fwp%2Fv2%2Fcomments&post=4121"}],"version-history":[{"count":0,"href":"https:\/\/atecordoba.org\/index.php?rest_route=\/wp\/v2\/posts\/4121\/revisions"}],"wp:featuredmedia":[{"embeddable":true,"href":"https:\/\/atecordoba.org\/index.php?rest_route=\/wp\/v2\/media\/19220"}],"wp:attachment":[{"href":"https:\/\/atecordoba.org\/index.php?rest_route=%2Fwp%2Fv2%2Fmedia&parent=4121"}],"wp:term":[{"taxonomy":"category","embeddable":true,"href":"https:\/\/atecordoba.org\/index.php?rest_route=%2Fwp%2Fv2%2Fcategories&post=4121"},{"taxonomy":"post_tag","embeddable":true,"href":"https:\/\/atecordoba.org\/index.php?rest_route=%2Fwp%2Fv2%2Ftags&post=4121"}],"curies":[{"name":"wp","href":"https:\/\/api.w.org\/{rel}","templated":true}]}}