{"id":41189,"date":"2024-01-15T18:02:45","date_gmt":"2024-01-15T21:02:45","guid":{"rendered":"https:\/\/atecordoba.org\/?p=41189"},"modified":"2024-01-15T18:02:45","modified_gmt":"2024-01-15T21:02:45","slug":"ate-se-movilizo-en-todo-el-pais-contra-el-ajuste-y-los-despidos","status":"publish","type":"post","link":"https:\/\/atecordoba.org\/?p=41189","title":{"rendered":"ATE se moviliz\u00f3 en todo el pa\u00eds contra el ajuste y los despidos"},"content":{"rendered":"<div class=\"wp-block-image\">\n<figure class=\"aligncenter size-large is-resized\"><img loading=\"lazy\" decoding=\"async\" src=\"https:\/\/atecordoba.org\/wp-content\/uploads\/2024\/01\/aguiar-1024x683.jpg\" alt=\"\" class=\"wp-image-41190\" width=\"768\" height=\"512\" srcset=\"https:\/\/atecordoba.org\/wp-content\/uploads\/2024\/01\/aguiar-1024x683.jpg 1024w, https:\/\/atecordoba.org\/wp-content\/uploads\/2024\/01\/aguiar-300x200.jpg 300w, https:\/\/atecordoba.org\/wp-content\/uploads\/2024\/01\/aguiar-768x512.jpg 768w, https:\/\/atecordoba.org\/wp-content\/uploads\/2024\/01\/aguiar-750x500.jpg 750w, https:\/\/atecordoba.org\/wp-content\/uploads\/2024\/01\/aguiar-1140x760.jpg 1140w, https:\/\/atecordoba.org\/wp-content\/uploads\/2024\/01\/aguiar.jpg 1536w\" sizes=\"auto, (max-width: 768px) 100vw, 768px\" \/><\/figure>\n<\/div>\n\n\n<p>\u201cHoy ATE cumple 99 a\u00f1os. El Gobierno tiene que saber que no nos va a poder disolver por decreto ni amansar por intimidaci\u00f3n\u201d, se\u00f1al\u00f3 el Secretario General del sindicato, Rodolfo Aguiar. \u201cDesde el Gobierno nos dicen \u2018no la ven\u2019, y nosotros creemos que s\u00ed, la estamos viendo, es en la calle y no nos vamos a detener. Vamos a profundizar nuestro plan de lucha hasta recuperar todos nuestros derechos\u201d, dispar\u00f3 Aguiar en referencia a los dichos del presidente Javier Milei.<\/p>\n\n\n<div class=\"wp-block-image\">\n<figure class=\"alignleft size-full is-resized\"><img loading=\"lazy\" decoding=\"async\" src=\"https:\/\/atecordoba.org\/wp-content\/uploads\/2024\/01\/munecomilei.jpg\" alt=\"\" class=\"wp-image-41191\" width=\"384\" height=\"256\" \/><\/figure>\n<\/div>\n\n\n<p>Los estatales se movilizaron frente al Centro Cultural Kirchner (CCK), ubicado en Sarmiento 151 de la Ciudad Aut\u00f3noma de Buenos Aires, en tanto que cada provincia replic\u00f3 la jornada adoptando sus propias modalidades de protestas con asambleas, radios abiertas, movilizaciones y cortes de ruta en las principales ciudades del pa\u00eds.<\/p>\n\n\n\n<p>Aguiar asegur\u00f3 que&nbsp;<strong>\u201c<\/strong>con la decisi\u00f3n de despedir trabajadores y congelar salarios, el Gobierno est\u00e1 afectando notoriamente el funcionamiento de numerosas \u00e1reas del Estado\u201d y agreg\u00f3: \u201cDemandamos la inmediata reincorporaci\u00f3n de todos los cesanteados sin justa causa y una recomposici\u00f3n salarial que permita compensar el deterioro que han tenido todos los ingresos en el sector p\u00fablico\u201d.<\/p>\n\n\n\n<p>\u201cSi juntamos el mega DNU y la Ley \u00d3mnibus, no vamos a encontrar una sola medida en favor de los trabajadores, los sectores populares y los jubilados. S\u00f3lo se intenta beneficiar a 4 o 5 grupos econ\u00f3micos. Quieren subastar la Argentina al mejor postor\u201d, indic\u00f3 el dirigente.<\/p>\n\n\n\n<p>En esta l\u00ednea, Aguiar concluy\u00f3 recordando las palabras del escritor Arturo Jauretche: \u201cHoy est\u00e1 m\u00e1s presente que nunca aquella frase que dice: \u2018Si malo es el gringo que nos compra, peor es el criollo que nos vende\u2019. A los gringos que nos quieren comprar como Lewis los enfrentamos desde hace a\u00f1os, y ahora vamos a enfrentar a los criollos que nos quieren vender\u201d.<\/p>\n\n\n\n<p><strong>Frente de Sindicatos y Empresas Estatales<\/strong><\/p>\n\n\n\n<p>Tambi\u00e9n particip\u00f3 activamente de la movilizaci\u00f3n el recientemente conformado Frente de Sindicatos y Empresas Estatales, el cual se present\u00f3 oficialmente a trav\u00e9s de una conferencia de prensa el pasado viernes 12 de enero.<\/p>\n\n\n\n<p>El mismo rechaz\u00f3 tajantemente el intento de privatizar empresas que resultan esenciales para el desarrollo productivo del pa\u00eds.<\/p>\n\n\n<div class=\"wp-block-image\">\n<figure class=\"alignright size-full is-resized\"><img loading=\"lazy\" decoding=\"async\" src=\"https:\/\/atecordoba.org\/wp-content\/uploads\/2024\/01\/aguiaryotros.jpg\" alt=\"\" class=\"wp-image-41192\" width=\"384\" height=\"256\" srcset=\"https:\/\/atecordoba.org\/wp-content\/uploads\/2024\/01\/aguiaryotros.jpg 768w, https:\/\/atecordoba.org\/wp-content\/uploads\/2024\/01\/aguiaryotros-300x200.jpg 300w, https:\/\/atecordoba.org\/wp-content\/uploads\/2024\/01\/aguiaryotros-750x500.jpg 750w\" sizes=\"auto, (max-width: 384px) 100vw, 384px\" \/><\/figure>\n<\/div>\n\n\n<p>De esta forma, las principales exigencia de los trabajadores fueron:<\/p>\n\n\n\n<p>\u2022 La reincorporaci\u00f3n inmediata de todos los trabajadores\/as despedidos.<\/p>\n\n\n\n<p>\u2022 Urgente reapertura de paritarias y aumento salarial que supere la inflaci\u00f3n.<\/p>\n\n\n\n<p>\u2022 Cese de las pol\u00edticas de ajuste.<\/p>\n\n\n\n<p>\u2022 Pase a Planta Permanente y Estabilidad Laboral para todas las y los trabajadores.<\/p>\n\n\n\n<p>\u2022 Anulaci\u00f3n del Protocolo Anti-Movilizaciones que intenta cercenar el derecho a peticionar a las autoridades.<\/p>\n\n\n\n<p>\u2022 Anulaci\u00f3n del DNU 70\/23.<\/p>\n\n\n\n<p>\u2022 Rechazo en el Congreso a la Ley \u00d3mnibus.<\/p>\n","protected":false},"excerpt":{"rendered":"<p>\u201cHoy ATE cumple 99 a\u00f1os. El Gobierno tiene que saber que no nos va a poder disolver por decreto ni amansar por intimidaci\u00f3n\u201d, se\u00f1al\u00f3 el Secretario General del sindicato, Rodolfo Aguiar. \u201cDesde el Gobierno nos dicen \u2018no la ven\u2019, y nosotros creemos que s\u00ed, la estamos viendo, es en la calle y no nos vamos [&hellip;]<\/p>\n","protected":false},"author":7,"featured_media":41191,"comment_status":"open","ping_status":"open","sticky":false,"template":"","format":"standard","meta":{"_exactmetrics_skip_tracking":false,"_exactmetrics_sitenote_active":false,"_exactmetrics_sitenote_note":"","_exactmetrics_sitenote_category":0,"jnews-multi-image_gallery":[],"jnews_single_post":{"subtitle":"Los trabajadores estatales se movilizaron en todo el pa\u00eds en una nueva Jornada Nacional de Lucha encabezada por ATE contra el ajuste, el desguace y los despidos en distintas \u00e1reas del Estado pretendidos a trav\u00e9s del mega DNU y la Ley \u00d3mnibus, y por una urgente recomposici\u00f3n salarial.","format":"standard","video":"","gallery":"","source_name":"","source_url":"","via_name":"","via_url":"","override_template":"0","override":[{"template":"1","single_blog_custom":"","parallax":"1","fullscreen":"1","layout":"no-sidebar-narrow","sidebar":"default-sidebar","second_sidebar":"default-sidebar","sticky_sidebar":"1","share_position":"bottom","share_float_style":"share-monocrhome","show_share_counter":"1","show_view_counter":"1","show_featured":"0","show_post_meta":"1","show_post_author":"0","show_post_author_image":"1","show_post_date":"1","post_date_format":"default","post_date_format_custom":"Y\/m\/d","show_post_category":"1","show_post_reading_time":"0","post_reading_time_wpm":"300","show_zoom_button":"0","zoom_button_out_step":"2","zoom_button_in_step":"3","show_post_tag":"1","show_prev_next_post":"0","show_popup_post":"0","number_popup_post":"1","show_author_box":"0","show_post_related":"1","show_inline_post_related":"0"}],"override_image_size":"0","image_override":[{"single_post_thumbnail_size":"crop-500","single_post_gallery_size":"crop-500"}],"trending_post":"0","trending_post_position":"meta","trending_post_label":"Trending","sponsored_post":"0","sponsored_post_label":"Sponsored by","sponsored_post_name":"","sponsored_post_url":"","sponsored_post_logo_enable":"0","sponsored_post_logo":"","sponsored_post_desc":"","disable_ad":"0"},"jnews_primary_category":{"id":"","hide":""},"jnews_social_meta":{"fb_title":"","fb_description":"","fb_image":"","twitter_title":"","twitter_description":"","twitter_image":""},"jnews_review":[],"enable_review":"0","type":"percentage","name":"","summary":"","brand":"","sku":"","good":[{"good_text":""}],"bad":[{"bad_text":""}],"score_override":"","override_value":"","rating":[{"rating_text":"","rating_number":"10"}],"price":[{"shop":"","price":"","link":"","icon":""}],"jnews_override_counter":{"override_view_counter":"0","view_counter_number":"0","override_share_counter":"0","share_counter_number":"0","override_like_counter":"0","like_counter_number":"0","override_dislike_counter":"0","dislike_counter_number":"0"},"jnews_post_split":{"enable_post_split":"0","post_split":[{"template":"1","tag":"h2","numbering":"asc","mode":"normal","first":"0","enable_toc":"0","toc_type":"normal"}]},"footnotes":""},"categories":[756],"tags":[],"class_list":["post-41189","post","type-post","status-publish","format-standard","has-post-thumbnail","hentry","category-consejo-directivo-nacional-cdn"],"jetpack_featured_media_url":"https:\/\/atecordoba.org\/wp-content\/uploads\/2024\/01\/munecomilei-e1705352559942.jpg","_links":{"self":[{"href":"https:\/\/atecordoba.org\/index.php?rest_route=\/wp\/v2\/posts\/41189","targetHints":{"allow":["GET"]}}],"collection":[{"href":"https:\/\/atecordoba.org\/index.php?rest_route=\/wp\/v2\/posts"}],"about":[{"href":"https:\/\/atecordoba.org\/index.php?rest_route=\/wp\/v2\/types\/post"}],"author":[{"embeddable":true,"href":"https:\/\/atecordoba.org\/index.php?rest_route=\/wp\/v2\/users\/7"}],"replies":[{"embeddable":true,"href":"https:\/\/atecordoba.org\/index.php?rest_route=%2Fwp%2Fv2%2Fcomments&post=41189"}],"version-history":[{"count":1,"href":"https:\/\/atecordoba.org\/index.php?rest_route=\/wp\/v2\/posts\/41189\/revisions"}],"predecessor-version":[{"id":41193,"href":"https:\/\/atecordoba.org\/index.php?rest_route=\/wp\/v2\/posts\/41189\/revisions\/41193"}],"wp:featuredmedia":[{"embeddable":true,"href":"https:\/\/atecordoba.org\/index.php?rest_route=\/wp\/v2\/media\/41191"}],"wp:attachment":[{"href":"https:\/\/atecordoba.org\/index.php?rest_route=%2Fwp%2Fv2%2Fmedia&parent=41189"}],"wp:term":[{"taxonomy":"category","embeddable":true,"href":"https:\/\/atecordoba.org\/index.php?rest_route=%2Fwp%2Fv2%2Fcategories&post=41189"},{"taxonomy":"post_tag","embeddable":true,"href":"https:\/\/atecordoba.org\/index.php?rest_route=%2Fwp%2Fv2%2Ftags&post=41189"}],"curies":[{"name":"wp","href":"https:\/\/api.w.org\/{rel}","templated":true}]}}