{"id":41180,"date":"2024-01-15T16:30:47","date_gmt":"2024-01-15T19:30:47","guid":{"rendered":"https:\/\/atecordoba.org\/?p=41180"},"modified":"2024-01-15T17:55:52","modified_gmt":"2024-01-15T20:55:52","slug":"audiencia-con-el-diputado-nacional-por-cordoba-agost-carreno-de-hacemos-coalicion-federal","status":"publish","type":"post","link":"https:\/\/atecordoba.org\/?p=41180","title":{"rendered":"Audiencia con el diputado nacional por C\u00f3rdoba Agost Carre\u00f1o, de &#8220;Hacemos Coalici\u00f3n Federal&#8221;"},"content":{"rendered":"<div class=\"wp-block-image\">\n<figure class=\"alignleft size-large is-resized\"><img loading=\"lazy\" decoding=\"async\" src=\"https:\/\/atecordoba.org\/wp-content\/uploads\/2024\/01\/WhatsApp-Image-2024-01-15-at-15.57.39-1024x1024.jpeg\" alt=\"\" class=\"wp-image-41181\" width=\"512\" height=\"512\" srcset=\"https:\/\/atecordoba.org\/wp-content\/uploads\/2024\/01\/WhatsApp-Image-2024-01-15-at-15.57.39-1024x1024.jpeg 1024w, https:\/\/atecordoba.org\/wp-content\/uploads\/2024\/01\/WhatsApp-Image-2024-01-15-at-15.57.39-300x300.jpeg 300w, https:\/\/atecordoba.org\/wp-content\/uploads\/2024\/01\/WhatsApp-Image-2024-01-15-at-15.57.39-150x150.jpeg 150w, https:\/\/atecordoba.org\/wp-content\/uploads\/2024\/01\/WhatsApp-Image-2024-01-15-at-15.57.39-768x768.jpeg 768w, https:\/\/atecordoba.org\/wp-content\/uploads\/2024\/01\/WhatsApp-Image-2024-01-15-at-15.57.39-560x560.jpeg 560w, https:\/\/atecordoba.org\/wp-content\/uploads\/2024\/01\/WhatsApp-Image-2024-01-15-at-15.57.39-75x75.jpeg 75w, https:\/\/atecordoba.org\/wp-content\/uploads\/2024\/01\/WhatsApp-Image-2024-01-15-at-15.57.39-350x350.jpeg 350w, https:\/\/atecordoba.org\/wp-content\/uploads\/2024\/01\/WhatsApp-Image-2024-01-15-at-15.57.39-750x750.jpeg 750w, https:\/\/atecordoba.org\/wp-content\/uploads\/2024\/01\/WhatsApp-Image-2024-01-15-at-15.57.39.jpeg 1080w\" sizes=\"auto, (max-width: 512px) 100vw, 512px\" \/><\/figure>\n<\/div>\n\n\n<p>Esta ma\u00f1ana ATE mantuvo una audiencia virtual con el diputado nacional por C\u00f3rdoba Oscar Agost Carre\u00f1o, que atendi\u00f3 a nuestro gremio en nombre del conjunto del bloque &#8220;Hacemos Coalici\u00f3n Federal&#8221; que integran las y los diputados del peronismo cordob\u00e9s y sus aliados. <\/p>\n\n\n\n<p>En representaci\u00f3n de ATE C\u00f3rdoba participaron la secretaria de Prensa del Consejo Directivo Provincial (CDP) y vocal de la conducci\u00f3n nacional de ATE, Julia Giuliani, el secretario de Derechos Humanos del CDP, C\u00e9sar Theaux, y el de Organizaci\u00f3n, Javier Bracamonte. <\/p>\n\n\n\n<p>En la oportunidad, la comitiva de ATE valor\u00f3 la disponibilidad del diputado Agost Carre\u00f1o para dar continuidad a los contactos con distintos bloques del Congreso, frente a la necesidad de encuentros y di\u00e1logos para intercambiar miradas de cara a la Ley \u00d3mnibus, el DNU y el panorama general que nos afecta a las y los trabajadores.<\/p>\n\n\n\n<p>&#8220;Se acord\u00f3 en varias instancias. El diputado Agost Carre\u00f1o adelant\u00f3 que el bloque rechaza aprobar sin analizar en particular tanto el DNU como la Ley \u00d3mnibus, evaluando cada ley y sus respectivos art\u00edculos. Espec\u00edficamente, respecto a las privatizaciones el diputado alienta la alternativa de analizar cada caso, teniendo en cuenta las distintas voces y miradas&#8221;, resumi\u00f3 Giuliani.<\/p>\n\n\n\n<p>El bloque &#8220;Hacemos Coalici\u00f3n Federal&#8221; est\u00e1 integrado por Juan Fernando Br\u00fcgge, Natalia De la Sota, Ignacio Garc\u00eda Aresca, Carlos Guti\u00e9rrez, Alejandra Torres y Agost Carre\u00f1o. <\/p>\n\n\n\n<p>Vale se\u00f1alar que ATE C\u00f3rdoba ya mantuvo audiencias con diputadas y diputados cordobeses integrantes de distintos bloques como la y el radical <a href=\"https:\/\/atecordoba.org\/?p=40992\">Gabriela Brouwer de Koning<\/a> y <a href=\"https:\/\/atecordoba.org\/?p=41115\">Luis Picat<\/a> y <a href=\"https:\/\/atecordoba.org\/?p=41147\">la diputada de Uni\u00f3n por la Patria, Gabriela Est\u00e9vez<\/a>.<\/p>\n\n\n\n<p><strong>La nota de Hacemos a Milei<\/strong><\/p>\n\n\n\n<p>Fechada hoy 15 de enero de 2024, el bloque Hacemos Coalici\u00f3n Federal envi\u00f3 una nota al Presidente Javier Milei que consigna:<\/p>\n\n\n\n<p>&#8220;Los diputados del bloque HACEMOS COALICI{ON FEDERAL expresamos nuestra profunda preocupaci\u00f3n antes las recientes declaraciones del Presidente Javier Milei, por las que insiste en confrontar con el Congreso Nacional agraviando a sus miembros as\u00ed como a los Gobernadores provinciales. Dicha actitud resulta absolutamente inaceptable e injusta, toda vez que el Congreso se encuentra trabajando para dar al Gobierno herramientas legales urgentes para poder afrontar la crisis que atraviesa la Argentina. <\/p>\n\n\n\n<p>El proceso de formaci\u00f3n de las leyes requiere de di\u00e1logo y consenso. En ese marco, garantizamos colaboraci\u00f3n para sostener la gobernabilidad sin poner obst\u00e1culos, procurando contribuir ante el desorden jur\u00eddico y pol\u00edtico que se genera desde el propio Poder Ejecutivo. <\/p>\n\n\n\n<p>Exhortamos al Presidente a que se abstenga de hacer acusaciones p\u00fablicas infundadas y a denunciar cualquier conocimiento que tuviera de delitos, que desconocemos y repudiamos. Y le requerimos que establezca prioridades serias y claras a la hora de requerir leyes y facultades especiales, las que nunca deber\u00edan exceder los l\u00edmites constitucionales. <\/p>\n\n\n\n<p>Es indispensable que no se afecte la divisi\u00f3n de poderes, la gobernabilidad de las provincias  ni las econom\u00edas regionales; que no  favorezca a personas y\/o corporaciones a costa del resto de la poblaci\u00f3n. Debe priorizarse la actualizaci\u00f3n de las jubilaciones, as\u00ed como que haya  consenso y transparencia si se decide privatizar empresas p\u00fablicas. Y si se dispone un &#8216;blanqueo&#8217;, el mismo deber\u00eda contemplar un premio serio para quien fue buen contribuyente, as\u00ed como su absoluta transparencia, para evitar darle beneficios a corruptos o al crimen organizado. <\/p>\n\n\n\n<p>Los cambios profundos  y duraderos que requiere la Argentina se deben sostener en instituciones  fuertes, marcos normativos que brinden seguridad y previsibilidad, di\u00e1logo, acuerdos y el pleno respeto a los principios de la Constituci\u00f3n Nacional&#8221;.<\/p>\n","protected":false},"excerpt":{"rendered":"<p>Esta ma\u00f1ana ATE mantuvo una audiencia virtual con el diputado nacional por C\u00f3rdoba Oscar Agost Carre\u00f1o, que atendi\u00f3 a nuestro gremio en nombre del conjunto del bloque &#8220;Hacemos Coalici\u00f3n Federal&#8221; que integran las y los diputados del peronismo cordob\u00e9s y sus aliados. En representaci\u00f3n de ATE C\u00f3rdoba participaron la secretaria de Prensa del Consejo Directivo [&hellip;]<\/p>\n","protected":false},"author":7,"featured_media":41182,"comment_status":"open","ping_status":"open","sticky":false,"template":"","format":"standard","meta":{"_exactmetrics_skip_tracking":false,"_exactmetrics_sitenote_active":false,"_exactmetrics_sitenote_note":"","_exactmetrics_sitenote_category":0,"jnews-multi-image_gallery":[],"jnews_single_post":{"subtitle":"El diputado nacional por C\u00f3rdoba atendi\u00f3 a nuestro gremio en nombre del conjunto del bloque \"Hacemos Coalici\u00f3n Federal\" que integran las y los diputados del peronismo cordob\u00e9s y sus aliados. ","format":"standard","video":"","gallery":"","source_name":"","source_url":"","via_name":"","via_url":"","override_template":"0","override":[{"template":"1","single_blog_custom":"","parallax":"1","fullscreen":"1","layout":"no-sidebar-narrow","sidebar":"default-sidebar","second_sidebar":"default-sidebar","sticky_sidebar":"1","share_position":"bottom","share_float_style":"share-monocrhome","show_share_counter":"1","show_view_counter":"1","show_featured":"0","show_post_meta":"1","show_post_author":"0","show_post_author_image":"1","show_post_date":"1","post_date_format":"default","post_date_format_custom":"Y\/m\/d","show_post_category":"1","show_post_reading_time":"0","post_reading_time_wpm":"300","show_zoom_button":"0","zoom_button_out_step":"2","zoom_button_in_step":"3","show_post_tag":"1","show_prev_next_post":"0","show_popup_post":"0","number_popup_post":"1","show_author_box":"0","show_post_related":"1","show_inline_post_related":"0"}],"override_image_size":"0","image_override":[{"single_post_thumbnail_size":"crop-500","single_post_gallery_size":"crop-500"}],"trending_post":"0","trending_post_position":"meta","trending_post_label":"Trending","sponsored_post":"0","sponsored_post_label":"Sponsored by","sponsored_post_name":"","sponsored_post_url":"","sponsored_post_logo_enable":"0","sponsored_post_logo":"","sponsored_post_desc":"","disable_ad":"0"},"jnews_primary_category":{"id":"","hide":""},"jnews_social_meta":{"fb_title":"","fb_description":"","fb_image":"","twitter_title":"","twitter_description":"","twitter_image":""},"jnews_review":[],"enable_review":"0","type":"percentage","name":"","summary":"","brand":"","sku":"","good":[{"good_text":""}],"bad":[{"bad_text":""}],"score_override":"","override_value":"","rating":[{"rating_text":"","rating_number":"10"}],"price":[{"shop":"","price":"","link":"","icon":""}],"jnews_override_counter":{"override_view_counter":"0","view_counter_number":"0","override_share_counter":"0","share_counter_number":"0","override_like_counter":"0","like_counter_number":"0","override_dislike_counter":"0","dislike_counter_number":"0"},"jnews_post_split":{"enable_post_split":"0","post_split":[{"template":"1","tag":"h2","numbering":"asc","mode":"normal","first":"0","enable_toc":"0","toc_type":"normal"}]},"footnotes":""},"categories":[10],"tags":[],"class_list":["post-41180","post","type-post","status-publish","format-standard","has-post-thumbnail","hentry","category-accion-politica"],"jetpack_featured_media_url":"https:\/\/atecordoba.org\/wp-content\/uploads\/2024\/01\/agostportada-e1705347040685.jpeg","_links":{"self":[{"href":"https:\/\/atecordoba.org\/index.php?rest_route=\/wp\/v2\/posts\/41180","targetHints":{"allow":["GET"]}}],"collection":[{"href":"https:\/\/atecordoba.org\/index.php?rest_route=\/wp\/v2\/posts"}],"about":[{"href":"https:\/\/atecordoba.org\/index.php?rest_route=\/wp\/v2\/types\/post"}],"author":[{"embeddable":true,"href":"https:\/\/atecordoba.org\/index.php?rest_route=\/wp\/v2\/users\/7"}],"replies":[{"embeddable":true,"href":"https:\/\/atecordoba.org\/index.php?rest_route=%2Fwp%2Fv2%2Fcomments&post=41180"}],"version-history":[{"count":3,"href":"https:\/\/atecordoba.org\/index.php?rest_route=\/wp\/v2\/posts\/41180\/revisions"}],"predecessor-version":[{"id":41188,"href":"https:\/\/atecordoba.org\/index.php?rest_route=\/wp\/v2\/posts\/41180\/revisions\/41188"}],"wp:featuredmedia":[{"embeddable":true,"href":"https:\/\/atecordoba.org\/index.php?rest_route=\/wp\/v2\/media\/41182"}],"wp:attachment":[{"href":"https:\/\/atecordoba.org\/index.php?rest_route=%2Fwp%2Fv2%2Fmedia&parent=41180"}],"wp:term":[{"taxonomy":"category","embeddable":true,"href":"https:\/\/atecordoba.org\/index.php?rest_route=%2Fwp%2Fv2%2Fcategories&post=41180"},{"taxonomy":"post_tag","embeddable":true,"href":"https:\/\/atecordoba.org\/index.php?rest_route=%2Fwp%2Fv2%2Ftags&post=41180"}],"curies":[{"name":"wp","href":"https:\/\/api.w.org\/{rel}","templated":true}]}}