{"id":4117,"date":"2014-05-14T16:05:43","date_gmt":"2014-05-14T19:05:43","guid":{"rendered":"http:\/\/www.atecordoba.org\/?p=4117"},"modified":"2014-05-14T16:05:43","modified_gmt":"2014-05-14T19:05:43","slug":"inti-paro-de-48-horas-por-reclamo-salarial","status":"publish","type":"post","link":"https:\/\/atecordoba.org\/?p=4117","title":{"rendered":"INTI: paro de 48 horas por reclamo salarial"},"content":{"rendered":"<p><em>La medida de fuerza se realiza hoy y ma\u00f1ana en rechazo a la pauta salarial del 26.5%, en dos veces,que otorg\u00f3 recientemente el gobierno nacional. Tambi\u00e9n reclaman el pase a planta del 74% de los trabajadores, que se encuentran precarizados.<\/em><\/p>\n<p><a href=\"http:\/\/www.atecordoba.org\/wp-content\/uploads\/2014\/05\/pag-24-25_INTI_popurri-e1400094206695.jpg\"><img loading=\"lazy\" decoding=\"async\" class=\"aligncenter size-full wp-image-4118\" alt=\"pag 24-25_INTI_popurri\" src=\"http:\/\/www.atecordoba.org\/wp-content\/uploads\/2014\/05\/pag-24-25_INTI_popurri-e1400094206695.jpg\" width=\"800\" height=\"600\" \/><\/a><\/p>\n<p>Ante la alevosa situaci\u00f3n de precaridad laboral, que supera a 7 de cada 10 trabajadores del organismo, los trabajadores vieron en la escasa pauta salarial que otorgar\u00e1 el gobierno desde junio la gota que rebals\u00f3 el vaso. El paro es total en la agencia local, ubicada frente a la Plaza de las Am\u00e9ricas.<\/p>\n<p>El comunicado completo se\u00f1ala:<\/p>\n<ul>\n<li>El rechazo del incremento salarial del 26,5% en dos cuotas otorgado por el gobierno nacional para los empleados p\u00fablicos, por considerarlo totalmente insuficiente en comparaci\u00f3n con los niveles de inflaci\u00f3n acumulados a la fecha.<\/li>\n<li>El pase a planta permanente de todos los contratados tal como se acord\u00f3 con las autoridades del INTI en julio de 2012 y que a\u00fan est\u00e1 pendiente.<\/li>\n<li>Al mismo tiempo repudiamos los nombramientos a \u201cdedo\u201d de algunos agentes sin que se respete el criterio de antig\u00fcedad en el INTI para establecer el orden de m\u00e9rito.\u00a0Vale aclarar que actualmente el 74% del personal es contratado y algunos agentes permanecen en esa situaci\u00f3n desde hace 25 a\u00f1os.<\/li>\n<li>Un presupuesto acorde que permita la provisi\u00f3n en tiempo y forma de los recursos necesarios para el normal funcionamiento del instituto.<\/li>\n<\/ul>\n","protected":false},"excerpt":{"rendered":"<p>La medida de fuerza se realiza hoy y ma\u00f1ana en rechazo a la pauta salarial del 26.5%, en dos veces,que otorg\u00f3 recientemente el gobierno nacional. Tambi\u00e9n reclaman el pase a planta del 74% de los trabajadores, que se encuentran precarizados. Ante la alevosa situaci\u00f3n de precaridad laboral, que supera a 7 de cada 10 trabajadores [&hellip;]<\/p>\n","protected":false},"author":1,"featured_media":19220,"comment_status":"open","ping_status":"open","sticky":false,"template":"","format":"standard","meta":{"_exactmetrics_skip_tracking":false,"_exactmetrics_sitenote_active":false,"_exactmetrics_sitenote_note":"","_exactmetrics_sitenote_category":0,"jnews-multi-image_gallery":[],"jnews_single_post":[],"jnews_primary_category":[],"jnews_social_meta":[],"jnews_review":[],"enable_review":"","type":"","name":"","summary":"","brand":"","sku":"","good":[],"bad":[],"score_override":"","override_value":"","rating":[],"price":[],"jnews_override_counter":[],"jnews_post_split":[],"footnotes":""},"categories":[100,18],"tags":[],"class_list":["post-4117","post","type-post","status-publish","format-standard","has-post-thumbnail","hentry","category-inti","category-nacionales"],"jetpack_featured_media_url":"https:\/\/atecordoba.org\/wp-content\/uploads\/2020\/05\/logo-nuevochico-e1561581322808.png","_links":{"self":[{"href":"https:\/\/atecordoba.org\/index.php?rest_route=\/wp\/v2\/posts\/4117","targetHints":{"allow":["GET"]}}],"collection":[{"href":"https:\/\/atecordoba.org\/index.php?rest_route=\/wp\/v2\/posts"}],"about":[{"href":"https:\/\/atecordoba.org\/index.php?rest_route=\/wp\/v2\/types\/post"}],"author":[{"embeddable":true,"href":"https:\/\/atecordoba.org\/index.php?rest_route=\/wp\/v2\/users\/1"}],"replies":[{"embeddable":true,"href":"https:\/\/atecordoba.org\/index.php?rest_route=%2Fwp%2Fv2%2Fcomments&post=4117"}],"version-history":[{"count":0,"href":"https:\/\/atecordoba.org\/index.php?rest_route=\/wp\/v2\/posts\/4117\/revisions"}],"wp:featuredmedia":[{"embeddable":true,"href":"https:\/\/atecordoba.org\/index.php?rest_route=\/wp\/v2\/media\/19220"}],"wp:attachment":[{"href":"https:\/\/atecordoba.org\/index.php?rest_route=%2Fwp%2Fv2%2Fmedia&parent=4117"}],"wp:term":[{"taxonomy":"category","embeddable":true,"href":"https:\/\/atecordoba.org\/index.php?rest_route=%2Fwp%2Fv2%2Fcategories&post=4117"},{"taxonomy":"post_tag","embeddable":true,"href":"https:\/\/atecordoba.org\/index.php?rest_route=%2Fwp%2Fv2%2Ftags&post=4117"}],"curies":[{"name":"wp","href":"https:\/\/api.w.org\/{rel}","templated":true}]}}