{"id":41147,"date":"2024-01-15T10:22:28","date_gmt":"2024-01-15T13:22:28","guid":{"rendered":"https:\/\/atecordoba.org\/?p=41147"},"modified":"2024-01-15T10:44:10","modified_gmt":"2024-01-15T13:44:10","slug":"ate-mantuvo-una-audiencia-con-gabriela-estevez-y-ya-son-las-tres-reuniones-con-diputadas-os-nacionales-para-fijar-posicion-sobre-el-dnu-y-la-ley-omnibus-de-milei","status":"publish","type":"post","link":"https:\/\/atecordoba.org\/?p=41147","title":{"rendered":"ATE mantuvo una audiencia con Gabriela Est\u00e9vez y ya son las tres reuniones con diputadas\/os nacionales para fijar posici\u00f3n sobre el DNU y la Ley \u00d3mnibus de Milei"},"content":{"rendered":"<div class=\"wp-block-image\">\n<figure class=\"alignleft size-large is-resized\"><img loading=\"lazy\" decoding=\"async\" src=\"https:\/\/atecordoba.org\/wp-content\/uploads\/2024\/01\/WhatsApp-Image-2024-01-15-at-09.45.47-1024x768.jpeg\" alt=\"\" class=\"wp-image-41148\" width=\"512\" height=\"384\" \/><\/figure>\n<\/div>\n\n\n<p>El Consejo Directivo Provincial (CDP) mantuvo una audiencia con la diputada nacional por C\u00f3rdoba Gabriela Est\u00e9vez, en el marco de los contactos institucionales que nuestra organizaci\u00f3n viene llevando adelante con la representaci\u00f3n provincial en el Congreso Nacional, a los fines de fijar posici\u00f3n en rechazo a la Ley \u00d3mnibus y el DNU del Presidente Javier Milei, que pasar\u00e1n por el Poder Legislativo para su aprobaci\u00f3n.<\/p>\n\n\n\n<p>Se trata de la tercer reuni\u00f3n del mismo tenor ya que la semana pasada distintas comitivas de ATE reunieron con <a href=\"https:\/\/atecordoba.org\/?p=40992\">la diputada nacional Gabriela Bouwer de Koning<\/a> y con<a href=\"https:\/\/atecordoba.org\/?p=41115\"> su par Luis Picat<\/a>, logrando avanzar en una serie de coincidencias sobre el rechazo a una serie de puntos que integran ambas normativas.<\/p>\n\n\n\n<p>En este caso, la audiencia con la diputada por el peronismo cont\u00f3 con la participaci\u00f3n del secretario de Derechos Humanos del CDP, C\u00e9sar Theaux, el secretario de Organizaci\u00f3n, Javier Bracamonte, y la delegada de Personal civil, Ivana Guevara.<\/p>\n\n\n\n<p>&#8220;La diputada nos recibi\u00f3 muy amablemente en el Instituto Patria de C\u00f3rdoba Capital donde se le entreg\u00f3 un informe completo y fundamentado legalmente con la posici\u00f3n de ATE respecto a la Ley \u00d3mnibus y el DNU, en obvio rechazo ambas leyes&#8221;, dijo Theaux al hacer un balance de la reuni\u00f3n. <\/p>\n\n\n\n<p>Por su parte, Est\u00e9vez se expres\u00f3 en contra, tanto del DNU como de la Ley \u00d3mnibus que pretende imponer Milei y que constituyen una violaci\u00f3n flagrante de la Constituci\u00f3n Nacional.<\/p>\n\n\n\n<p>Vale recordar que la diputada ya hab\u00eda estado apoyando la resistencia a las privatizaciones y cierre de las f\u00e1bricas militares de R\u00edo Tercero y Villa Mar\u00eda durante el gobierno de Mauricio Macri. <\/p>\n\n\n\n<p>En esa l\u00ednea, tanto Est\u00e9vez como ATE C\u00f3rdoba coincidimos que resaltar el valor para el complejo industrial provincial de las empresas estatales nacionales ubicadas en territorio cordob\u00e9s, que dan valor agregado a la producci\u00f3n local, alimentan cadenas de valor de peque\u00f1as y medianas industrias que son proveedoras, generan miles de puestos de trabajo, en tanto dan ganancias y facilitan la producci\u00f3n para la defensa y el complejo cient\u00edfico-t\u00e9cnico nacional, destacado a nivel mundial. <\/p>\n\n\n\n<p>En ATE resaltamos el valor de avanzar en contactos institucionales con los representantes del pueblo ante el Congreso Nacional para elaborar consensos alrededor de la preservaci\u00f3n de la industria y el desarrollo productivo de la regi\u00f3n.<\/p>\n\n\n\n<p>ATE envi\u00f3 notas con pedidos de audiencia a todas y todos los diputados y senadores nacionales a los fines de continuar los contactos y transmitir la posici\u00f3n de las y los estatales de C\u00f3rdoba.<\/p>\n","protected":false},"excerpt":{"rendered":"<p>El Consejo Directivo Provincial (CDP) mantuvo una audiencia con la diputada nacional por C\u00f3rdoba Gabriela Est\u00e9vez, en el marco de los contactos institucionales que nuestra organizaci\u00f3n viene llevando adelante con la representaci\u00f3n provincial en el Congreso Nacional, a los fines de fijar posici\u00f3n en rechazo a la Ley \u00d3mnibus y el DNU del Presidente Javier [&hellip;]<\/p>\n","protected":false},"author":7,"featured_media":41148,"comment_status":"open","ping_status":"open","sticky":false,"template":"","format":"standard","meta":{"_exactmetrics_skip_tracking":false,"_exactmetrics_sitenote_active":false,"_exactmetrics_sitenote_note":"","_exactmetrics_sitenote_category":0,"jnews-multi-image_gallery":[],"jnews_single_post":{"subtitle":"Tanto Est\u00e9vez como ATE C\u00f3rdoba coincidimos que resaltar el valor para el complejo industrial provincial de las empresas estatales nacionales ubicadas en territorio cordob\u00e9s, que dan valor agregado a la producci\u00f3n local, alimentan cadenas de valor de peque\u00f1as y medianas industrias que son proveedoras, generan miles de puestos de trabajo, en tanto dan ganancias y facilitan la producci\u00f3n para la defensa y el complejo cient\u00edfico-t\u00e9cnico nacional, destacado a nivel mundial. ","format":"standard","video":"","gallery":"","source_name":"","source_url":"","via_name":"","via_url":"","override_template":"0","override":[{"template":"1","single_blog_custom":"","parallax":"1","fullscreen":"1","layout":"no-sidebar-narrow","sidebar":"default-sidebar","second_sidebar":"default-sidebar","sticky_sidebar":"1","share_position":"bottom","share_float_style":"share-monocrhome","show_share_counter":"1","show_view_counter":"1","show_featured":"0","show_post_meta":"1","show_post_author":"0","show_post_author_image":"1","show_post_date":"1","post_date_format":"default","post_date_format_custom":"Y\/m\/d","show_post_category":"1","show_post_reading_time":"0","post_reading_time_wpm":"300","show_zoom_button":"0","zoom_button_out_step":"2","zoom_button_in_step":"3","show_post_tag":"1","show_prev_next_post":"0","show_popup_post":"0","number_popup_post":"1","show_author_box":"0","show_post_related":"1","show_inline_post_related":"0"}],"override_image_size":"0","image_override":[{"single_post_thumbnail_size":"crop-500","single_post_gallery_size":"crop-500"}],"trending_post":"0","trending_post_position":"meta","trending_post_label":"Trending","sponsored_post":"0","sponsored_post_label":"Sponsored by","sponsored_post_name":"","sponsored_post_url":"","sponsored_post_logo_enable":"0","sponsored_post_logo":"","sponsored_post_desc":"","disable_ad":"0"},"jnews_primary_category":{"id":"","hide":""},"jnews_social_meta":{"fb_title":"","fb_description":"","fb_image":"","twitter_title":"","twitter_description":"","twitter_image":""},"jnews_review":[],"enable_review":"0","type":"percentage","name":"","summary":"","brand":"","sku":"","good":[{"good_text":""}],"bad":[{"bad_text":""}],"score_override":"","override_value":"","rating":[{"rating_text":"","rating_number":"10"}],"price":[{"shop":"","price":"","link":"","icon":""}],"jnews_override_counter":{"override_view_counter":"0","view_counter_number":"0","override_share_counter":"0","share_counter_number":"0","override_like_counter":"0","like_counter_number":"0","override_dislike_counter":"0","dislike_counter_number":"0"},"jnews_post_split":{"enable_post_split":"0","post_split":[{"template":"1","tag":"h2","numbering":"asc","mode":"normal","first":"0","enable_toc":"0","toc_type":"normal"}]},"footnotes":""},"categories":[10],"tags":[],"class_list":["post-41147","post","type-post","status-publish","format-standard","has-post-thumbnail","hentry","category-accion-politica"],"jetpack_featured_media_url":"https:\/\/atecordoba.org\/wp-content\/uploads\/2024\/01\/WhatsApp-Image-2024-01-15-at-09.45.47-e1705324941325.jpeg","_links":{"self":[{"href":"https:\/\/atecordoba.org\/index.php?rest_route=\/wp\/v2\/posts\/41147","targetHints":{"allow":["GET"]}}],"collection":[{"href":"https:\/\/atecordoba.org\/index.php?rest_route=\/wp\/v2\/posts"}],"about":[{"href":"https:\/\/atecordoba.org\/index.php?rest_route=\/wp\/v2\/types\/post"}],"author":[{"embeddable":true,"href":"https:\/\/atecordoba.org\/index.php?rest_route=\/wp\/v2\/users\/7"}],"replies":[{"embeddable":true,"href":"https:\/\/atecordoba.org\/index.php?rest_route=%2Fwp%2Fv2%2Fcomments&post=41147"}],"version-history":[{"count":1,"href":"https:\/\/atecordoba.org\/index.php?rest_route=\/wp\/v2\/posts\/41147\/revisions"}],"predecessor-version":[{"id":41149,"href":"https:\/\/atecordoba.org\/index.php?rest_route=\/wp\/v2\/posts\/41147\/revisions\/41149"}],"wp:featuredmedia":[{"embeddable":true,"href":"https:\/\/atecordoba.org\/index.php?rest_route=\/wp\/v2\/media\/41148"}],"wp:attachment":[{"href":"https:\/\/atecordoba.org\/index.php?rest_route=%2Fwp%2Fv2%2Fmedia&parent=41147"}],"wp:term":[{"taxonomy":"category","embeddable":true,"href":"https:\/\/atecordoba.org\/index.php?rest_route=%2Fwp%2Fv2%2Fcategories&post=41147"},{"taxonomy":"post_tag","embeddable":true,"href":"https:\/\/atecordoba.org\/index.php?rest_route=%2Fwp%2Fv2%2Ftags&post=41147"}],"curies":[{"name":"wp","href":"https:\/\/api.w.org\/{rel}","templated":true}]}}