{"id":4114,"date":"2014-05-12T18:22:51","date_gmt":"2014-05-12T21:22:51","guid":{"rendered":"http:\/\/www.atecordoba.org\/?p=4114"},"modified":"2014-05-12T18:22:51","modified_gmt":"2014-05-12T21:22:51","slug":"parques-nacionales-ate-logro-reincorporar-25-brigadistas-con-contratos-vencidos","status":"publish","type":"post","link":"https:\/\/atecordoba.org\/?p=4114","title":{"rendered":"Parques Nacionales: ATE logr\u00f3 reincorporar 25 brigadistas con contratos vencidos"},"content":{"rendered":"<p><em>En una reuni\u00f3n mantenida con el directorio de la APN\u00a0la Coordinaci\u00f3n de Delegados\u00a0de ATE Parques Nacionales y el Directorio del organismo,se acord\u00f3 la reincorporaci\u00f3n de 25 compa\u00f1eros Brigadistas de Incendios Forestales que hab\u00edan finalizado su\u00a0contrato en marzo pasado.<\/em><\/p>\n<p style=\"text-align: center;\"><a href=\"http:\/\/www.atecordoba.org\/wp-content\/uploads\/2014\/05\/IMG-20140418-WA0000.jpg\"><img loading=\"lazy\" decoding=\"async\" class=\"aligncenter  wp-image-4115\" alt=\"IMG-20140418-WA0000\" src=\"http:\/\/www.atecordoba.org\/wp-content\/uploads\/2014\/05\/IMG-20140418-WA0000.jpg\" width=\"560\" height=\"420\" \/><\/a><\/p>\n<p>Tal como informa la Coordinaci\u00f3n en un comunicado, luego de m\u00e1s de un mes de negociaciones, cuartos intermedios y movilizaci\u00f3n de los\u00a0trabajadores, el Directorio de Parques Nacionales a trav\u00e9s de su Presidente Carlos Corval\u00e1n y\u00a0el Vicepresidente Daniel Ramos, entendieron la necesidad y justo reclamo de ATE de atender\u00a0la realidad socio econ\u00f3mica de la regi\u00f3n norpatag\u00f3nica y reincorporar a 25 compa\u00f1eros en\u00a0\u00e9poca baja de incendios forestales (mayo a octubre), que desarrollar\u00e1n otras tareas,\u00a0jerarquizando los Parques Nacionales Lan\u00edn, Nahuel Huapi, Alerces, Laguna Blanca y Los\u00a0Glaciares entre otros.<br \/>\nAdem\u00e1s cabe destacar que ya en reuniones anteriores se acord\u00f3 la anualizaci\u00f3n de los\u00a0contratos de los cinco compa\u00f1eros Brigadistas temporarios del Parque Nacional Quebrada del\u00a0Condorito.\u00a0ATE celebra la continuidad laboral de los compa\u00f1eros y resalta el compromiso que los\u00a0trabajadores tenemos con la instituci\u00f3n.<br \/>\nQued\u00f3 pendiente seguir discutiendo con el Directorio de la APN la\u00a0conformaci\u00f3n de una Mesa de Relaciones Laborales para discutir entre otros temas, un\u00a0Convenio Colectivo de Trabajo para el organismo, y un aumento en los \u201cPremios Est\u00edmulo\u201d,\u00a0parte del salario que los trabajadores percibimos desde hace m\u00e1s de 8 a\u00f1os y que se\u00a0encuentran congelados desde el a\u00f1o 2009.<\/p>\n","protected":false},"excerpt":{"rendered":"<p>En una reuni\u00f3n mantenida con el directorio de la APN\u00a0la Coordinaci\u00f3n de Delegados\u00a0de ATE Parques Nacionales y el Directorio del organismo,se acord\u00f3 la reincorporaci\u00f3n de 25 compa\u00f1eros Brigadistas de Incendios Forestales que hab\u00edan finalizado su\u00a0contrato en marzo pasado. Tal como informa la Coordinaci\u00f3n en un comunicado, luego de m\u00e1s de un mes de negociaciones, cuartos [&hellip;]<\/p>\n","protected":false},"author":1,"featured_media":19220,"comment_status":"open","ping_status":"open","sticky":false,"template":"","format":"standard","meta":{"_exactmetrics_skip_tracking":false,"_exactmetrics_sitenote_active":false,"_exactmetrics_sitenote_note":"","_exactmetrics_sitenote_category":0,"jnews-multi-image_gallery":[],"jnews_single_post":[],"jnews_primary_category":[],"jnews_social_meta":[],"jnews_review":[],"enable_review":"","type":"","name":"","summary":"","brand":"","sku":"","good":[],"bad":[],"score_override":"","override_value":"","rating":[],"price":[],"jnews_override_counter":[],"jnews_post_split":[],"footnotes":""},"categories":[18,96],"tags":[],"class_list":["post-4114","post","type-post","status-publish","format-standard","has-post-thumbnail","hentry","category-nacionales","category-parques-nacionales-2"],"jetpack_featured_media_url":"https:\/\/atecordoba.org\/wp-content\/uploads\/2020\/05\/logo-nuevochico-e1561581322808.png","_links":{"self":[{"href":"https:\/\/atecordoba.org\/index.php?rest_route=\/wp\/v2\/posts\/4114","targetHints":{"allow":["GET"]}}],"collection":[{"href":"https:\/\/atecordoba.org\/index.php?rest_route=\/wp\/v2\/posts"}],"about":[{"href":"https:\/\/atecordoba.org\/index.php?rest_route=\/wp\/v2\/types\/post"}],"author":[{"embeddable":true,"href":"https:\/\/atecordoba.org\/index.php?rest_route=\/wp\/v2\/users\/1"}],"replies":[{"embeddable":true,"href":"https:\/\/atecordoba.org\/index.php?rest_route=%2Fwp%2Fv2%2Fcomments&post=4114"}],"version-history":[{"count":0,"href":"https:\/\/atecordoba.org\/index.php?rest_route=\/wp\/v2\/posts\/4114\/revisions"}],"wp:featuredmedia":[{"embeddable":true,"href":"https:\/\/atecordoba.org\/index.php?rest_route=\/wp\/v2\/media\/19220"}],"wp:attachment":[{"href":"https:\/\/atecordoba.org\/index.php?rest_route=%2Fwp%2Fv2%2Fmedia&parent=4114"}],"wp:term":[{"taxonomy":"category","embeddable":true,"href":"https:\/\/atecordoba.org\/index.php?rest_route=%2Fwp%2Fv2%2Fcategories&post=4114"},{"taxonomy":"post_tag","embeddable":true,"href":"https:\/\/atecordoba.org\/index.php?rest_route=%2Fwp%2Fv2%2Ftags&post=4114"}],"curies":[{"name":"wp","href":"https:\/\/api.w.org\/{rel}","templated":true}]}}