{"id":41126,"date":"2024-01-12T14:41:09","date_gmt":"2024-01-12T17:41:09","guid":{"rendered":"https:\/\/atecordoba.org\/?p=41126"},"modified":"2024-01-12T15:04:03","modified_gmt":"2024-01-12T18:04:03","slug":"vila-cura-brochero-10-de-aumento-salarial-con-los-salarios-de-enero-y-30-mil-pesos-para-las-los-contratados","status":"publish","type":"post","link":"https:\/\/atecordoba.org\/?p=41126","title":{"rendered":"Villa Cura Brochero: 10% de aumento salarial con los salarios de enero y 30 mil pesos para las\/los contratados"},"content":{"rendered":"<div class=\"wp-block-image\">\n<figure class=\"aligncenter size-full\"><img loading=\"lazy\" decoding=\"async\" width=\"628\" height=\"395\" src=\"https:\/\/atecordoba.org\/wp-content\/uploads\/2024\/01\/brochero.png\" alt=\"\" class=\"wp-image-41127\" srcset=\"https:\/\/atecordoba.org\/wp-content\/uploads\/2024\/01\/brochero.png 628w, https:\/\/atecordoba.org\/wp-content\/uploads\/2024\/01\/brochero-300x189.png 300w\" sizes=\"auto, (max-width: 628px) 100vw, 628px\" \/><\/figure>\n<\/div>\n\n\n<p>Esta ma\u00f1ana se llev\u00f3 adelante una reuni\u00f3n paritaria en la localidad de Villa Cura Brochero entre ATE y el intendente Carlos Mar\u00eda Oviedo. La representaci\u00f3n de nuestro gremio estuvo integrada por los delegados Jos\u00e9 Ignacio Tapia y Gustavo Cohen, a los que se sum\u00f3 el delegado de UPCN Luis Molina.<\/p>\n\n\n\n<p>En la oportunidad, se lleg\u00f3 a un acuerdo con Oviedo para que la Municipalidad del Valle de Traslasierra otorgue 10% de aumento a pagar en enero. <\/p>\n\n\n\n<p>Adem\u00e1s, se incorporar\u00e1n al b\u00e1sico salarial los aumentos no remunerativos del 2023 y se program\u00f3 la revisi\u00f3n mensual del porcentaje de aumento en base al \u00edndice inflacionario. Para ello las partes seguir\u00e1n reuni\u00e9ndose para hacer el seguimiento del nivel de ingresos del personal.<\/p>\n\n\n\n<p>&#8220;Qued\u00f3 abierta la mesa de dialogo y rescatamos la buena disposici\u00f3n del Ejecutivo, consciente de lo mal que la estamos pasando los trabajadores municipales con la escalada inflacionaria que vive el pa\u00eds&#8221;, explic\u00f3 el delegado Tapia al concluir la reuni\u00f3n. Y destac\u00f3 que las y los trabajadores contratados recibir\u00e1n un aumento fijo de 30 mil pesos para elevar las remuneraciones de 70 mil pesos a un piso de 100 mil pesos.<\/p>\n\n\n\n<p>&#8220;Sabemos que los aumentos no son buenos en funci\u00f3n de la crisis que estamos viviendo pero rescatamos que hay predisposici\u00f3n para seguir atendiendo desde la patronal la situaci\u00f3n salarial&#8221;, concluy\u00f3 Tapia.<\/p>\n\n\n\n<p>La pr\u00f3xima audiencia est\u00e1 programada para el 15 de febrero. <\/p>\n\n\n<div class=\"wp-block-image\">\n<figure class=\"aligncenter size-large is-resized\"><img loading=\"lazy\" decoding=\"async\" src=\"https:\/\/atecordoba.org\/wp-content\/uploads\/2024\/01\/WhatsApp-Image-2024-01-12-at-13.52.35-638x1024.jpeg\" alt=\"\" class=\"wp-image-41128\" width=\"479\" height=\"768\" srcset=\"https:\/\/atecordoba.org\/wp-content\/uploads\/2024\/01\/WhatsApp-Image-2024-01-12-at-13.52.35-638x1024.jpeg 638w, https:\/\/atecordoba.org\/wp-content\/uploads\/2024\/01\/WhatsApp-Image-2024-01-12-at-13.52.35-187x300.jpeg 187w, https:\/\/atecordoba.org\/wp-content\/uploads\/2024\/01\/WhatsApp-Image-2024-01-12-at-13.52.35-768x1233.jpeg 768w, https:\/\/atecordoba.org\/wp-content\/uploads\/2024\/01\/WhatsApp-Image-2024-01-12-at-13.52.35.jpeg 797w\" sizes=\"auto, (max-width: 479px) 100vw, 479px\" \/><\/figure>\n<\/div>","protected":false},"excerpt":{"rendered":"<p>Esta ma\u00f1ana se llev\u00f3 adelante una reuni\u00f3n paritaria en la localidad de Villa Cura Brochero entre ATE y el intendente Carlos Mar\u00eda Oviedo. La representaci\u00f3n de nuestro gremio estuvo integrada por los delegados Jos\u00e9 Ignacio Tapia y Gustavo Cohen, a los que se sum\u00f3 el delegado de UPCN Luis Molina. En la oportunidad, se lleg\u00f3 [&hellip;]<\/p>\n","protected":false},"author":7,"featured_media":41127,"comment_status":"open","ping_status":"open","sticky":false,"template":"","format":"standard","meta":{"_exactmetrics_skip_tracking":false,"_exactmetrics_sitenote_active":false,"_exactmetrics_sitenote_note":"","_exactmetrics_sitenote_category":0,"jnews-multi-image_gallery":[],"jnews_single_post":{"subtitle":"Adem\u00e1s, se incorporar\u00e1n al b\u00e1sico salarial los aumentos no remunerativos del 2023 y se program\u00f3 la revisi\u00f3n mensual del porcentaje de aumento en base al \u00edndice inflacionario. Para ello las partes seguir\u00e1n reuni\u00e9ndose para hacer el seguimiento del nivel de ingresos del personal.","format":"standard","video":"","gallery":"","source_name":"","source_url":"","via_name":"","via_url":"","override_template":"0","override":[{"template":"1","single_blog_custom":"","parallax":"1","fullscreen":"1","layout":"no-sidebar-narrow","sidebar":"default-sidebar","second_sidebar":"default-sidebar","sticky_sidebar":"1","share_position":"bottom","share_float_style":"share-monocrhome","show_share_counter":"1","show_view_counter":"1","show_featured":"0","show_post_meta":"1","show_post_author":"0","show_post_author_image":"1","show_post_date":"1","post_date_format":"default","post_date_format_custom":"Y\/m\/d","show_post_category":"1","show_post_reading_time":"0","post_reading_time_wpm":"300","show_zoom_button":"0","zoom_button_out_step":"2","zoom_button_in_step":"3","show_post_tag":"1","show_prev_next_post":"0","show_popup_post":"0","number_popup_post":"1","show_author_box":"0","show_post_related":"1","show_inline_post_related":"0"}],"override_image_size":"0","image_override":[{"single_post_thumbnail_size":"crop-500","single_post_gallery_size":"crop-500"}],"trending_post":"0","trending_post_position":"meta","trending_post_label":"Trending","sponsored_post":"0","sponsored_post_label":"Sponsored by","sponsored_post_name":"","sponsored_post_url":"","sponsored_post_logo_enable":"0","sponsored_post_logo":"","sponsored_post_desc":"","disable_ad":"0"},"jnews_primary_category":{"id":"","hide":""},"jnews_social_meta":{"fb_title":"","fb_description":"","fb_image":"","twitter_title":"","twitter_description":"","twitter_image":""},"jnews_review":[],"enable_review":"0","type":"percentage","name":"","summary":"","brand":"","sku":"","good":[{"good_text":""}],"bad":[{"bad_text":""}],"score_override":"","override_value":"","rating":[{"rating_text":"","rating_number":"10"}],"price":[{"shop":"","price":"","link":"","icon":""}],"jnews_override_counter":{"override_view_counter":"0","view_counter_number":"0","override_share_counter":"0","share_counter_number":"0","override_like_counter":"0","like_counter_number":"0","override_dislike_counter":"0","dislike_counter_number":"0"},"jnews_post_split":{"enable_post_split":"0","post_split":[{"template":"1","tag":"h2","numbering":"asc","mode":"normal","first":"0","enable_toc":"0","toc_type":"normal"}]},"footnotes":""},"categories":[20,1],"tags":[],"class_list":["post-41126","post","type-post","status-publish","format-standard","has-post-thumbnail","hentry","category-municipales","category-sin-categoria"],"jetpack_featured_media_url":"https:\/\/atecordoba.org\/wp-content\/uploads\/2024\/01\/brochero.png","_links":{"self":[{"href":"https:\/\/atecordoba.org\/index.php?rest_route=\/wp\/v2\/posts\/41126","targetHints":{"allow":["GET"]}}],"collection":[{"href":"https:\/\/atecordoba.org\/index.php?rest_route=\/wp\/v2\/posts"}],"about":[{"href":"https:\/\/atecordoba.org\/index.php?rest_route=\/wp\/v2\/types\/post"}],"author":[{"embeddable":true,"href":"https:\/\/atecordoba.org\/index.php?rest_route=\/wp\/v2\/users\/7"}],"replies":[{"embeddable":true,"href":"https:\/\/atecordoba.org\/index.php?rest_route=%2Fwp%2Fv2%2Fcomments&post=41126"}],"version-history":[{"count":4,"href":"https:\/\/atecordoba.org\/index.php?rest_route=\/wp\/v2\/posts\/41126\/revisions"}],"predecessor-version":[{"id":41133,"href":"https:\/\/atecordoba.org\/index.php?rest_route=\/wp\/v2\/posts\/41126\/revisions\/41133"}],"wp:featuredmedia":[{"embeddable":true,"href":"https:\/\/atecordoba.org\/index.php?rest_route=\/wp\/v2\/media\/41127"}],"wp:attachment":[{"href":"https:\/\/atecordoba.org\/index.php?rest_route=%2Fwp%2Fv2%2Fmedia&parent=41126"}],"wp:term":[{"taxonomy":"category","embeddable":true,"href":"https:\/\/atecordoba.org\/index.php?rest_route=%2Fwp%2Fv2%2Fcategories&post=41126"},{"taxonomy":"post_tag","embeddable":true,"href":"https:\/\/atecordoba.org\/index.php?rest_route=%2Fwp%2Fv2%2Ftags&post=41126"}],"curies":[{"name":"wp","href":"https:\/\/api.w.org\/{rel}","templated":true}]}}