{"id":41115,"date":"2024-01-12T12:13:28","date_gmt":"2024-01-12T15:13:28","guid":{"rendered":"https:\/\/atecordoba.org\/?p=41115"},"modified":"2024-01-12T14:27:13","modified_gmt":"2024-01-12T17:27:13","slug":"en-audiencia-con-el-diputado-nacional-luis-picat-ate-prosigue-los-contactos-institucionales-para-abordar-el-dnu-y-la-ley-omnibus-de-milei","status":"publish","type":"post","link":"https:\/\/atecordoba.org\/?p=41115","title":{"rendered":"En audiencia con el diputado nacional Luis Picat ATE prosigue los contactos institucionales para abordar el DNU y la ley \u00f3mnibus de Milei"},"content":{"rendered":"\n<figure class=\"wp-block-gallery has-nested-images columns-default is-cropped wp-block-gallery-1 is-layout-flex wp-block-gallery-is-layout-flex\">\n<figure class=\"wp-block-image size-large\"><a href=\"https:\/\/atecordoba.org\/wp-content\/uploads\/2024\/01\/WhatsApp-Image-2024-01-11-at-15.59.01-3.jpeg\" target=\"_blank\" rel=\"noopener\"><img loading=\"lazy\" decoding=\"async\" width=\"1024\" height=\"576\" data-id=\"41116\" src=\"https:\/\/atecordoba.org\/wp-content\/uploads\/2024\/01\/WhatsApp-Image-2024-01-11-at-15.59.01-3-1024x576.jpeg\" alt=\"\" class=\"wp-image-41116\" srcset=\"https:\/\/atecordoba.org\/wp-content\/uploads\/2024\/01\/WhatsApp-Image-2024-01-11-at-15.59.01-3-1024x576.jpeg 1024w, https:\/\/atecordoba.org\/wp-content\/uploads\/2024\/01\/WhatsApp-Image-2024-01-11-at-15.59.01-3-300x169.jpeg 300w, https:\/\/atecordoba.org\/wp-content\/uploads\/2024\/01\/WhatsApp-Image-2024-01-11-at-15.59.01-3-768x432.jpeg 768w, https:\/\/atecordoba.org\/wp-content\/uploads\/2024\/01\/WhatsApp-Image-2024-01-11-at-15.59.01-3-1536x864.jpeg 1536w, https:\/\/atecordoba.org\/wp-content\/uploads\/2024\/01\/WhatsApp-Image-2024-01-11-at-15.59.01-3-750x422.jpeg 750w, https:\/\/atecordoba.org\/wp-content\/uploads\/2024\/01\/WhatsApp-Image-2024-01-11-at-15.59.01-3-1140x641.jpeg 1140w, https:\/\/atecordoba.org\/wp-content\/uploads\/2024\/01\/WhatsApp-Image-2024-01-11-at-15.59.01-3.jpeg 1599w\" sizes=\"auto, (max-width: 1024px) 100vw, 1024px\" \/><\/a><\/figure>\n\n\n\n<figure class=\"wp-block-image size-large\"><a href=\"https:\/\/atecordoba.org\/wp-content\/uploads\/2024\/01\/WhatsApp-Image-2024-01-11-at-15.59.01.jpeg\" target=\"_blank\" rel=\"noopener\"><img loading=\"lazy\" decoding=\"async\" width=\"1024\" height=\"576\" data-id=\"41118\" src=\"https:\/\/atecordoba.org\/wp-content\/uploads\/2024\/01\/WhatsApp-Image-2024-01-11-at-15.59.01-1024x576.jpeg\" alt=\"\" class=\"wp-image-41118\" \/><\/a><\/figure>\n<\/figure>\n\n\n\n<p>El Consejo Directivo Provincial mantuvo ayer una audiencia con el diputado nacional por C\u00f3rdoba, Luis Picat, para proseguir los contactos institucionales con la representaci\u00f3n legislativa de C\u00f3rdoba a los fines de construir consensos alrededor de poner un freno al atropello que suponen el DNU 70\/23 (Decreto de Necesidad y Urgencia) y la Ley Omnibus del Presidente Javier Milei.<\/p>\n\n\n<div class=\"wp-block-image\">\n<figure class=\"alignright size-large is-resized\"><img loading=\"lazy\" decoding=\"async\" src=\"https:\/\/atecordoba.org\/wp-content\/uploads\/2024\/01\/WhatsApp-Image-2024-01-11-at-15.59.01-4-473x1024.jpeg\" alt=\"\" class=\"wp-image-41119\" width=\"237\" height=\"512\" srcset=\"https:\/\/atecordoba.org\/wp-content\/uploads\/2024\/01\/WhatsApp-Image-2024-01-11-at-15.59.01-4-473x1024.jpeg 473w, https:\/\/atecordoba.org\/wp-content\/uploads\/2024\/01\/WhatsApp-Image-2024-01-11-at-15.59.01-4-139x300.jpeg 139w, https:\/\/atecordoba.org\/wp-content\/uploads\/2024\/01\/WhatsApp-Image-2024-01-11-at-15.59.01-4-709x1536.jpeg 709w, https:\/\/atecordoba.org\/wp-content\/uploads\/2024\/01\/WhatsApp-Image-2024-01-11-at-15.59.01-4.jpeg 739w\" sizes=\"auto, (max-width: 237px) 100vw, 237px\" \/><\/figure>\n<\/div>\n\n\n<p>Se trata de la segunda audiencia de este tipo, <a href=\"https:\/\/atecordoba.org\/?p=40992\">despu\u00e9s de concretarse el lunes pasado otra similar <\/a>con la diputada nacional Gabriela Brouwer de Koning. <\/p>\n\n\n\n<p>La representaci\u00f3n estatal estuvo integrada por nuestro secretario General, Federico Giuliani, el secretario de Derechos Humanos, C\u00e9sar Theaux, y el integrante del CDP Esteban Iribarren. <\/p>\n\n\n\n<p>El diputado radical y ex intendente de Jes\u00fas Mar\u00eda concedi\u00f3 una audiencia virtual y afirm\u00f3 que su posici\u00f3n es el Congreso Nacional no debe ceder las facultades extraordinarias en los t\u00e9rminos que reclama Milei. Atento que el Presidente le exige al Congreso discrecionalidad para legislar en casi todos los temas de orden p\u00fablico, Picat consider\u00f3 que, cediendo a una tradici\u00f3n que concede la facultad a los mandatarios, estas prerrogativas ser\u00e1n limitadas en los temas que abarquen, limitadas a un a\u00f1o y no renovables por decisi\u00f3n presidencial. De esta forma, cumplido el plazo ser\u00e1 el Congreso quien determinar\u00e1 si prosiguen o no.<\/p>\n\n\n\n<p>M\u00e1s all\u00e1 que desde ATE rechazamos cualquier potestad extraordinaria a un Presidente ensa\u00f1ado con demoler el Estado y los derechos que garantiza a la poblaci\u00f3n, abordar contactos con representantes pol\u00edticos como el diputado nacional Picat avanza en la capacidad de alcanzar acuerdo m\u00ednimos de convivencia y defensa el Estado, las empresas p\u00fablicas y los derechos establecidos en al constituci\u00f3n y la legislaci\u00f3n vigente.<\/p>\n\n\n\n<p><strong>Privatizaciones, jubilaciones y derechos laborales<\/strong><\/p>\n\n\n\n<p>Respecto a las privatizaciones, el radical dijo en el di\u00e1logo con la representaci\u00f3n de ATE que se analizar\u00e1n caso por caso y que no aceptar\u00e1n la venta de empresas que dan ganancias o sean superavitarias. Mientras que para aquellas que no alcancen dicho estatus, primero debe definirse cu\u00e1les cumplen funciones estrat\u00e9gicas para la soberan\u00eda nacional antes de avanzar en cualquier proceso privatizador. <\/p>\n\n\n\n<p>El diputado tambi\u00e9n rechaz\u00f3 las modificaciones a la movilidad jubilatoria que impulsa Milei para que los aumentos queden a discrecionalidad del Poder Ejecutivo. Y adelant\u00f3 que propondr\u00e1 una f\u00f3rmula de c\u00e1lculo alternativa que permita a las jubilaciones lograr aumentos por encima de la inflaci\u00f3n.<\/p>\n\n\n\n<p>Por \u00faltimo, en lo referido a la reforma laboral, Picat cree que la salida es integrar a los peque\u00f1os propietarios y unidades productivas a un fondo de despidos, pero en todo caso se ofreci\u00f3 a recibir un borrador alternativo, que vamos a facilitar desde ATE, que mantiene la estructura actual y facilita v\u00edas alternativas a peque\u00f1os comercios para afrontar situaciones de conflicto laboral. <\/p>\n\n\n\n<p>Desde nuestro gremio, nos comprometimos a enviar al diputado toda la documentaci\u00f3n relacionada con las contrapropuestas que tiene ATE a las iniciativas del Poder Ejecutivo.<\/p>\n\n\n\n<p>Vale se\u00f1alar que Luis Picat rechaz\u00f3 p\u00fablicamente las facultades delegadas que pide Milei al Congreso. Pero sus cr\u00edticas m\u00e1s fuertes a Milei apuntan al aumento de retenciones y la baja del porcentaje de Biodisel en las naftas, que pasar\u00eda de 12.5 (gesti\u00f3n Massa) a 7.5%.<\/p>\n","protected":false},"excerpt":{"rendered":"<p>El Consejo Directivo Provincial mantuvo ayer una audiencia con el diputado nacional por C\u00f3rdoba, Luis Picat, para proseguir los contactos institucionales con la representaci\u00f3n legislativa de C\u00f3rdoba a los fines de construir consensos alrededor de poner un freno al atropello que suponen el DNU 70\/23 (Decreto de Necesidad y Urgencia) y la Ley Omnibus del [&hellip;]<\/p>\n","protected":false},"author":7,"featured_media":41118,"comment_status":"open","ping_status":"open","sticky":false,"template":"","format":"standard","meta":{"_exactmetrics_skip_tracking":false,"_exactmetrics_sitenote_active":false,"_exactmetrics_sitenote_note":"","_exactmetrics_sitenote_category":0,"jnews-multi-image_gallery":[],"jnews_single_post":{"subtitle":"M\u00e1s all\u00e1 que desde ATE rechazamos cualquier potestad extraordinaria a un Presidente ensa\u00f1ado con demoler el Estado y los derechos que garantiza a la poblaci\u00f3n, abordar contactos con representantes pol\u00edticos como el diputado radical por C\u00f3rdoba avanza en la capacidad de alcanzar acuerdo m\u00ednimos de convivencia y defensa el Estado, las empresas p\u00fablicas y los derechos establecidos en al constituci\u00f3n y la legislaci\u00f3n vigente.","format":"standard","video":"","gallery":"","source_name":"","source_url":"","via_name":"","via_url":"","override_template":"0","override":[{"template":"1","single_blog_custom":"","parallax":"1","fullscreen":"1","layout":"no-sidebar-narrow","sidebar":"default-sidebar","second_sidebar":"default-sidebar","sticky_sidebar":"1","share_position":"bottom","share_float_style":"share-monocrhome","show_share_counter":"1","show_view_counter":"1","show_featured":"0","show_post_meta":"1","show_post_author":"0","show_post_author_image":"1","show_post_date":"1","post_date_format":"default","post_date_format_custom":"Y\/m\/d","show_post_category":"1","show_post_reading_time":"0","post_reading_time_wpm":"300","show_zoom_button":"0","zoom_button_out_step":"2","zoom_button_in_step":"3","show_post_tag":"1","show_prev_next_post":"0","show_popup_post":"0","number_popup_post":"1","show_author_box":"0","show_post_related":"1","show_inline_post_related":"0"}],"override_image_size":"0","image_override":[{"single_post_thumbnail_size":"crop-500","single_post_gallery_size":"crop-500"}],"trending_post":"0","trending_post_position":"meta","trending_post_label":"Trending","sponsored_post":"0","sponsored_post_label":"Sponsored by","sponsored_post_name":"","sponsored_post_url":"","sponsored_post_logo_enable":"0","sponsored_post_logo":"","sponsored_post_desc":"","disable_ad":"0"},"jnews_primary_category":{"id":"","hide":""},"jnews_social_meta":{"fb_title":"","fb_description":"","fb_image":"","twitter_title":"","twitter_description":"","twitter_image":""},"jnews_review":[],"enable_review":"0","type":"percentage","name":"","summary":"","brand":"","sku":"","good":[{"good_text":""}],"bad":[{"bad_text":""}],"score_override":"","override_value":"","rating":[{"rating_text":"","rating_number":"10"}],"price":[{"shop":"","price":"","link":"","icon":""}],"jnews_override_counter":{"override_view_counter":"0","view_counter_number":"0","override_share_counter":"0","share_counter_number":"0","override_like_counter":"0","like_counter_number":"0","override_dislike_counter":"0","dislike_counter_number":"0"},"jnews_post_split":{"enable_post_split":"0","post_split":[{"template":"1","tag":"h2","numbering":"asc","mode":"normal","first":"0","enable_toc":"0","toc_type":"normal"}]},"footnotes":""},"categories":[10],"tags":[],"class_list":["post-41115","post","type-post","status-publish","format-standard","has-post-thumbnail","hentry","category-accion-politica"],"jetpack_featured_media_url":"https:\/\/atecordoba.org\/wp-content\/uploads\/2024\/01\/WhatsApp-Image-2024-01-11-at-15.59.01-e1705072401845.jpeg","_links":{"self":[{"href":"https:\/\/atecordoba.org\/index.php?rest_route=\/wp\/v2\/posts\/41115","targetHints":{"allow":["GET"]}}],"collection":[{"href":"https:\/\/atecordoba.org\/index.php?rest_route=\/wp\/v2\/posts"}],"about":[{"href":"https:\/\/atecordoba.org\/index.php?rest_route=\/wp\/v2\/types\/post"}],"author":[{"embeddable":true,"href":"https:\/\/atecordoba.org\/index.php?rest_route=\/wp\/v2\/users\/7"}],"replies":[{"embeddable":true,"href":"https:\/\/atecordoba.org\/index.php?rest_route=%2Fwp%2Fv2%2Fcomments&post=41115"}],"version-history":[{"count":4,"href":"https:\/\/atecordoba.org\/index.php?rest_route=\/wp\/v2\/posts\/41115\/revisions"}],"predecessor-version":[{"id":41125,"href":"https:\/\/atecordoba.org\/index.php?rest_route=\/wp\/v2\/posts\/41115\/revisions\/41125"}],"wp:featuredmedia":[{"embeddable":true,"href":"https:\/\/atecordoba.org\/index.php?rest_route=\/wp\/v2\/media\/41118"}],"wp:attachment":[{"href":"https:\/\/atecordoba.org\/index.php?rest_route=%2Fwp%2Fv2%2Fmedia&parent=41115"}],"wp:term":[{"taxonomy":"category","embeddable":true,"href":"https:\/\/atecordoba.org\/index.php?rest_route=%2Fwp%2Fv2%2Fcategories&post=41115"},{"taxonomy":"post_tag","embeddable":true,"href":"https:\/\/atecordoba.org\/index.php?rest_route=%2Fwp%2Fv2%2Ftags&post=41115"}],"curies":[{"name":"wp","href":"https:\/\/api.w.org\/{rel}","templated":true}]}}