{"id":4107,"date":"2014-05-07T19:12:02","date_gmt":"2014-05-07T22:12:02","guid":{"rendered":"http:\/\/www.atecordoba.org\/?p=4107"},"modified":"2014-05-07T19:12:02","modified_gmt":"2014-05-07T22:12:02","slug":"dos-nuevos-delegados-de-ate-en-el-hospital-rio-tercero","status":"publish","type":"post","link":"https:\/\/atecordoba.org\/?p=4107","title":{"rendered":"Dos nuevos delegados de ATE en el hospital R\u00edo Tercero"},"content":{"rendered":"<p><em>En &nbsp;una elecci\u00f3n &nbsp;realizada el 12 de abril pasado, los compa\u00f1eros&nbsp;Susana Neyra y Hector Coronel resultaron electos por los trabajadores del centro de salud en una nutrida concurrencia a la convocatoria de nuestro gremio.<\/em><\/p>\n<figure id=\"attachment_4108\" aria-describedby=\"caption-attachment-4108\" style=\"width: 504px\" class=\"wp-caption aligncenter\"><a href=\"http:\/\/www.atecordoba.org\/wp-content\/uploads\/2014\/05\/delegados-hospital-Rio-TerceroSusana-Neyra-y-Hector-Coronel.jpg\"><img loading=\"lazy\" decoding=\"async\" alt=\"delegados hospital Rio TerceroSusana Neyra y Hector Coronel\" height=\"672\" src=\"http:\/\/www.atecordoba.org\/wp-content\/uploads\/2014\/05\/delegados-hospital-Rio-TerceroSusana-Neyra-y-Hector-Coronel.jpg\" width=\"504\" class=\" wp-image-4108\"><\/a><figcaption id=\"caption-attachment-4108\" class=\"wp-caption-text\">Cristian Colman, secretario General de la seccional R\u00edo Tercero, junto a los delegados Susana Neyra y Hector Coronel<\/figcaption><\/figure>\n<p>As\u00ed dos nuevos compa\u00f1eros se suman al&nbsp; cuerpo de delegados provinciales del sector salud, que va extendiendo su cobertura territorial hacia los hospitales del interior provincial, tal como ocurre en Villa Mar\u00eda, San Mar\u00eda de Punilla, Oliva, San Francisco, Jes\u00fas Mar\u00eda y dem\u00e1s localidades de C\u00f3rdoba. La elecci\u00f3n fue impulsada por la seccional R\u00edo Tercero de nuestro gremio.<\/p>\n","protected":false},"excerpt":{"rendered":"<p>En &nbsp;una elecci\u00f3n &nbsp;realizada el 12 de abril pasado, los compa\u00f1eros&nbsp;Susana Neyra y Hector Coronel resultaron electos por los trabajadores del centro de salud en una nutrida concurrencia a la convocatoria de nuestro gremio. As\u00ed dos nuevos compa\u00f1eros se suman al&nbsp; cuerpo de delegados provinciales del sector salud, que va extendiendo su cobertura territorial hacia [&hellip;]<\/p>\n","protected":false},"author":1,"featured_media":19220,"comment_status":"open","ping_status":"open","sticky":false,"template":"","format":"standard","meta":{"_exactmetrics_skip_tracking":false,"_exactmetrics_sitenote_active":false,"_exactmetrics_sitenote_note":"","_exactmetrics_sitenote_category":0,"jnews-multi-image_gallery":[],"jnews_single_post":[],"jnews_primary_category":[],"jnews_social_meta":[],"jnews_review":[],"enable_review":"","type":"","name":"","summary":"","brand":"","sku":"","good":[],"bad":[],"score_override":"","override_value":"","rating":[],"price":[],"jnews_override_counter":[],"jnews_post_split":[],"footnotes":""},"categories":[8,13,34],"tags":[],"class_list":["post-4107","post","type-post","status-publish","format-standard","has-post-thumbnail","hentry","category-provinciales","category-rio-tercero","category-seccionales"],"jetpack_featured_media_url":"https:\/\/atecordoba.org\/wp-content\/uploads\/2020\/05\/logo-nuevochico-e1561581322808.png","_links":{"self":[{"href":"https:\/\/atecordoba.org\/index.php?rest_route=\/wp\/v2\/posts\/4107","targetHints":{"allow":["GET"]}}],"collection":[{"href":"https:\/\/atecordoba.org\/index.php?rest_route=\/wp\/v2\/posts"}],"about":[{"href":"https:\/\/atecordoba.org\/index.php?rest_route=\/wp\/v2\/types\/post"}],"author":[{"embeddable":true,"href":"https:\/\/atecordoba.org\/index.php?rest_route=\/wp\/v2\/users\/1"}],"replies":[{"embeddable":true,"href":"https:\/\/atecordoba.org\/index.php?rest_route=%2Fwp%2Fv2%2Fcomments&post=4107"}],"version-history":[{"count":0,"href":"https:\/\/atecordoba.org\/index.php?rest_route=\/wp\/v2\/posts\/4107\/revisions"}],"wp:featuredmedia":[{"embeddable":true,"href":"https:\/\/atecordoba.org\/index.php?rest_route=\/wp\/v2\/media\/19220"}],"wp:attachment":[{"href":"https:\/\/atecordoba.org\/index.php?rest_route=%2Fwp%2Fv2%2Fmedia&parent=4107"}],"wp:term":[{"taxonomy":"category","embeddable":true,"href":"https:\/\/atecordoba.org\/index.php?rest_route=%2Fwp%2Fv2%2Fcategories&post=4107"},{"taxonomy":"post_tag","embeddable":true,"href":"https:\/\/atecordoba.org\/index.php?rest_route=%2Fwp%2Fv2%2Ftags&post=4107"}],"curies":[{"name":"wp","href":"https:\/\/api.w.org\/{rel}","templated":true}]}}