{"id":41033,"date":"2024-01-09T10:47:04","date_gmt":"2024-01-09T13:47:04","guid":{"rendered":"https:\/\/atecordoba.org\/?p=41033"},"modified":"2024-01-09T10:47:04","modified_gmt":"2024-01-09T13:47:04","slug":"sindicatos-del-estado-lanzan-una-jornada-nacional-de-lucha-para-el-15-de-enero-previa-al-paro-general-del-24","status":"publish","type":"post","link":"https:\/\/atecordoba.org\/?p=41033","title":{"rendered":"Sindicatos del Estado lanzan una Jornada Nacional de Lucha para el 15 de enero previa al Paro General del 24"},"content":{"rendered":"<div class=\"wp-block-image\">\n<figure class=\"alignright size-full is-resized\"><img loading=\"lazy\" decoding=\"async\" src=\"https:\/\/atecordoba.org\/wp-content\/uploads\/2024\/01\/judiciales.jpg\" alt=\"\" class=\"wp-image-41043\" width=\"512\" height=\"367\" \/><\/figure>\n<\/div>\n\n\n<p>El espacio que re\u00fane a organizaciones sindicales estatales y de las Empresas P\u00fablicas se dieron cita nuevamente en la sede central de la Federaci\u00f3n Judicial Argentina (FJA), con el objetivo de profundizar una agenda com\u00fan a la hora de defender los puestos de trabajo y los sectores estrat\u00e9gicos del Estado que resisten el desguace del proyecto de gobierno de Milei. A tal fin, respaldan el paro y movilizaci\u00f3n convocado por las centrales obreras del 24 de enero y promueven una Jornada Nacional de Lucha en Defensa del Estado para el d\u00eda 15 de enero.<\/p>\n\n\n\n<p>El 3 de enero volvi\u00f3 a encontrar a las y los principales dirigentes sindicales de distintos sectores, niveles y poderes del Estado y de las Empresas P\u00fablicas, para debatir y articular pol\u00edticas y acciones comunes en defensa de las y los trabajadores ante el programa del nuevo gobierno, que a trav\u00e9s del Decretazo y el proyecto de Ley \u201c\u00d3mnibus\u201d busca transformar la estructura socioecon\u00f3mica del pa\u00eds en favor del capital concentrado y de las grandes empresas trasnacionales.<\/p>\n\n\n\n<p>En tal sentido, representantes sindicales de judiciales, estatales, docentes universitarios, profesionales de la salud, bancarios, portuarios, trabajadoras y trabajadores de la energ\u00eda, de vialidad, entre otros, analizaron las medidas asumidas por el nuevo Gabinete y la respuesta espont\u00e1nea que dio una parte importante del pueblo, que se tradujo en diferentes cacerolazos en todos los rincones del pa\u00eds.<\/p>\n\n\n\n<p><strong>Inicio inhumano<\/strong><\/p>\n\n\n\n<p>El inicio de a\u00f1o marc\u00f3 el car\u00e1cter profundamente inhumano del nuevo gobierno, dejando a cientos de familias en la calle a lo largo y ancho del pa\u00eds, y que devalu\u00f3 un 118% el d\u00f3lar y redujo un 50% de la capacidad de compra de los salarios en medio de las fiestas, lo que marc\u00f3 un magro fin de a\u00f1o y un comienzo para este 2024 con excesivos aumentos en los combustibles y en el transporte. De ese modo, el conjunto de espacios buscar\u00e1 imprimirle un car\u00e1cter fundamental al paro general y movilizaci\u00f3n del 24 de enero convocado por las tres centrales obreras.<\/p>\n\n\n\n<p><strong>Defensa del Estado<\/strong><\/p>\n\n\n\n<p>A su vez, es transversal a todas y todos el acompa\u00f1amiento a la convocatoria de ATE para el 15 de enero, acciones que se expresar\u00e1n de distintas maneras en todo el pa\u00eds para exponer los despidos, cierres de sectores y el congelamiento salarial que impulsa Milei, para lo cual, desde este espacio intersindical, se promueve una Jornada Nacional de Lucha en Defensa del Estado en esa fecha a la cual sumarse.<\/p>\n\n\n\n<p><strong>Organizaciones<\/strong><\/p>\n\n\n\n<p>Entre las organizaciones participantes del Espacio sindical se encuentran la Federaci\u00f3n Judicial Argentina (FJA); Asociaci\u00f3n Trabajadores del Estado (ATE-CTAA); Federaci\u00f3n del Personal de Vialidad Nacional (FEPEVINA); Federaci\u00f3n de Trabajadores de la Energ\u00eda de la Rep\u00fablica Argentina (FeTERA-CTAA); Federaci\u00f3n Sindical de Profesionales de la Salud de la Rep\u00fablica Argentina (FESPROSA-CTAA); Federaci\u00f3n Nacional de Docentes, Investigadores y Creadores Universitarios (CONADU Hist\u00f3rica-CTAA); Federaci\u00f3n de Profesionales del Gobierno de la Ciudad Aut\u00f3noma de Buenos Aires; Asociaci\u00f3n Personal Jer\u00e1rquico de Bancos Oficiales (APJBO-CTAA) y el Sindicato \u00danico de Trabajadores de Administraciones Portuarias (SUTAP-CTAA).<\/p>\n\n\n\n<p>Tambi\u00e9n asistieron representantes del Sindicato Unido de Trabajadores y Empleados del PAMI (SUTEPA); Sindicato de Trabajadoras Trabajadores de Entidades Bancarias y Financieras (SITEBA-CTAA); Asociaci\u00f3n de Psic\u00f3logos del Gobierno de la Ciudad Aut\u00f3noma de Buenos Aires (APGCABA); Asociaci\u00f3n Civil de Profesionales de Antropolog\u00eda, Comunicaci\u00f3n, Sociolog\u00eda y Afines (APACSA); Asociaci\u00f3n Profesional de Dietistas Nutricionistas y Licenciados en Nutrici\u00f3n del GCBA (ANDYLMU); Asociaci\u00f3n Judicial Bonaerense (AJB-FJA); Sindicato de Trabajadores Judiciales de R\u00edo Negro (SITRAJUR-FJA); Asociaci\u00f3n de Empleados y Funcionarios del Poder Judicial de la Naci\u00f3n (AEyFPJN).<\/p>\n","protected":false},"excerpt":{"rendered":"<p>El espacio que re\u00fane a organizaciones sindicales estatales y de las Empresas P\u00fablicas se dieron cita nuevamente en la sede central de la Federaci\u00f3n Judicial Argentina (FJA), con el objetivo de profundizar una agenda com\u00fan a la hora de defender los puestos de trabajo y los sectores estrat\u00e9gicos del Estado que resisten el desguace del [&hellip;]<\/p>\n","protected":false},"author":7,"featured_media":41043,"comment_status":"open","ping_status":"open","sticky":false,"template":"","format":"standard","meta":{"_exactmetrics_skip_tracking":false,"_exactmetrics_sitenote_active":false,"_exactmetrics_sitenote_note":"","_exactmetrics_sitenote_category":0,"jnews-multi-image_gallery":[],"jnews_single_post":{"subtitle":"El inicio de a\u00f1o marc\u00f3 el car\u00e1cter profundamente inhumano del nuevo gobierno, dejando a cientos de familias en la calle a lo largo y ancho del pa\u00eds, y que devalu\u00f3 un 118% el d\u00f3lar y redujo un 50% de la capacidad de compra de los salarios en medio de las fiestas, lo que marc\u00f3 un magro fin de a\u00f1o y un comienzo para este 2024 con excesivos aumentos en los combustibles y en el transporte. ","format":"standard","video":"","gallery":"","source_name":"","source_url":"","via_name":"","via_url":"","override_template":"0","override":[{"template":"1","single_blog_custom":"","parallax":"1","fullscreen":"1","layout":"no-sidebar-narrow","sidebar":"default-sidebar","second_sidebar":"default-sidebar","sticky_sidebar":"1","share_position":"bottom","share_float_style":"share-monocrhome","show_share_counter":"1","show_view_counter":"1","show_featured":"0","show_post_meta":"1","show_post_author":"0","show_post_author_image":"1","show_post_date":"1","post_date_format":"default","post_date_format_custom":"Y\/m\/d","show_post_category":"1","show_post_reading_time":"0","post_reading_time_wpm":"300","show_zoom_button":"0","zoom_button_out_step":"2","zoom_button_in_step":"3","show_post_tag":"1","show_prev_next_post":"0","show_popup_post":"0","number_popup_post":"1","show_author_box":"0","show_post_related":"1","show_inline_post_related":"0"}],"override_image_size":"0","image_override":[{"single_post_thumbnail_size":"crop-500","single_post_gallery_size":"crop-500"}],"trending_post":"0","trending_post_position":"meta","trending_post_label":"Trending","sponsored_post":"0","sponsored_post_label":"Sponsored by","sponsored_post_name":"","sponsored_post_url":"","sponsored_post_logo_enable":"0","sponsored_post_logo":"","sponsored_post_desc":"","disable_ad":"0"},"jnews_primary_category":{"id":"","hide":""},"jnews_social_meta":{"fb_title":"","fb_description":"","fb_image":"","twitter_title":"","twitter_description":"","twitter_image":""},"jnews_review":[],"enable_review":"0","type":"percentage","name":"","summary":"","brand":"","sku":"","good":[{"good_text":""}],"bad":[{"bad_text":""}],"score_override":"","override_value":"","rating":[{"rating_text":"","rating_number":"10"}],"price":[{"shop":"","price":"","link":"","icon":""}],"jnews_override_counter":{"override_view_counter":"0","view_counter_number":"0","override_share_counter":"0","share_counter_number":"0","override_like_counter":"0","like_counter_number":"0","override_dislike_counter":"0","dislike_counter_number":"0"},"jnews_post_split":{"enable_post_split":"0","post_split":[{"template":"1","tag":"h2","numbering":"asc","mode":"normal","first":"0","enable_toc":"0","toc_type":"normal"}]},"footnotes":""},"categories":[10],"tags":[],"class_list":["post-41033","post","type-post","status-publish","format-standard","has-post-thumbnail","hentry","category-accion-politica"],"jetpack_featured_media_url":"https:\/\/atecordoba.org\/wp-content\/uploads\/2024\/01\/judiciales-e1704808018741.jpg","_links":{"self":[{"href":"https:\/\/atecordoba.org\/index.php?rest_route=\/wp\/v2\/posts\/41033","targetHints":{"allow":["GET"]}}],"collection":[{"href":"https:\/\/atecordoba.org\/index.php?rest_route=\/wp\/v2\/posts"}],"about":[{"href":"https:\/\/atecordoba.org\/index.php?rest_route=\/wp\/v2\/types\/post"}],"author":[{"embeddable":true,"href":"https:\/\/atecordoba.org\/index.php?rest_route=\/wp\/v2\/users\/7"}],"replies":[{"embeddable":true,"href":"https:\/\/atecordoba.org\/index.php?rest_route=%2Fwp%2Fv2%2Fcomments&post=41033"}],"version-history":[{"count":1,"href":"https:\/\/atecordoba.org\/index.php?rest_route=\/wp\/v2\/posts\/41033\/revisions"}],"predecessor-version":[{"id":41044,"href":"https:\/\/atecordoba.org\/index.php?rest_route=\/wp\/v2\/posts\/41033\/revisions\/41044"}],"wp:featuredmedia":[{"embeddable":true,"href":"https:\/\/atecordoba.org\/index.php?rest_route=\/wp\/v2\/media\/41043"}],"wp:attachment":[{"href":"https:\/\/atecordoba.org\/index.php?rest_route=%2Fwp%2Fv2%2Fmedia&parent=41033"}],"wp:term":[{"taxonomy":"category","embeddable":true,"href":"https:\/\/atecordoba.org\/index.php?rest_route=%2Fwp%2Fv2%2Fcategories&post=41033"},{"taxonomy":"post_tag","embeddable":true,"href":"https:\/\/atecordoba.org\/index.php?rest_route=%2Fwp%2Fv2%2Ftags&post=41033"}],"curies":[{"name":"wp","href":"https:\/\/api.w.org\/{rel}","templated":true}]}}