{"id":40992,"date":"2024-01-08T14:07:53","date_gmt":"2024-01-08T17:07:53","guid":{"rendered":"https:\/\/atecordoba.org\/?p=40992"},"modified":"2024-01-08T14:09:29","modified_gmt":"2024-01-08T17:09:29","slug":"ate-se-reunio-con-la-diputada-brouwer-de-koning-y-comienza-los-contactos-institucionales-para-abordar-la-ley-omnibus-y-el-dnu","status":"publish","type":"post","link":"https:\/\/atecordoba.org\/?p=40992","title":{"rendered":"ATE se reuni\u00f3 con la diputada Brouwer de Koning y comienza los contactos institucionales para abordar la ley \u00f3mnibus y el DNU"},"content":{"rendered":"<div class=\"wp-block-image\">\n<figure class=\"aligncenter size-large is-resized\"><img loading=\"lazy\" decoding=\"async\" src=\"https:\/\/atecordoba.org\/wp-content\/uploads\/2024\/01\/WhatsApp-Image-2024-01-08-at-12.14.02-1-1024x768.jpeg\" alt=\"\" class=\"wp-image-40993\" width=\"768\" height=\"576\" \/><\/figure>\n<\/div>\n\n\n<p>El secretario de DDHH del Consejo Directivo Provincial, C\u00e9sar Theaux, junto a los secretarios generales de las seccionales ATE R\u00edo Tercero y ATE Villa Mar\u00eda respectivamente, David Salto y Jorge Heredia, mantuvieron un encuentro hoy con la diputada nacional por C\u00f3rdoba, Gabriela Brouwer de Koning, para abordar los puntos de la Ley Omnibus y el DNU del Presidente Javier Milei que afectan a las y los trabajadores estatales y particularmente a las dos plantas productivas de Fabricaciones Militares ubicadas en C\u00f3rdoba.<\/p>\n\n\n\n<p>La reuni\u00f3n fue muy amena y se resalt\u00f3 la necesidad de que haya una instancia de di\u00e1logo y debate entre el poder legislativo y los sectores que representan a las y los trabajadores del Estado.<\/p>\n\n\n<div class=\"wp-block-image\">\n<figure class=\"alignleft size-large is-resized\"><img loading=\"lazy\" decoding=\"async\" src=\"https:\/\/atecordoba.org\/wp-content\/uploads\/2024\/01\/WhatsApp-Image-2024-01-08-at-12.14.02-1024x768.jpeg\" alt=\"\" class=\"wp-image-40994\" width=\"512\" height=\"384\" srcset=\"https:\/\/atecordoba.org\/wp-content\/uploads\/2024\/01\/WhatsApp-Image-2024-01-08-at-12.14.02-1024x768.jpeg 1024w, https:\/\/atecordoba.org\/wp-content\/uploads\/2024\/01\/WhatsApp-Image-2024-01-08-at-12.14.02-300x225.jpeg 300w, https:\/\/atecordoba.org\/wp-content\/uploads\/2024\/01\/WhatsApp-Image-2024-01-08-at-12.14.02-768x576.jpeg 768w, https:\/\/atecordoba.org\/wp-content\/uploads\/2024\/01\/WhatsApp-Image-2024-01-08-at-12.14.02-1536x1152.jpeg 1536w, https:\/\/atecordoba.org\/wp-content\/uploads\/2024\/01\/WhatsApp-Image-2024-01-08-at-12.14.02-750x563.jpeg 750w, https:\/\/atecordoba.org\/wp-content\/uploads\/2024\/01\/WhatsApp-Image-2024-01-08-at-12.14.02-1140x855.jpeg 1140w, https:\/\/atecordoba.org\/wp-content\/uploads\/2024\/01\/WhatsApp-Image-2024-01-08-at-12.14.02.jpeg 1600w\" sizes=\"auto, (max-width: 512px) 100vw, 512px\" \/><\/figure>\n<\/div>\n\n\n<p>Al abordar la ley \u00f3mnibus en su apartado de la reforma laboral, hubo coincidencia con la diputada radical oriunda de R\u00edo Tercero en que trae un fuerte atraso en materia de derechos de los trabajadores y produce una situaci\u00f3n negativa para la sociedad en su conjunto.<\/p>\n\n\n\n<p>Respecto al proyecto privatizador de las empresas estatales que pretende imponer Milei, ATE plante\u00f3 que muchas de ellas generan ganancias y son altamente rentables. Por lo tanto no tiene sentido instalar un proceso de remate que significar\u00eda una p\u00e9rdida enorme del ahorro acumulado por generaciones de argentinos y la soberan\u00eda nacional. <\/p>\n\n\n\n<p>Solo en C\u00f3rdoba, m\u00e1s de 3500 familias tienen en riesgo su sustento debido a la posibilidad de despidos masivos en el proceso privatizador. Se trata de mayoritariamente personal altamente calificado especializado, desde en la industria satelital y aeron\u00e1utica a la agroindustria y industria nuclear y la garant\u00eda de pluralidad de voces informativas. <\/p>\n\n\n\n<p>Tanto FFMM R\u00edo Tercero como FFMM Villa Mar\u00eda son fundantes de todo el esquema industrial de la ciudad y la regi\u00f3n, alimentando un sistema de proveedores que tambi\u00e9n corre riesgo de verse gravemente afectado. En el mismo sentido se expres\u00f3 la diputada nacional.<\/p>\n\n\n\n<p>En la l\u00ednea de preservar y garantizar una gesti\u00f3n que cuide el patrimonio estatal, que indudablemente es un bien social muy caro para las y los argentinos, desde ATE impulsamos la necesidad que existan directores obreros en las direcciones de las f\u00e1bricas para que haya un control del funcionamiento. De la misma forma, se podr\u00eda conformar una comisi\u00f3n legislativa que haga un monitoreo de las empresas.<\/p>\n\n\n\n<p>En ATE resaltamos el valor de avanzar en contactos institucionales con los representantes del pueblo ante el Congreso Nacional para elaborar consensos alrededor de la preservaci\u00f3n de la industria y el desarrollo productivo de la regi\u00f3n.<\/p>\n\n\n\n<p>ATE envi\u00f3 notas con pedidos de audiencia a todas y todos los diputados y senadores nacionales a los fines de continuar los contactos y transmitir la posici\u00f3n de las y los estatales de C\u00f3rdoba.<\/p>\n","protected":false},"excerpt":{"rendered":"<p>El secretario de DDHH del Consejo Directivo Provincial, C\u00e9sar Theaux, junto a los secretarios generales de las seccionales ATE R\u00edo Tercero y ATE Villa Mar\u00eda respectivamente, David Salto y Jorge Heredia, mantuvieron un encuentro hoy con la diputada nacional por C\u00f3rdoba, Gabriela Brouwer de Koning, para abordar los puntos de la Ley Omnibus y el [&hellip;]<\/p>\n","protected":false},"author":7,"featured_media":40993,"comment_status":"open","ping_status":"open","sticky":false,"template":"","format":"standard","meta":{"_exactmetrics_skip_tracking":false,"_exactmetrics_sitenote_active":false,"_exactmetrics_sitenote_note":"","_exactmetrics_sitenote_category":0,"jnews-multi-image_gallery":[],"jnews_single_post":{"subtitle":"Respecto al proyecto privatizador de las empresas estatales que pretende imponer Milei, ATE plante\u00f3 que muchas de ellas generan ganancias y son altamente rentables. Por lo tanto no tiene sentido instalar un proceso de remate que significar\u00eda una p\u00e9rdida enorme del ahorro acumulado por generaciones de argentinos y la soberan\u00eda nacional. ","format":"standard","video":"","gallery":"","source_name":"","source_url":"","via_name":"","via_url":"","override_template":"0","override":[{"template":"1","single_blog_custom":"","parallax":"1","fullscreen":"1","layout":"no-sidebar-narrow","sidebar":"default-sidebar","second_sidebar":"default-sidebar","sticky_sidebar":"1","share_position":"bottom","share_float_style":"share-monocrhome","show_share_counter":"1","show_view_counter":"1","show_featured":"0","show_post_meta":"1","show_post_author":"0","show_post_author_image":"1","show_post_date":"1","post_date_format":"default","post_date_format_custom":"Y\/m\/d","show_post_category":"1","show_post_reading_time":"0","post_reading_time_wpm":"300","show_zoom_button":"0","zoom_button_out_step":"2","zoom_button_in_step":"3","show_post_tag":"1","show_prev_next_post":"0","show_popup_post":"0","number_popup_post":"1","show_author_box":"0","show_post_related":"1","show_inline_post_related":"0"}],"override_image_size":"0","image_override":[{"single_post_thumbnail_size":"crop-500","single_post_gallery_size":"crop-500"}],"trending_post":"0","trending_post_position":"meta","trending_post_label":"Trending","sponsored_post":"0","sponsored_post_label":"Sponsored by","sponsored_post_name":"","sponsored_post_url":"","sponsored_post_logo_enable":"0","sponsored_post_logo":"","sponsored_post_desc":"","disable_ad":"0"},"jnews_primary_category":{"id":"","hide":""},"jnews_social_meta":{"fb_title":"","fb_description":"","fb_image":"","twitter_title":"","twitter_description":"","twitter_image":""},"jnews_review":[],"enable_review":"0","type":"percentage","name":"","summary":"","brand":"","sku":"","good":[{"good_text":""}],"bad":[{"bad_text":""}],"score_override":"","override_value":"","rating":[{"rating_text":"","rating_number":"10"}],"price":[{"shop":"","price":"","link":"","icon":""}],"jnews_override_counter":{"override_view_counter":"0","view_counter_number":"0","override_share_counter":"0","share_counter_number":"0","override_like_counter":"0","like_counter_number":"0","override_dislike_counter":"0","dislike_counter_number":"0"},"jnews_post_split":{"enable_post_split":"0","post_split":[{"template":"1","tag":"h2","numbering":"asc","mode":"normal","first":"0","enable_toc":"0","toc_type":"normal"}]},"footnotes":""},"categories":[10],"tags":[],"class_list":["post-40992","post","type-post","status-publish","format-standard","has-post-thumbnail","hentry","category-accion-politica"],"jetpack_featured_media_url":"https:\/\/atecordoba.org\/wp-content\/uploads\/2024\/01\/WhatsApp-Image-2024-01-08-at-12.14.02-1-e1704733668793.jpeg","_links":{"self":[{"href":"https:\/\/atecordoba.org\/index.php?rest_route=\/wp\/v2\/posts\/40992","targetHints":{"allow":["GET"]}}],"collection":[{"href":"https:\/\/atecordoba.org\/index.php?rest_route=\/wp\/v2\/posts"}],"about":[{"href":"https:\/\/atecordoba.org\/index.php?rest_route=\/wp\/v2\/types\/post"}],"author":[{"embeddable":true,"href":"https:\/\/atecordoba.org\/index.php?rest_route=\/wp\/v2\/users\/7"}],"replies":[{"embeddable":true,"href":"https:\/\/atecordoba.org\/index.php?rest_route=%2Fwp%2Fv2%2Fcomments&post=40992"}],"version-history":[{"count":2,"href":"https:\/\/atecordoba.org\/index.php?rest_route=\/wp\/v2\/posts\/40992\/revisions"}],"predecessor-version":[{"id":40996,"href":"https:\/\/atecordoba.org\/index.php?rest_route=\/wp\/v2\/posts\/40992\/revisions\/40996"}],"wp:featuredmedia":[{"embeddable":true,"href":"https:\/\/atecordoba.org\/index.php?rest_route=\/wp\/v2\/media\/40993"}],"wp:attachment":[{"href":"https:\/\/atecordoba.org\/index.php?rest_route=%2Fwp%2Fv2%2Fmedia&parent=40992"}],"wp:term":[{"taxonomy":"category","embeddable":true,"href":"https:\/\/atecordoba.org\/index.php?rest_route=%2Fwp%2Fv2%2Fcategories&post=40992"},{"taxonomy":"post_tag","embeddable":true,"href":"https:\/\/atecordoba.org\/index.php?rest_route=%2Fwp%2Fv2%2Ftags&post=40992"}],"curies":[{"name":"wp","href":"https:\/\/api.w.org\/{rel}","templated":true}]}}