{"id":40914,"date":"2024-01-05T11:14:10","date_gmt":"2024-01-05T14:14:10","guid":{"rendered":"https:\/\/atecordoba.org\/?p=40914"},"modified":"2024-01-09T10:28:44","modified_gmt":"2024-01-09T13:28:44","slug":"dura-replica-de-aguiar-al-vocero-presidencial-por-decir-que-yacimientos-rio-turbio-no-produce-nada-hace-20-anos","status":"publish","type":"post","link":"https:\/\/atecordoba.org\/?p=40914","title":{"rendered":"Dura r\u00e9plica de Aguiar al vocero presidencial por decir que Yacimientos R\u00edo Turbio \u201cno produce nada hace 20 a\u00f1os\u201d"},"content":{"rendered":"\n<figure class=\"wp-block-gallery has-nested-images columns-default is-cropped wp-block-gallery-1 is-layout-flex wp-block-gallery-is-layout-flex\">\n<figure class=\"wp-block-image size-large\"><img loading=\"lazy\" decoding=\"async\" width=\"719\" height=\"529\" data-id=\"40915\" src=\"https:\/\/atecordoba.org\/wp-content\/uploads\/2024\/01\/rodolfo-aguiar.jpg\" alt=\"\" class=\"wp-image-40915\" srcset=\"https:\/\/atecordoba.org\/wp-content\/uploads\/2024\/01\/rodolfo-aguiar.jpg 719w, https:\/\/atecordoba.org\/wp-content\/uploads\/2024\/01\/rodolfo-aguiar-300x221.jpg 300w\" sizes=\"auto, (max-width: 719px) 100vw, 719px\" \/><\/figure>\n\n\n\n<figure class=\"wp-block-image size-large\"><img loading=\"lazy\" decoding=\"async\" width=\"1024\" height=\"505\" data-id=\"40916\" src=\"https:\/\/atecordoba.org\/wp-content\/uploads\/2024\/01\/adorni-1024x505.jpg\" alt=\"\" class=\"wp-image-40916\" srcset=\"https:\/\/atecordoba.org\/wp-content\/uploads\/2024\/01\/adorni-1024x505.jpg 1024w, https:\/\/atecordoba.org\/wp-content\/uploads\/2024\/01\/adorni-300x148.jpg 300w, https:\/\/atecordoba.org\/wp-content\/uploads\/2024\/01\/adorni-768x379.jpg 768w, https:\/\/atecordoba.org\/wp-content\/uploads\/2024\/01\/adorni-750x370.jpg 750w, https:\/\/atecordoba.org\/wp-content\/uploads\/2024\/01\/adorni-1140x563.jpg 1140w, https:\/\/atecordoba.org\/wp-content\/uploads\/2024\/01\/adorni.jpg 1256w\" sizes=\"auto, (max-width: 1024px) 100vw, 1024px\" \/><\/figure>\n<\/figure>\n\n\n\n<p>\u201cYCRT es clave para el desarrollo econ\u00f3mico y productivo de la Cuenca Carbon\u00edfera como as\u00ed tambi\u00e9n de toda la provincia de Santa Cruz. Tambi\u00e9n es un punto geopol\u00edtico estrat\u00e9gico en la frontera con Chile que debemos defender a toda costa\u201d, replic\u00f3 el secretario General de ATE Nacional, Rodolfo Aguiar, a las menciones del vocero presidencial&#8221;, Manuel Adorni.<\/p>\n\n\n<div class=\"wp-block-image\">\n<figure class=\"alignleft size-large is-resized\"><img loading=\"lazy\" decoding=\"async\" src=\"https:\/\/atecordoba.org\/wp-content\/uploads\/2024\/01\/rody-1024x768.jpg\" alt=\"\" class=\"wp-image-41040\" width=\"512\" height=\"384\" \/><\/figure>\n<\/div>\n\n\n<p>El funcionario hab\u00eda dicho que Yacimientos Carbon\u00edferos R\u00edo Turbio (YCRT) &#8220;no produce nada hace 20 a\u00f1os&#8221;.<\/p>\n\n\n\n<p>En respuesta a las mentiras de Adorni, Aguiar explic\u00f3 que \u201cla empresa no s\u00f3lo es autosuficiente, sino que adem\u00e1s genera ganancias. Lo que ocurre es que quieren regal\u00e1rsela a algunos de sus empresarios amigos&#8221;.<\/p>\n\n\n\n<p>&#8220;El vocero presidencia repite como un loro, no sabe de lo que habla y critica a YCRT.&nbsp; Otra vez realiza declaraciones mentirosas que estigmatizan. Intentan preparar el terreno para privatizar YCRT, pero no la conocen. Hace pocos d\u00edas tuve la oportunidad de visitar la mina en la ciudad de R\u00edo Turbio. Y cuando ingres\u00e1s por el socav\u00f3n, a 7 kil\u00f3metros de profundidad, la respiraci\u00f3n se te acelera y perd\u00e9s toda referencia del mundo exterior. Cuando solo despu\u00e9s de caminar por oscuros pasillos algunas horas, por fin encontr\u00e1s a los trabajadores luchando contra la monta\u00f1a, terminas de comprender aquello que dicen sobre que \u2018hay argentinos que hacen Patria\u2019. Ah\u00ed mismo, donde hace casi 20 a\u00f1os mor\u00edan 14 mineros sepultados en su lugar de trabajo\u201d, sentenci\u00f3 el dirigente.<\/p>\n\n\n\n<p>Y agreg\u00f3: \u201cAdorni dice que la empresa hace 20 a\u00f1os que no produce nada, pero est\u00e1 operativa y extrae m\u00e1s de 1.000 toneladas de carb\u00f3n por d\u00eda. Es una empresa pujante capaz de proveer de energ\u00eda al Interconectado Nacional (240 MW). Fueron los propios trabajadores los que propusieron construir una usina en la boca de mina porque era m\u00e1s barato transportar energ\u00eda que el carb\u00f3n\u201d.<\/p>\n\n\n\n<p>A su juicio, \u201cYCRT es clave para el desarrollo econ\u00f3mico y productivo de la Cuenca Carbon\u00edfera como as\u00ed tambi\u00e9n de toda la provincia de Santa Cruz. Tambi\u00e9n es un punto geopol\u00edtico estrat\u00e9gico en la frontera con Chile que debemos defender a toda costa\u201d.<\/p>\n","protected":false},"excerpt":{"rendered":"<p>\u201cYCRT es clave para el desarrollo econ\u00f3mico y productivo de la Cuenca Carbon\u00edfera como as\u00ed tambi\u00e9n de toda la provincia de Santa Cruz. Tambi\u00e9n es un punto geopol\u00edtico estrat\u00e9gico en la frontera con Chile que debemos defender a toda costa\u201d, replic\u00f3 el secretario General de ATE Nacional, Rodolfo Aguiar, a las menciones del vocero presidencial&#8221;, [&hellip;]<\/p>\n","protected":false},"author":7,"featured_media":41040,"comment_status":"open","ping_status":"open","sticky":false,"template":"","format":"standard","meta":{"_exactmetrics_skip_tracking":false,"_exactmetrics_sitenote_active":false,"_exactmetrics_sitenote_note":"","_exactmetrics_sitenote_category":0,"jnews-multi-image_gallery":[],"jnews_single_post":{"subtitle":"\u201cAdorni dice que la empresa hace 20 a\u00f1os que no produce nada, pero est\u00e1 operativa y extrae m\u00e1s de 1.000 toneladas de carb\u00f3n por d\u00eda. Es una empresa pujante capaz de proveer de energ\u00eda al Interconectado Nacional (240 MW)\", dijo el secretario General de ATE Nacional.. ","format":"standard","video":"","gallery":"","source_name":"","source_url":"","via_name":"","via_url":"","override_template":"0","override":[{"template":"1","single_blog_custom":"","parallax":"1","fullscreen":"1","layout":"no-sidebar-narrow","sidebar":"default-sidebar","second_sidebar":"default-sidebar","sticky_sidebar":"1","share_position":"bottom","share_float_style":"share-monocrhome","show_share_counter":"1","show_view_counter":"1","show_featured":"0","show_post_meta":"1","show_post_author":"0","show_post_author_image":"1","show_post_date":"1","post_date_format":"default","post_date_format_custom":"Y\/m\/d","show_post_category":"1","show_post_reading_time":"0","post_reading_time_wpm":"300","show_zoom_button":"0","zoom_button_out_step":"2","zoom_button_in_step":"3","show_post_tag":"1","show_prev_next_post":"0","show_popup_post":"0","number_popup_post":"1","show_author_box":"0","show_post_related":"1","show_inline_post_related":"0"}],"override_image_size":"0","image_override":[{"single_post_thumbnail_size":"crop-500","single_post_gallery_size":"crop-500"}],"trending_post":"0","trending_post_position":"meta","trending_post_label":"Trending","sponsored_post":"0","sponsored_post_label":"Sponsored by","sponsored_post_name":"","sponsored_post_url":"","sponsored_post_logo_enable":"0","sponsored_post_logo":"","sponsored_post_desc":"","disable_ad":"0"},"jnews_primary_category":{"id":"","hide":""},"jnews_social_meta":{"fb_title":"","fb_description":"","fb_image":"","twitter_title":"","twitter_description":"","twitter_image":""},"jnews_review":[],"enable_review":"0","type":"percentage","name":"","summary":"","brand":"","sku":"","good":[{"good_text":""}],"bad":[{"bad_text":""}],"score_override":"","override_value":"","rating":[{"rating_text":"","rating_number":"10"}],"price":[{"shop":"","price":"","link":"","icon":""}],"jnews_override_counter":{"override_view_counter":"0","view_counter_number":"0","override_share_counter":"0","share_counter_number":"0","override_like_counter":"0","like_counter_number":"0","override_dislike_counter":"0","dislike_counter_number":"0"},"jnews_post_split":{"enable_post_split":"0","post_split":[{"template":"1","tag":"h2","numbering":"asc","mode":"normal","first":"0","enable_toc":"0","toc_type":"normal"}]},"footnotes":""},"categories":[756],"tags":[],"class_list":["post-40914","post","type-post","status-publish","format-standard","has-post-thumbnail","hentry","category-consejo-directivo-nacional-cdn"],"jetpack_featured_media_url":"https:\/\/atecordoba.org\/wp-content\/uploads\/2024\/01\/rody-e1704806866663.jpg","_links":{"self":[{"href":"https:\/\/atecordoba.org\/index.php?rest_route=\/wp\/v2\/posts\/40914","targetHints":{"allow":["GET"]}}],"collection":[{"href":"https:\/\/atecordoba.org\/index.php?rest_route=\/wp\/v2\/posts"}],"about":[{"href":"https:\/\/atecordoba.org\/index.php?rest_route=\/wp\/v2\/types\/post"}],"author":[{"embeddable":true,"href":"https:\/\/atecordoba.org\/index.php?rest_route=\/wp\/v2\/users\/7"}],"replies":[{"embeddable":true,"href":"https:\/\/atecordoba.org\/index.php?rest_route=%2Fwp%2Fv2%2Fcomments&post=40914"}],"version-history":[{"count":2,"href":"https:\/\/atecordoba.org\/index.php?rest_route=\/wp\/v2\/posts\/40914\/revisions"}],"predecessor-version":[{"id":41042,"href":"https:\/\/atecordoba.org\/index.php?rest_route=\/wp\/v2\/posts\/40914\/revisions\/41042"}],"wp:featuredmedia":[{"embeddable":true,"href":"https:\/\/atecordoba.org\/index.php?rest_route=\/wp\/v2\/media\/41040"}],"wp:attachment":[{"href":"https:\/\/atecordoba.org\/index.php?rest_route=%2Fwp%2Fv2%2Fmedia&parent=40914"}],"wp:term":[{"taxonomy":"category","embeddable":true,"href":"https:\/\/atecordoba.org\/index.php?rest_route=%2Fwp%2Fv2%2Fcategories&post=40914"},{"taxonomy":"post_tag","embeddable":true,"href":"https:\/\/atecordoba.org\/index.php?rest_route=%2Fwp%2Fv2%2Ftags&post=40914"}],"curies":[{"name":"wp","href":"https:\/\/api.w.org\/{rel}","templated":true}]}}