{"id":40911,"date":"2024-01-04T15:47:47","date_gmt":"2024-01-04T18:47:47","guid":{"rendered":"https:\/\/atecordoba.org\/?p=40911"},"modified":"2024-01-04T15:47:47","modified_gmt":"2024-01-04T18:47:47","slug":"ate-denuncia-feminizacion-de-los-despidos-de-llaryora-en-la-provincia","status":"publish","type":"post","link":"https:\/\/atecordoba.org\/?p=40911","title":{"rendered":"ATE denuncia feminizaci\u00f3n de los despidos de Llaryora en la Provincia"},"content":{"rendered":"\n<p><\/p>\n\n\n<div class=\"wp-block-image\">\n<figure class=\"aligncenter size-large is-resized\"><img loading=\"lazy\" decoding=\"async\" src=\"https:\/\/atecordoba.org\/wp-content\/uploads\/2023\/12\/WhatsApp-Image-2023-12-29-at-12.16.01-771x1024.jpeg\" alt=\"\" class=\"wp-image-40809\" width=\"578\" height=\"768\" srcset=\"https:\/\/atecordoba.org\/wp-content\/uploads\/2023\/12\/WhatsApp-Image-2023-12-29-at-12.16.01-771x1024.jpeg 771w, https:\/\/atecordoba.org\/wp-content\/uploads\/2023\/12\/WhatsApp-Image-2023-12-29-at-12.16.01-226x300.jpeg 226w, https:\/\/atecordoba.org\/wp-content\/uploads\/2023\/12\/WhatsApp-Image-2023-12-29-at-12.16.01-768x1021.jpeg 768w, https:\/\/atecordoba.org\/wp-content\/uploads\/2023\/12\/WhatsApp-Image-2023-12-29-at-12.16.01-1156x1536.jpeg 1156w, https:\/\/atecordoba.org\/wp-content\/uploads\/2023\/12\/WhatsApp-Image-2023-12-29-at-12.16.01-750x997.jpeg 750w, https:\/\/atecordoba.org\/wp-content\/uploads\/2023\/12\/WhatsApp-Image-2023-12-29-at-12.16.01-1140x1515.jpeg 1140w, https:\/\/atecordoba.org\/wp-content\/uploads\/2023\/12\/WhatsApp-Image-2023-12-29-at-12.16.01.jpeg 1204w\" sizes=\"auto, (max-width: 578px) 100vw, 578px\" \/><\/figure>\n<\/div>\n\n\n<p>La Secretaria de G\u00e9nero y Diversidad de\u00a0ATE C\u00f3rdoba repudi\u00f3 los despidos a trabajadoras y trabajadores de la SENAF, dependiente ahora del Ministerio de Desarrollo Humano, y del Ministerio de Salud de la provincia. &#8220;Son despidos sufridos en un 80% por mujeres, jefas de hogar de familias monomarentales y, sin dud,a consecuencia de la precarizaci\u00f3n a la que ven\u00edan sometidas&#8221;, dijo la secretaria del \u00e1rea en nuestro gremio, Mar\u00eda Spaventa.<\/p>\n\n\n\n<p>En este accionar por parte del Gobierno de Mart\u00edn Llaryora evidencia el retroceso en materia de derechos de las mujeres ya que no solo elimin\u00f3 el Ministerio de las Mujeres, degrad\u00e1ndolo a Secretar\u00eda, sino que ahora deja sin ingreso econ\u00f3mico a estas mujeres y sus familias. <\/p>\n\n\n\n<p>A los despidos de Senaf se suman los del sector de Salud, en su mayor\u00eda enfermeras. &#8220;Este proceso conduce a una feminizaci\u00f3n de la pobreza, en una provincia en la que mas del 50 por ciento de l@s ni\u00f1@s son pobres. En el caso de SENAF, como agravante de esta situaci\u00f3n, se trata de compa\u00f1eras que realizan un trabajo de cuidado y acompa\u00f1amiento a j\u00f3venes en situaci\u00f3n de vulnerabilidad social&#8221;, remarc\u00f3 Spaventa.<\/p>\n\n\n\n<p>Y se\u00f1al\u00f3 que: &#8220;en un marco donde no existi\u00f3 ninguna medida de cuidado por parte de la patronal, nuestro sindicato ATE siempre acompa\u00f1\u00f3 los justos reclamos y denuncias de las compa\u00f1eras de la SENAF por tratarse de un trabajo de riesgo, mal pago y precarizado. Como Secretar\u00eda de G\u00e9nero y Diversidad de ATE es nuestro compromiso visibilizar este ataque a nuestros derechos y evidenciar el recorte en las pol\u00edticas de cuidado, en un Estado en el que no sobran trabajadoras sino que faltan derechos y pol\u00edticas p\u00fablicas que los garanticen&#8221;, concluy\u00f3 la dirigente.<\/p>\n","protected":false},"excerpt":{"rendered":"<p>La Secretaria de G\u00e9nero y Diversidad de\u00a0ATE C\u00f3rdoba repudi\u00f3 los despidos a trabajadoras y trabajadores de la SENAF, dependiente ahora del Ministerio de Desarrollo Humano, y del Ministerio de Salud de la provincia. &#8220;Son despidos sufridos en un 80% por mujeres, jefas de hogar de familias monomarentales y, sin dud,a consecuencia de la precarizaci\u00f3n a [&hellip;]<\/p>\n","protected":false},"author":7,"featured_media":40810,"comment_status":"open","ping_status":"open","sticky":false,"template":"","format":"standard","meta":{"_exactmetrics_skip_tracking":false,"_exactmetrics_sitenote_active":false,"_exactmetrics_sitenote_note":"","_exactmetrics_sitenote_category":0,"jnews-multi-image_gallery":[],"jnews_single_post":{"subtitle":"\"Nuestro compromiso visibilizar este ataque a los derechos laborales y evidenciar el recorte en las pol\u00edticas de cuidado, en un Estado donde no sobran trabajadoras sino que faltan derechos y pol\u00edticas p\u00fablicas que los garanticen\", dijo la secretaria de G\u00e9nero y Diversidad del Consejo Directivo Provincial, Mar\u00eda Spaventa. ","format":"standard","video":"","gallery":"","source_name":"","source_url":"","via_name":"","via_url":"","override_template":"0","override":[{"template":"1","single_blog_custom":"","parallax":"1","fullscreen":"1","layout":"no-sidebar-narrow","sidebar":"default-sidebar","second_sidebar":"default-sidebar","sticky_sidebar":"1","share_position":"bottom","share_float_style":"share-monocrhome","show_share_counter":"1","show_view_counter":"1","show_featured":"0","show_post_meta":"1","show_post_author":"0","show_post_author_image":"1","show_post_date":"1","post_date_format":"default","post_date_format_custom":"Y\/m\/d","show_post_category":"1","show_post_reading_time":"0","post_reading_time_wpm":"300","show_zoom_button":"0","zoom_button_out_step":"2","zoom_button_in_step":"3","show_post_tag":"1","show_prev_next_post":"0","show_popup_post":"0","number_popup_post":"1","show_author_box":"0","show_post_related":"1","show_inline_post_related":"0"}],"override_image_size":"0","image_override":[{"single_post_thumbnail_size":"crop-500","single_post_gallery_size":"crop-500"}],"trending_post":"0","trending_post_position":"meta","trending_post_label":"Trending","sponsored_post":"0","sponsored_post_label":"Sponsored by","sponsored_post_name":"","sponsored_post_url":"","sponsored_post_logo_enable":"0","sponsored_post_logo":"","sponsored_post_desc":"","disable_ad":"0"},"jnews_primary_category":{"id":"","hide":""},"jnews_social_meta":{"fb_title":"","fb_description":"","fb_image":"","twitter_title":"","twitter_description":"","twitter_image":""},"jnews_review":[],"enable_review":"0","type":"percentage","name":"","summary":"","brand":"","sku":"","good":[{"good_text":""}],"bad":[{"bad_text":""}],"score_override":"","override_value":"","rating":[{"rating_text":"","rating_number":"10"}],"price":[{"shop":"","price":"","link":"","icon":""}],"jnews_override_counter":{"override_view_counter":"0","view_counter_number":"0","override_share_counter":"0","share_counter_number":"0","override_like_counter":"0","like_counter_number":"0","override_dislike_counter":"0","dislike_counter_number":"0"},"jnews_post_split":{"enable_post_split":"0","post_split":[{"template":"1","tag":"h2","numbering":"asc","mode":"normal","first":"0","enable_toc":"0","toc_type":"normal"}]},"footnotes":""},"categories":[325],"tags":[],"class_list":["post-40911","post","type-post","status-publish","format-standard","has-post-thumbnail","hentry","category-generos-y-diversidades"],"jetpack_featured_media_url":"https:\/\/atecordoba.org\/wp-content\/uploads\/2023\/12\/chicasmicaela-e1704394049916.jpeg","_links":{"self":[{"href":"https:\/\/atecordoba.org\/index.php?rest_route=\/wp\/v2\/posts\/40911","targetHints":{"allow":["GET"]}}],"collection":[{"href":"https:\/\/atecordoba.org\/index.php?rest_route=\/wp\/v2\/posts"}],"about":[{"href":"https:\/\/atecordoba.org\/index.php?rest_route=\/wp\/v2\/types\/post"}],"author":[{"embeddable":true,"href":"https:\/\/atecordoba.org\/index.php?rest_route=\/wp\/v2\/users\/7"}],"replies":[{"embeddable":true,"href":"https:\/\/atecordoba.org\/index.php?rest_route=%2Fwp%2Fv2%2Fcomments&post=40911"}],"version-history":[{"count":1,"href":"https:\/\/atecordoba.org\/index.php?rest_route=\/wp\/v2\/posts\/40911\/revisions"}],"predecessor-version":[{"id":40912,"href":"https:\/\/atecordoba.org\/index.php?rest_route=\/wp\/v2\/posts\/40911\/revisions\/40912"}],"wp:featuredmedia":[{"embeddable":true,"href":"https:\/\/atecordoba.org\/index.php?rest_route=\/wp\/v2\/media\/40810"}],"wp:attachment":[{"href":"https:\/\/atecordoba.org\/index.php?rest_route=%2Fwp%2Fv2%2Fmedia&parent=40911"}],"wp:term":[{"taxonomy":"category","embeddable":true,"href":"https:\/\/atecordoba.org\/index.php?rest_route=%2Fwp%2Fv2%2Fcategories&post=40911"},{"taxonomy":"post_tag","embeddable":true,"href":"https:\/\/atecordoba.org\/index.php?rest_route=%2Fwp%2Fv2%2Ftags&post=40911"}],"curies":[{"name":"wp","href":"https:\/\/api.w.org\/{rel}","templated":true}]}}