{"id":40905,"date":"2024-01-04T15:25:17","date_gmt":"2024-01-04T18:25:17","guid":{"rendered":"https:\/\/atecordoba.org\/?p=40905"},"modified":"2024-01-04T15:26:01","modified_gmt":"2024-01-04T18:26:01","slug":"en-audiencia-con-desarrollo-humano-ate-exigio-la-reincorporacion-de-las-y-los-despedidos-de-la-senaf","status":"publish","type":"post","link":"https:\/\/atecordoba.org\/?p=40905","title":{"rendered":"En audiencia con Desarrollo Humano ATE exigi\u00f3 la reincorporaci\u00f3n de las y los despedidos de la SENAF"},"content":{"rendered":"<div class=\"wp-block-image\">\n<figure class=\"aligncenter size-large is-resized\"><img loading=\"lazy\" decoding=\"async\" src=\"https:\/\/atecordoba.org\/wp-content\/uploads\/2024\/01\/WhatsApp-Image-2024-01-04-at-14.13.57-1024x768.jpeg\" alt=\"\" class=\"wp-image-40906\" width=\"768\" height=\"576\" srcset=\"https:\/\/atecordoba.org\/wp-content\/uploads\/2024\/01\/WhatsApp-Image-2024-01-04-at-14.13.57-1024x768.jpeg 1024w, https:\/\/atecordoba.org\/wp-content\/uploads\/2024\/01\/WhatsApp-Image-2024-01-04-at-14.13.57-300x225.jpeg 300w, https:\/\/atecordoba.org\/wp-content\/uploads\/2024\/01\/WhatsApp-Image-2024-01-04-at-14.13.57-768x576.jpeg 768w, https:\/\/atecordoba.org\/wp-content\/uploads\/2024\/01\/WhatsApp-Image-2024-01-04-at-14.13.57-1536x1152.jpeg 1536w, https:\/\/atecordoba.org\/wp-content\/uploads\/2024\/01\/WhatsApp-Image-2024-01-04-at-14.13.57-750x563.jpeg 750w, https:\/\/atecordoba.org\/wp-content\/uploads\/2024\/01\/WhatsApp-Image-2024-01-04-at-14.13.57-1140x855.jpeg 1140w, https:\/\/atecordoba.org\/wp-content\/uploads\/2024\/01\/WhatsApp-Image-2024-01-04-at-14.13.57.jpeg 1600w\" sizes=\"auto, (max-width: 768px) 100vw, 768px\" \/><\/figure>\n<\/div>\n\n\n<p>Esta ma\u00f1ana ATE mantuvo una audiencia con funcionarios del nuevo Ministerio de Desarrollo Humano donde se abord\u00f3 el despido de 63 compa\u00f1eras y compa\u00f1eros de la Secretaria de Ni\u00f1ez, Adolescencia y Familia (SENAF). <\/p>\n\n\n\n<p>La delegaci\u00f3n de ATE estuvo integrada por las y los secretarios Gremial, Jorge Chalup, de Formaci\u00f3n, Irina Silbernan, y de Derechos Humanos, C\u00e9sar Theaux, junto a la delegada Virginia Ayala y el delegado Humberto Cabral. <\/p>\n\n\n\n<p>La audiencia se obtuvo tras realizarse un plenario de delegadas y delegados provinciales en sede de ATE, donde se resolvi\u00f3 avanzar en el pedido de una Mesa de Di\u00e1logo con la cartera que ahora conduce la ministra Liliana Montero. <\/p>\n\n\n\n<p>Una vez en la sede del Ministerio, los funcionarios se comprometieron a trasladar a Montero los planteos de ATE.<\/p>\n\n\n\n<figure class=\"wp-block-gallery has-nested-images columns-default is-cropped wp-block-gallery-1 is-layout-flex wp-block-gallery-is-layout-flex\">\n<figure class=\"wp-block-image size-large\"><img loading=\"lazy\" decoding=\"async\" width=\"1024\" height=\"768\" data-id=\"40908\" src=\"https:\/\/atecordoba.org\/wp-content\/uploads\/2024\/01\/WhatsApp-Image-2024-01-04-at-14.13.58-1024x768.jpeg\" alt=\"\" class=\"wp-image-40908\" srcset=\"https:\/\/atecordoba.org\/wp-content\/uploads\/2024\/01\/WhatsApp-Image-2024-01-04-at-14.13.58-1024x768.jpeg 1024w, https:\/\/atecordoba.org\/wp-content\/uploads\/2024\/01\/WhatsApp-Image-2024-01-04-at-14.13.58-300x225.jpeg 300w, https:\/\/atecordoba.org\/wp-content\/uploads\/2024\/01\/WhatsApp-Image-2024-01-04-at-14.13.58-768x576.jpeg 768w, https:\/\/atecordoba.org\/wp-content\/uploads\/2024\/01\/WhatsApp-Image-2024-01-04-at-14.13.58-1536x1152.jpeg 1536w, https:\/\/atecordoba.org\/wp-content\/uploads\/2024\/01\/WhatsApp-Image-2024-01-04-at-14.13.58-750x563.jpeg 750w, https:\/\/atecordoba.org\/wp-content\/uploads\/2024\/01\/WhatsApp-Image-2024-01-04-at-14.13.58-1140x855.jpeg 1140w, https:\/\/atecordoba.org\/wp-content\/uploads\/2024\/01\/WhatsApp-Image-2024-01-04-at-14.13.58.jpeg 1600w\" sizes=\"auto, (max-width: 1024px) 100vw, 1024px\" \/><\/figure>\n\n\n\n<figure class=\"wp-block-image size-large\"><img loading=\"lazy\" decoding=\"async\" width=\"1024\" height=\"768\" data-id=\"40907\" src=\"https:\/\/atecordoba.org\/wp-content\/uploads\/2024\/01\/WhatsApp-Image-2024-01-04-at-14.13.57-1-1024x768.jpeg\" alt=\"\" class=\"wp-image-40907\" srcset=\"https:\/\/atecordoba.org\/wp-content\/uploads\/2024\/01\/WhatsApp-Image-2024-01-04-at-14.13.57-1-1024x768.jpeg 1024w, https:\/\/atecordoba.org\/wp-content\/uploads\/2024\/01\/WhatsApp-Image-2024-01-04-at-14.13.57-1-300x225.jpeg 300w, https:\/\/atecordoba.org\/wp-content\/uploads\/2024\/01\/WhatsApp-Image-2024-01-04-at-14.13.57-1-768x576.jpeg 768w, https:\/\/atecordoba.org\/wp-content\/uploads\/2024\/01\/WhatsApp-Image-2024-01-04-at-14.13.57-1-1536x1152.jpeg 1536w, https:\/\/atecordoba.org\/wp-content\/uploads\/2024\/01\/WhatsApp-Image-2024-01-04-at-14.13.57-1-750x563.jpeg 750w, https:\/\/atecordoba.org\/wp-content\/uploads\/2024\/01\/WhatsApp-Image-2024-01-04-at-14.13.57-1-1140x855.jpeg 1140w, https:\/\/atecordoba.org\/wp-content\/uploads\/2024\/01\/WhatsApp-Image-2024-01-04-at-14.13.57-1.jpeg 1600w\" sizes=\"auto, (max-width: 1024px) 100vw, 1024px\" \/><\/figure>\n<\/figure>\n\n\n\n<p>&#8220;Les reclamamos sobre la informalidad de los despidos 63 despidos, realizados por WhatsApp, un procedimiento muy desprolijo para el Estado. Y en ese marco, exigimos la reincorporaci\u00f3n de las y los despedidos, as\u00ed como el pago de salarios de diciembre ya que las ONGs que tercerizan las contrataci\u00f3n de los trabajadores aducen que no tienen novedades de pago&#8221;, explic\u00f3 Silberman. <\/p>\n\n\n\n<p>\u201cLe trasmitimos que las y los trabajadores de SENAF nos encontramos en estado de alerta y movilizaci\u00f3n ante el atropello que sufrimos y que cuando se revisen las bajas, y se renueven los contratos, debemos dejar de ser monotributistas. El Gobierno de C\u00f3rdoba debe garantizar contratos y salarios dignos, acorde a las funciones que cumplimos en cada una de las dependencias&#8221;, a\u00f1adi\u00f3.<\/p>\n\n\n\n<p>Los funcionarios se comprometieron a dar inicio a una mesa de di\u00e1logo con la ministra, de forma que la comitiva de ATE queda a la espera que se concrete la convocatoria la semana que viene.<\/p>\n\n\n\n<p>&#8220;Liliana Montero sabe la situaci\u00f3n que atravesamos porque ella fue como legisladora quien interpuso en su momento un habeas corpus que abri\u00f3 la puerta a la designaci\u00f3n de todo el personal que ahora est\u00e1 despedido en el Complejo Esperanza&#8221;, afirm\u00f3 Silberman. &#8220;Y sabe que hoy esos j\u00f3venes usuarios del sistema no tiene hoy sus derechos garantizados&#8221;, concluy\u00f3.<\/p>\n","protected":false},"excerpt":{"rendered":"<p>Esta ma\u00f1ana ATE mantuvo una audiencia con funcionarios del nuevo Ministerio de Desarrollo Humano donde se abord\u00f3 el despido de 63 compa\u00f1eras y compa\u00f1eros de la Secretaria de Ni\u00f1ez, Adolescencia y Familia (SENAF). La delegaci\u00f3n de ATE estuvo integrada por las y los secretarios Gremial, Jorge Chalup, de Formaci\u00f3n, Irina Silbernan, y de Derechos Humanos, [&hellip;]<\/p>\n","protected":false},"author":7,"featured_media":40906,"comment_status":"open","ping_status":"open","sticky":false,"template":"","format":"standard","meta":{"_exactmetrics_skip_tracking":false,"_exactmetrics_sitenote_active":false,"_exactmetrics_sitenote_note":"","_exactmetrics_sitenote_category":0,"jnews-multi-image_gallery":[],"jnews_single_post":{"subtitle":"\u201cLe trasmitimos que las y los trabajadores de SENAF nos encontramos en estado de alerta y movilizaci\u00f3n ante el atropello que sufrimos y que cuando se revisen las 63 bajas, que deben ser reincorporadas en su totalidad, tenemos que dejar de ser monotributistas. El Gobierno de C\u00f3rdoba debe garantizar contratos y salarios dignos, acorde a las funciones que cumplimos en cada una de las dependencias\", explic\u00f3 al salir de la reuni\u00f3n la secretaria de Formaci\u00f3n de ATE, Irina Silberman.","format":"standard","video":"","gallery":"","source_name":"","source_url":"","via_name":"","via_url":"","override_template":"0","override":[{"template":"1","single_blog_custom":"","parallax":"1","fullscreen":"1","layout":"no-sidebar-narrow","sidebar":"default-sidebar","second_sidebar":"default-sidebar","sticky_sidebar":"1","share_position":"bottom","share_float_style":"share-monocrhome","show_share_counter":"1","show_view_counter":"1","show_featured":"0","show_post_meta":"1","show_post_author":"0","show_post_author_image":"1","show_post_date":"1","post_date_format":"default","post_date_format_custom":"Y\/m\/d","show_post_category":"1","show_post_reading_time":"0","post_reading_time_wpm":"300","show_zoom_button":"0","zoom_button_out_step":"2","zoom_button_in_step":"3","show_post_tag":"1","show_prev_next_post":"0","show_popup_post":"0","number_popup_post":"1","show_author_box":"0","show_post_related":"1","show_inline_post_related":"0"}],"override_image_size":"0","image_override":[{"single_post_thumbnail_size":"crop-500","single_post_gallery_size":"crop-500"}],"trending_post":"0","trending_post_position":"meta","trending_post_label":"Trending","sponsored_post":"0","sponsored_post_label":"Sponsored by","sponsored_post_name":"","sponsored_post_url":"","sponsored_post_logo_enable":"0","sponsored_post_logo":"","sponsored_post_desc":"","disable_ad":"0"},"jnews_primary_category":{"id":"","hide":""},"jnews_social_meta":{"fb_title":"","fb_description":"","fb_image":"","twitter_title":"","twitter_description":"","twitter_image":""},"jnews_review":[],"enable_review":"0","type":"percentage","name":"","summary":"","brand":"","sku":"","good":[{"good_text":""}],"bad":[{"bad_text":""}],"score_override":"","override_value":"","rating":[{"rating_text":"","rating_number":"10"}],"price":[{"shop":"","price":"","link":"","icon":""}],"jnews_override_counter":{"override_view_counter":"0","view_counter_number":"0","override_share_counter":"0","share_counter_number":"0","override_like_counter":"0","like_counter_number":"0","override_dislike_counter":"0","dislike_counter_number":"0"},"jnews_post_split":{"enable_post_split":"0","post_split":[{"template":"1","tag":"h2","numbering":"asc","mode":"normal","first":"0","enable_toc":"0","toc_type":"normal"}]},"footnotes":""},"categories":[8],"tags":[],"class_list":["post-40905","post","type-post","status-publish","format-standard","has-post-thumbnail","hentry","category-provinciales"],"jetpack_featured_media_url":"https:\/\/atecordoba.org\/wp-content\/uploads\/2024\/01\/WhatsApp-Image-2024-01-04-at-14.13.57.jpeg","_links":{"self":[{"href":"https:\/\/atecordoba.org\/index.php?rest_route=\/wp\/v2\/posts\/40905","targetHints":{"allow":["GET"]}}],"collection":[{"href":"https:\/\/atecordoba.org\/index.php?rest_route=\/wp\/v2\/posts"}],"about":[{"href":"https:\/\/atecordoba.org\/index.php?rest_route=\/wp\/v2\/types\/post"}],"author":[{"embeddable":true,"href":"https:\/\/atecordoba.org\/index.php?rest_route=\/wp\/v2\/users\/7"}],"replies":[{"embeddable":true,"href":"https:\/\/atecordoba.org\/index.php?rest_route=%2Fwp%2Fv2%2Fcomments&post=40905"}],"version-history":[{"count":1,"href":"https:\/\/atecordoba.org\/index.php?rest_route=\/wp\/v2\/posts\/40905\/revisions"}],"predecessor-version":[{"id":40909,"href":"https:\/\/atecordoba.org\/index.php?rest_route=\/wp\/v2\/posts\/40905\/revisions\/40909"}],"wp:featuredmedia":[{"embeddable":true,"href":"https:\/\/atecordoba.org\/index.php?rest_route=\/wp\/v2\/media\/40906"}],"wp:attachment":[{"href":"https:\/\/atecordoba.org\/index.php?rest_route=%2Fwp%2Fv2%2Fmedia&parent=40905"}],"wp:term":[{"taxonomy":"category","embeddable":true,"href":"https:\/\/atecordoba.org\/index.php?rest_route=%2Fwp%2Fv2%2Fcategories&post=40905"},{"taxonomy":"post_tag","embeddable":true,"href":"https:\/\/atecordoba.org\/index.php?rest_route=%2Fwp%2Fv2%2Ftags&post=40905"}],"curies":[{"name":"wp","href":"https:\/\/api.w.org\/{rel}","templated":true}]}}