{"id":40895,"date":"2024-01-03T16:16:19","date_gmt":"2024-01-03T19:16:19","guid":{"rendered":"https:\/\/atecordoba.org\/?p=40895"},"modified":"2024-01-03T16:16:20","modified_gmt":"2024-01-03T19:16:20","slug":"dnu-justicia-del-trabajo-suspendio-la-reforma-laboral-de-milei","status":"publish","type":"post","link":"https:\/\/atecordoba.org\/?p=40895","title":{"rendered":"DNU: Justicia del Trabajo suspendi\u00f3 la reforma laboral de Milei"},"content":{"rendered":"<div class=\"wp-block-image\">\n<figure class=\"aligncenter size-full is-resized\"><img loading=\"lazy\" decoding=\"async\" src=\"https:\/\/atecordoba.org\/wp-content\/uploads\/2024\/01\/milei.jpg\" alt=\"\" class=\"wp-image-40896\" width=\"464\" height=\"309\" srcset=\"https:\/\/atecordoba.org\/wp-content\/uploads\/2024\/01\/milei.jpg 360w, https:\/\/atecordoba.org\/wp-content\/uploads\/2024\/01\/milei-300x200.jpg 300w\" sizes=\"auto, (max-width: 464px) 100vw, 464px\" \/><\/figure>\n<\/div>\n\n\n<p>&#8220;Desde ATE y CTA sostuvimos desde un primer momento que la reforma laboral que plantea el Mega DNU de Milei es INCONSTITUCIONAL. Hoy, la C\u00e1mara del Trabajo suspendi\u00f3 sus efectos y nos da la raz\u00f3n. Los derechos del pueblo trabajador no son privilegios, son conquistas INNEGOCIABLES del movimiento obrero organizado&#8221;, dijo hoy el secretario General de ATE C\u00f3rdoba, Federico Giuliani, al celebrar la medida cautelar dictada por la C\u00e1mara Nacional de Apelaciones del Trabajo. <\/p>\n\n\n\n<p>El tribunal ordena suspender los efectos de la reforma laboral incluida en el Decreto de Necesidad y Urgencia (DNU) que firm\u00f3, con fines abiertamente inconstitucionales, el Presidente Javier Milei. En los hechos, la medida cautelar dictada por la CNAT suspende los efectos del DNU 70\/23 en materia laboral y puede ser utilizada por cualquier trabajador u organizaci\u00f3n, independientemente de que est\u00e9n o no afiliados a la CGT (central que promovi\u00f3 el amparo), debido a su car\u00e1cter colectivo. <\/p>\n\n\n\n<p>Los magistrados consideraron que el Poder Ejecutivo no justific\u00f3 la necesidad y la urgencia para obviar el tr\u00e1mite normal de sanci\u00f3n de las leyes, m\u00e1s cuando se tratan de reformas permanentes que afectan a los derechos de los trabajadores y modifican normas que integran el derecho penal laboral. Es decir que en vez de un DNU, Milei debi\u00f3 enviar un proyecto de ley al Congreso Nacional si pretende modificar el conjunto de la normativa legal que regula el trabajo en Argentina, as\u00ed como la actividad de las organizaciones sindicales, entre otros puntos. <\/p>\n\n\n\n<p>La CGT impugno en la Justicia exclusivamente el Cap\u00edtulo IV del DNU relativo al mundo del trabajo, no el resto del decreto.<\/p>\n\n\n\n<p>Los magistrados Jos\u00e9 Alejandro Sudera y Andrea Garc\u00eda Vior, consideraron que en el DNU N\u00ba70\/2023 &#8220;no se evidenciar\u00eda objetivamente la \u201cnecesidad\u201d de adoptar tan numerosas medidas y que, aunque ello pudiera -hipot\u00e9ticamente- intentar justificarse en la referencias gen\u00e9ricas a \u201cun hecho demostrado\u201d, lo cierto y jur\u00eddicamente relevante es que no se avizorar\u00edan las que se alegan constituyan razones de \u201curgencia\u201d para eludir la debida intervenci\u00f3n del Poder Legislativo en lo que hace a la legislaci\u00f3n de fondo (&#8230;)&#8221;. <\/p>\n\n\n\n<p>Es decir, ni de necesidad ni de urgencia, el capitulo laboral del decreto 70\/23 debe quedar sin efecto hasta que se resuelva la cuesti\u00f3n de fondo, su inconstitucionalidad.<\/p>\n\n\n\n<p>Como explic\u00f3 el compa\u00f1ero Luis Campos, integrante del Instituto de Estudios y Formaci\u00f3n de la CTA Aut\u00f3noma, &#8220;03-01-2024. &#8220;En cualquier caso, la cuesti\u00f3n jur\u00eddica terminar\u00e1 defini\u00e9ndose en la Corte Suprema de Justicia de la Naci\u00f3n, quien en la demanda presentada por la provincia de La Rioja ya adelant\u00f3 que<br>tiene intenciones de hacerlo en el mes de febrero. (&#8230;). Pero esta medida cautelar constituye un avance muy importante en la lucha contra la reforma laboral contenida en el DNU 70\/23. En el plano pol\u00edtico, la continuidad de las acciones colectivas seguir\u00e1 siendo el eje central de la resistencia social contra esta medida&#8221;.<\/p>\n\n\n\n<p> <\/p>\n","protected":false},"excerpt":{"rendered":"<p>&#8220;Desde ATE y CTA sostuvimos desde un primer momento que la reforma laboral que plantea el Mega DNU de Milei es INCONSTITUCIONAL. Hoy, la C\u00e1mara del Trabajo suspendi\u00f3 sus efectos y nos da la raz\u00f3n. Los derechos del pueblo trabajador no son privilegios, son conquistas INNEGOCIABLES del movimiento obrero organizado&#8221;, dijo hoy el secretario General [&hellip;]<\/p>\n","protected":false},"author":7,"featured_media":40896,"comment_status":"open","ping_status":"open","sticky":false,"template":"","format":"standard","meta":{"_exactmetrics_skip_tracking":false,"_exactmetrics_sitenote_active":false,"_exactmetrics_sitenote_note":"","_exactmetrics_sitenote_category":0,"jnews-multi-image_gallery":[],"jnews_single_post":{"subtitle":"\"Los derechos del pueblo trabajador no son privilegios, son conquistas innegociables del movimiento obrero organizado\", dijo el secretario General de ATE C\u00f3rdoba, Federico Giuliani.","format":"standard","video":"","gallery":"","source_name":"","source_url":"","via_name":"","via_url":"","override_template":"0","override":[{"template":"1","single_blog_custom":"","parallax":"1","fullscreen":"1","layout":"no-sidebar-narrow","sidebar":"default-sidebar","second_sidebar":"default-sidebar","sticky_sidebar":"1","share_position":"bottom","share_float_style":"share-monocrhome","show_share_counter":"1","show_view_counter":"1","show_featured":"0","show_post_meta":"1","show_post_author":"0","show_post_author_image":"1","show_post_date":"1","post_date_format":"default","post_date_format_custom":"Y\/m\/d","show_post_category":"1","show_post_reading_time":"0","post_reading_time_wpm":"300","show_zoom_button":"0","zoom_button_out_step":"2","zoom_button_in_step":"3","show_post_tag":"1","show_prev_next_post":"0","show_popup_post":"0","number_popup_post":"1","show_author_box":"0","show_post_related":"1","show_inline_post_related":"0"}],"override_image_size":"0","image_override":[{"single_post_thumbnail_size":"crop-500","single_post_gallery_size":"crop-500"}],"trending_post":"0","trending_post_position":"meta","trending_post_label":"Trending","sponsored_post":"0","sponsored_post_label":"Sponsored by","sponsored_post_name":"","sponsored_post_url":"","sponsored_post_logo_enable":"0","sponsored_post_logo":"","sponsored_post_desc":"","disable_ad":"0"},"jnews_primary_category":{"id":"","hide":""},"jnews_social_meta":{"fb_title":"","fb_description":"","fb_image":"","twitter_title":"","twitter_description":"","twitter_image":""},"jnews_review":[],"enable_review":"0","type":"percentage","name":"","summary":"","brand":"","sku":"","good":[{"good_text":""}],"bad":[{"bad_text":""}],"score_override":"","override_value":"","rating":[{"rating_text":"","rating_number":"10"}],"price":[{"shop":"","price":"","link":"","icon":""}],"jnews_override_counter":{"override_view_counter":"0","view_counter_number":"0","override_share_counter":"0","share_counter_number":"0","override_like_counter":"0","like_counter_number":"0","override_dislike_counter":"0","dislike_counter_number":"0"},"jnews_post_split":{"enable_post_split":"0","post_split":[{"template":"1","tag":"h2","numbering":"asc","mode":"normal","first":"0","enable_toc":"0","toc_type":"normal"}]},"footnotes":""},"categories":[10],"tags":[],"class_list":["post-40895","post","type-post","status-publish","format-standard","has-post-thumbnail","hentry","category-accion-politica"],"jetpack_featured_media_url":"https:\/\/atecordoba.org\/wp-content\/uploads\/2024\/01\/milei.jpg","_links":{"self":[{"href":"https:\/\/atecordoba.org\/index.php?rest_route=\/wp\/v2\/posts\/40895","targetHints":{"allow":["GET"]}}],"collection":[{"href":"https:\/\/atecordoba.org\/index.php?rest_route=\/wp\/v2\/posts"}],"about":[{"href":"https:\/\/atecordoba.org\/index.php?rest_route=\/wp\/v2\/types\/post"}],"author":[{"embeddable":true,"href":"https:\/\/atecordoba.org\/index.php?rest_route=\/wp\/v2\/users\/7"}],"replies":[{"embeddable":true,"href":"https:\/\/atecordoba.org\/index.php?rest_route=%2Fwp%2Fv2%2Fcomments&post=40895"}],"version-history":[{"count":1,"href":"https:\/\/atecordoba.org\/index.php?rest_route=\/wp\/v2\/posts\/40895\/revisions"}],"predecessor-version":[{"id":40897,"href":"https:\/\/atecordoba.org\/index.php?rest_route=\/wp\/v2\/posts\/40895\/revisions\/40897"}],"wp:featuredmedia":[{"embeddable":true,"href":"https:\/\/atecordoba.org\/index.php?rest_route=\/wp\/v2\/media\/40896"}],"wp:attachment":[{"href":"https:\/\/atecordoba.org\/index.php?rest_route=%2Fwp%2Fv2%2Fmedia&parent=40895"}],"wp:term":[{"taxonomy":"category","embeddable":true,"href":"https:\/\/atecordoba.org\/index.php?rest_route=%2Fwp%2Fv2%2Fcategories&post=40895"},{"taxonomy":"post_tag","embeddable":true,"href":"https:\/\/atecordoba.org\/index.php?rest_route=%2Fwp%2Fv2%2Ftags&post=40895"}],"curies":[{"name":"wp","href":"https:\/\/api.w.org\/{rel}","templated":true}]}}