{"id":4088,"date":"2014-04-28T17:58:58","date_gmt":"2014-04-28T20:58:58","guid":{"rendered":"http:\/\/www.atecordoba.org\/?p=4088"},"modified":"2014-04-28T17:58:58","modified_gmt":"2014-04-28T20:58:58","slug":"28-de-abril-dia-mundial-de-la-seguridad-y-salud-en-el-trabajo","status":"publish","type":"post","link":"https:\/\/atecordoba.org\/?p=4088","title":{"rendered":"28 de abril, D\u00eda Mundial de la Seguridad y Salud en el Trabajo"},"content":{"rendered":"<p><em>La Organizaci\u00f3n Internacional del Trabajo (OIT), organismo dependiente de las Naciones Unidas, reconoce hoy 28 de abril como el D\u00eda Mundial de la Seguridad y Salud en el Trabajo 2014, una fecha muy a tener en cuenta por los trabajadores de todo el mundo.<\/em><\/p>\n<p><a href=\"http:\/\/www.atecordoba.org\/wp-content\/uploads\/2014\/04\/logo-oit.jpg\"><img loading=\"lazy\" decoding=\"async\" class=\"aligncenter size-full wp-image-4089\" alt=\"logo oit\" src=\"http:\/\/www.atecordoba.org\/wp-content\/uploads\/2014\/04\/logo-oit.jpg\" width=\"231\" height=\"219\" \/><\/a><\/p>\n<p>Para este a\u00f1o, el lema escogido por la organizaci\u00f3n es el de &#8220;La seguridad y la salud en el uso de productos qu\u00edmicos en el trabajo&#8221;, poniendo especial hincapi\u00e9 en los peligros de manipular este tipo de sustancias en el \u00e1mbito laboral.<\/p>\n<p>Asimismo, la OIT ha elaborado este a\u00f1o una gu\u00eda para trabajar con seguridad con este tipo de productos para evitar as\u00ed cualquier tipo de accidente laboral relacionado. Para ello, pide la m\u00e1xima difusi\u00f3n del mismo por parte de estados y organizaciones. Esta fecha tambi\u00e9n sirve para recordar a todas aquellas personas que perdieron la vida mientras trabajaban. La primera de estas celebraciones se remonta a 1984, siendo instaurada por el sindicato Canadian Union of Public Employees de Canad\u00e1.<\/p>\n","protected":false},"excerpt":{"rendered":"<p>La Organizaci\u00f3n Internacional del Trabajo (OIT), organismo dependiente de las Naciones Unidas, reconoce hoy 28 de abril como el D\u00eda Mundial de la Seguridad y Salud en el Trabajo 2014, una fecha muy a tener en cuenta por los trabajadores de todo el mundo. Para este a\u00f1o, el lema escogido por la organizaci\u00f3n es el [&hellip;]<\/p>\n","protected":false},"author":1,"featured_media":19220,"comment_status":"open","ping_status":"open","sticky":false,"template":"","format":"standard","meta":{"_exactmetrics_skip_tracking":false,"_exactmetrics_sitenote_active":false,"_exactmetrics_sitenote_note":"","_exactmetrics_sitenote_category":0,"jnews-multi-image_gallery":[],"jnews_single_post":[],"jnews_primary_category":[],"jnews_social_meta":[],"jnews_review":[],"enable_review":"","type":"","name":"","summary":"","brand":"","sku":"","good":[],"bad":[],"score_override":"","override_value":"","rating":[],"price":[],"jnews_override_counter":[],"jnews_post_split":[],"footnotes":""},"categories":[94],"tags":[],"class_list":["post-4088","post","type-post","status-publish","format-standard","has-post-thumbnail","hentry","category-salud-laboral"],"jetpack_featured_media_url":"https:\/\/atecordoba.org\/wp-content\/uploads\/2020\/05\/logo-nuevochico-e1561581322808.png","_links":{"self":[{"href":"https:\/\/atecordoba.org\/index.php?rest_route=\/wp\/v2\/posts\/4088","targetHints":{"allow":["GET"]}}],"collection":[{"href":"https:\/\/atecordoba.org\/index.php?rest_route=\/wp\/v2\/posts"}],"about":[{"href":"https:\/\/atecordoba.org\/index.php?rest_route=\/wp\/v2\/types\/post"}],"author":[{"embeddable":true,"href":"https:\/\/atecordoba.org\/index.php?rest_route=\/wp\/v2\/users\/1"}],"replies":[{"embeddable":true,"href":"https:\/\/atecordoba.org\/index.php?rest_route=%2Fwp%2Fv2%2Fcomments&post=4088"}],"version-history":[{"count":0,"href":"https:\/\/atecordoba.org\/index.php?rest_route=\/wp\/v2\/posts\/4088\/revisions"}],"wp:featuredmedia":[{"embeddable":true,"href":"https:\/\/atecordoba.org\/index.php?rest_route=\/wp\/v2\/media\/19220"}],"wp:attachment":[{"href":"https:\/\/atecordoba.org\/index.php?rest_route=%2Fwp%2Fv2%2Fmedia&parent=4088"}],"wp:term":[{"taxonomy":"category","embeddable":true,"href":"https:\/\/atecordoba.org\/index.php?rest_route=%2Fwp%2Fv2%2Fcategories&post=4088"},{"taxonomy":"post_tag","embeddable":true,"href":"https:\/\/atecordoba.org\/index.php?rest_route=%2Fwp%2Fv2%2Ftags&post=4088"}],"curies":[{"name":"wp","href":"https:\/\/api.w.org\/{rel}","templated":true}]}}