{"id":40858,"date":"2024-01-03T09:53:27","date_gmt":"2024-01-03T12:53:27","guid":{"rendered":"https:\/\/atecordoba.org\/?p=40858"},"modified":"2024-01-03T09:55:01","modified_gmt":"2024-01-03T12:55:01","slug":"ate-lanza-una-nueva-jornada-nacional-de-lucha-para-el-15-de-enero-contra-los-despidos-y-por-aumentos-salariales","status":"publish","type":"post","link":"https:\/\/atecordoba.org\/?p=40858","title":{"rendered":"ATE lanza una nueva Jornada Nacional de Lucha para el 15 de enero contra los despidos y por aumentos salariales"},"content":{"rendered":"<div class=\"wp-block-image\">\n<figure class=\"aligncenter size-large is-resized\"><img loading=\"lazy\" decoding=\"async\" src=\"https:\/\/atecordoba.org\/wp-content\/uploads\/2024\/01\/CDNmanos-1024x683.jpg\" alt=\"\" class=\"wp-image-40859\" width=\"768\" height=\"512\" srcset=\"https:\/\/atecordoba.org\/wp-content\/uploads\/2024\/01\/CDNmanos-1024x683.jpg 1024w, https:\/\/atecordoba.org\/wp-content\/uploads\/2024\/01\/CDNmanos-300x200.jpg 300w, https:\/\/atecordoba.org\/wp-content\/uploads\/2024\/01\/CDNmanos-768x512.jpg 768w, https:\/\/atecordoba.org\/wp-content\/uploads\/2024\/01\/CDNmanos-750x500.jpg 750w, https:\/\/atecordoba.org\/wp-content\/uploads\/2024\/01\/CDNmanos-1140x760.jpg 1140w, https:\/\/atecordoba.org\/wp-content\/uploads\/2024\/01\/CDNmanos.jpg 1536w\" sizes=\"auto, (max-width: 768px) 100vw, 768px\" \/><\/figure>\n<\/div>\n\n\n<p>Luego de conocerse los primeros despidos en ministerios y organismos p\u00fablicos, el Consejo Directivo Nacional (CDN) lanz\u00f3 ayer una nueva Jornada Nacional de Lucha para el 15 de enero, con modalidad a definir en cada provincia, y anunci\u00f3 la adhesi\u00f3n al Paro General del 24 de enero con movilizaci\u00f3n. \u201cSon las argentinas y argentinos de bien los que est\u00e1n quedando en la calle por decisi\u00f3n de este Gobierno\u201d, apunt\u00f3 el Secretario General, Rodolfo Aguiar.<\/p>\n\n\n\n<p>\u201cNo vaya a ser cosa que a alguien se le ocurra pensar que los estatales atentamos contra la gobernabilidad. Es el propio Gobierno el que est\u00e1 quebrantando la paz social. No s\u00f3lo por las cesant\u00edas sin causa justificada, sino fundamentalmente por poner en riesgo el funcionamiento de numerosos organismos del Estado\u201d, se\u00f1al\u00f3 el dirigente estatal y agreg\u00f3: \u201cTenemos que despabilarnos. No podemos naturalizar lo que est\u00e1 pasando. Esta gesti\u00f3n propone un volantazo hacia el Siglo XIX para dejarnos sin derechos\u201d.<\/p>\n\n\n<div class=\"wp-block-image\">\n<figure class=\"alignleft\"><img decoding=\"async\" src=\"http:\/\/ctaacordoba.org\/wp-content\/uploads\/2024\/01\/unnamed-1-300x200.jpg\" alt=\"\" class=\"wp-image-80226\" \/><\/figure>\n<\/div>\n\n\n<p>En esta l\u00ednea, el referente de ATE explic\u00f3:&nbsp;<strong>\u201c<\/strong>La medida de fuerza no s\u00f3lo tiene que ser para exigir la reincorporaci\u00f3n de los despidos, sino que debe servir para empezar a hablar de lo que el Gobierno no quiere, que es la necesidad de una inmediata recomposici\u00f3n salarial. Se ha decidido un congelamiento de los ingresos y el porcentaje de estatales bajo la l\u00ednea de pobreza aumenta aceleradamente\u201d.<\/p>\n\n\n\n<p>\u201cSi no salimos a la calle los trabajadores, jubilados y el pueblo, no tendremos destino\u201d, afirm\u00f3 Aguiar y agreg\u00f3: \u201cEn todas las provincias hay que interpelar a los diputados y senadores nacionales. Si es necesario, hasta en sus domicilios. Les tenemos que hacer poner la cara porque muchos cuando vuelven a sus distritos se olvidan de lo que votaron en Buenos Aires\u201d.<\/p>\n\n\n\n<p>Aguiar tambi\u00e9n apunt\u00f3 contra el Poder Judicial: \u201cLlama poderosamente la atenci\u00f3n el silencio de los jueces ante medidas que en todos los casos son inconstitucionales y resultar\u00e1n inaplicables. La Justicia tiene que dejar de esperar instrucciones de la Casa Rosada y actuar con la celeridad que el pueblo requiere\u201d.<\/p>\n\n\n<div class=\"wp-block-image\">\n<figure class=\"alignright\"><img decoding=\"async\" src=\"http:\/\/ctaacordoba.org\/wp-content\/uploads\/2024\/01\/unnamed-2-300x200.jpg\" alt=\"\" class=\"wp-image-80228\" \/><\/figure>\n<\/div>\n\n\n<p>La decisi\u00f3n de la Jornada de Lucha para el 15 de enero, fecha en la que el sindicato cumple 99 a\u00f1os, se tom\u00f3 luego de una extensa reuni\u00f3n del Secretariado Ampliado que comenz\u00f3 a las 16 en el Hotel Quagliaro, propiedad del sindicato con direcci\u00f3n en Moreno 2654 de la Ciudad Aut\u00f3noma de Buenos Aires. A partir del encuentro, se exigi\u00f3 la inmediata reincorporaci\u00f3n de todos los despedidos.<\/p>\n\n\n\n<p>Durante el encuentro se analiz\u00f3 el impacto del mega DNU 70\/2023, el Decreto 84\/2023 mediante el cual se dispuso la no renovaci\u00f3n de los contratos que hab\u00edan sido firmados en 2023, y la Ley \u00d3mnibus, donde se incluyen distintas medidas de ajuste, supresi\u00f3n de organismos p\u00fablicos y la posibilidad de despido de trabajadores en planta permanente.<\/p>\n\n\n\n<p>Tambi\u00e9n se exigi\u00f3 una inmediata convocatoria a paritarias con una propuesta de recomposici\u00f3n salarial para la Administraci\u00f3n P\u00fablica. En este marco es que se defini\u00f3 el paro total de actividades para el 24 de enero con movilizaci\u00f3n al Congreso.<\/p>\n\n\n\n<p><strong>Jubilados de ATE protestan el 10 de enero<\/strong><\/p>\n\n\n\n<p>El Centro Nacional de Jubilados y Pensionados de ATE tambi\u00e9n se reuni\u00f3 para votar y definir una jornada de protesta el d\u00eda 10 de enero para reclamar por todas las medidas que atentan contra sus haberes jubilatorios y rechazar cualquier intento de privatizaci\u00f3n del sistema previsional.<\/p>\n","protected":false},"excerpt":{"rendered":"<p>Luego de conocerse los primeros despidos en ministerios y organismos p\u00fablicos, el Consejo Directivo Nacional (CDN) lanz\u00f3 ayer una nueva Jornada Nacional de Lucha para el 15 de enero, con modalidad a definir en cada provincia, y anunci\u00f3 la adhesi\u00f3n al Paro General del 24 de enero con movilizaci\u00f3n. \u201cSon las argentinas y argentinos de [&hellip;]<\/p>\n","protected":false},"author":7,"featured_media":40859,"comment_status":"open","ping_status":"open","sticky":false,"template":"","format":"standard","meta":{"_exactmetrics_skip_tracking":false,"_exactmetrics_sitenote_active":false,"_exactmetrics_sitenote_note":"","_exactmetrics_sitenote_category":0,"jnews-multi-image_gallery":[],"jnews_single_post":{"subtitle":"La fecha coincide con el aniversario 99 del sindicato. Tambi\u00e9n habr\u00e1 un paro total de actividades con movilizaci\u00f3n al Congreso para el 24 de enero. \u201cSon las argentinas y argentinos de bien los que est\u00e1n quedando en la calle por decisi\u00f3n de este Gobierno\u201d, se\u00f1al\u00f3 el secretario General de ATE Nacional, Rodolfo Aguiar.","format":"standard","video":"","gallery":"","source_name":"","source_url":"","via_name":"","via_url":"","override_template":"0","override":[{"template":"1","single_blog_custom":"","parallax":"1","fullscreen":"1","layout":"no-sidebar-narrow","sidebar":"default-sidebar","second_sidebar":"default-sidebar","sticky_sidebar":"1","share_position":"bottom","share_float_style":"share-monocrhome","show_share_counter":"1","show_view_counter":"1","show_featured":"0","show_post_meta":"1","show_post_author":"0","show_post_author_image":"1","show_post_date":"1","post_date_format":"default","post_date_format_custom":"Y\/m\/d","show_post_category":"1","show_post_reading_time":"0","post_reading_time_wpm":"300","show_zoom_button":"0","zoom_button_out_step":"2","zoom_button_in_step":"3","show_post_tag":"1","show_prev_next_post":"0","show_popup_post":"0","number_popup_post":"1","show_author_box":"0","show_post_related":"1","show_inline_post_related":"0"}],"override_image_size":"0","image_override":[{"single_post_thumbnail_size":"crop-500","single_post_gallery_size":"crop-500"}],"trending_post":"0","trending_post_position":"meta","trending_post_label":"Trending","sponsored_post":"0","sponsored_post_label":"Sponsored by","sponsored_post_name":"","sponsored_post_url":"","sponsored_post_logo_enable":"0","sponsored_post_logo":"","sponsored_post_desc":"","disable_ad":"0"},"jnews_primary_category":{"id":"","hide":""},"jnews_social_meta":{"fb_title":"","fb_description":"","fb_image":"","twitter_title":"","twitter_description":"","twitter_image":""},"jnews_review":[],"enable_review":"0","type":"percentage","name":"","summary":"","brand":"","sku":"","good":[{"good_text":""}],"bad":[{"bad_text":""}],"score_override":"","override_value":"","rating":[{"rating_text":"","rating_number":"10"}],"price":[{"shop":"","price":"","link":"","icon":""}],"jnews_override_counter":{"override_view_counter":"0","view_counter_number":"0","override_share_counter":"0","share_counter_number":"0","override_like_counter":"0","like_counter_number":"0","override_dislike_counter":"0","dislike_counter_number":"0"},"jnews_post_split":{"enable_post_split":"0","post_split":[{"template":"1","tag":"h2","numbering":"asc","mode":"normal","first":"0","enable_toc":"0","toc_type":"normal"}]},"footnotes":""},"categories":[756],"tags":[],"class_list":["post-40858","post","type-post","status-publish","format-standard","has-post-thumbnail","hentry","category-consejo-directivo-nacional-cdn"],"jetpack_featured_media_url":"https:\/\/atecordoba.org\/wp-content\/uploads\/2024\/01\/CDNmanos.jpg","_links":{"self":[{"href":"https:\/\/atecordoba.org\/index.php?rest_route=\/wp\/v2\/posts\/40858","targetHints":{"allow":["GET"]}}],"collection":[{"href":"https:\/\/atecordoba.org\/index.php?rest_route=\/wp\/v2\/posts"}],"about":[{"href":"https:\/\/atecordoba.org\/index.php?rest_route=\/wp\/v2\/types\/post"}],"author":[{"embeddable":true,"href":"https:\/\/atecordoba.org\/index.php?rest_route=\/wp\/v2\/users\/7"}],"replies":[{"embeddable":true,"href":"https:\/\/atecordoba.org\/index.php?rest_route=%2Fwp%2Fv2%2Fcomments&post=40858"}],"version-history":[{"count":2,"href":"https:\/\/atecordoba.org\/index.php?rest_route=\/wp\/v2\/posts\/40858\/revisions"}],"predecessor-version":[{"id":40862,"href":"https:\/\/atecordoba.org\/index.php?rest_route=\/wp\/v2\/posts\/40858\/revisions\/40862"}],"wp:featuredmedia":[{"embeddable":true,"href":"https:\/\/atecordoba.org\/index.php?rest_route=\/wp\/v2\/media\/40859"}],"wp:attachment":[{"href":"https:\/\/atecordoba.org\/index.php?rest_route=%2Fwp%2Fv2%2Fmedia&parent=40858"}],"wp:term":[{"taxonomy":"category","embeddable":true,"href":"https:\/\/atecordoba.org\/index.php?rest_route=%2Fwp%2Fv2%2Fcategories&post=40858"},{"taxonomy":"post_tag","embeddable":true,"href":"https:\/\/atecordoba.org\/index.php?rest_route=%2Fwp%2Fv2%2Ftags&post=40858"}],"curies":[{"name":"wp","href":"https:\/\/api.w.org\/{rel}","templated":true}]}}