{"id":40808,"date":"2023-12-29T12:53:09","date_gmt":"2023-12-29T15:53:09","guid":{"rendered":"https:\/\/atecordoba.org\/?p=40808"},"modified":"2023-12-29T12:53:09","modified_gmt":"2023-12-29T15:53:09","slug":"la-ley-omnibus-es-un-ataque-directo-hacia-el-derecho-de-la-mujeres","status":"publish","type":"post","link":"https:\/\/atecordoba.org\/?p=40808","title":{"rendered":"La ley \u00f3mnibus: es un ataque directo hacia el derecho de la mujeres"},"content":{"rendered":"<div class=\"wp-block-image\">\n<figure class=\"aligncenter size-large is-resized\"><img loading=\"lazy\" decoding=\"async\" src=\"https:\/\/atecordoba.org\/wp-content\/uploads\/2023\/12\/chicasmicaela-1024x759.jpeg\" alt=\"\" class=\"wp-image-40810\" width=\"768\" height=\"569\" \/><\/figure>\n<\/div>\n\n\n<p>\u201cCon fuerza tenemos que salir a defender la lay Micaela\u201d explic\u00f3 Mar\u00eda Spaventa, delegada Secretaria de G\u00e9neros y Diversidades del Consejo Directivo Provincial.<\/p>\n\n\n\n<p>En el marco de la ley \u00f3mnibus, una de las reformas que se propone es sobre la Ley Micaela N\u00b0 27.499, promulgada el 10 de enero de 2019, que ordena la capacitaci\u00f3n obligatoria en g\u00e9nero y violencia de g\u00e9nero para todas las personas que se desempe\u00f1an en la funci\u00f3n p\u00fablica, en los tres poderes del Estado. \u201cTanto en lo simb\u00f3lico como en lo que propone ha sido un triunfo y un reconocimiento a nuestra militancia\u201d explic\u00f3 nuestra secretaria de g\u00e9nero y diversidades<\/p>\n\n\n\n<p>El proyecto de ley que propone Milei establece que solamente se capaciten \u201clas personas que se desempe\u00f1en en la funci\u00f3n p\u00fablica en los organismos competentes en la materia\u201d, lo cual esto atenta contra el esp\u00edritu de la Ley Micaela.<\/p>\n\n\n\n<p>Y agreg\u00f3: \u201cya sab\u00edamos que cualquier medida que vaya a tomar este gobierno afectar\u00e1 a las mujeres y las diversidades. Esta decisi\u00f3n sobre la Ley Micaela propone una modificaci\u00f3n donde no todos los y las agentes del Estado deben capacitarse, sino que lo restringe a \u201clas \u00e1reas pertinentes de la tem\u00e1tica\u201d, cosa que significa un retroceso gigante en la materia.<\/p>\n\n\n\n<p>Por eso desde ATE llamamos a defender la ley Micaela, que aporta a la adquisici\u00f3n de herramientas que permitan identificar las desigualdades de g\u00e9nero y elaborar estrategias para su erradicaci\u00f3n.<\/p>\n\n\n\n<p><strong>La norma<\/strong><\/p>\n\n\n\n<p>La Ley 27.499 fija un ordenamiento a trav\u00e9s herramientas, con el fin de (de)construir sentidos comunes, que cuestionen la desigualdad y la discriminaci\u00f3n y transformen las pr\u00e1cticas concretas de cada intervenci\u00f3n que se realice desde los organismos estatales y, en definitiva, cada una de las pol\u00edticas p\u00fablicas. Se trata de una oportunidad para jerarquizar la formaci\u00f3n y ponerla al servicio del dise\u00f1o de pol\u00edticas p\u00fablicas con perspectiva de g\u00e9nero en clave transversal, es decir, en todo el Estado.<\/p>\n\n\n\n<p>En su fundamento, la norma tiene por objetivo \u201cbrindar un acercamiento a la normativa internacional, regional y nacional que reconoce a las violencias por motivos de g\u00e9nero como una problem\u00e1tica central. El abordaje siempre ser\u00e1 desde un enfoque de derechos humanos de las mujeres y LGTBI, teniendo en cuenta la responsabilidad el Estado en la falta de protecci\u00f3n y garant\u00eda en el ejercicio de los derechos. De esta manera, se busca visibilizar y analizar las desigualdades entre los g\u00e9neros y las relaciones de poder existentes, para alcanzar una intervenci\u00f3n y modificaci\u00f3n desde las pol\u00edticas p\u00fablicas de cada organismo\u201d.<\/p>\n","protected":false},"excerpt":{"rendered":"<p>\u201cCon fuerza tenemos que salir a defender la lay Micaela\u201d explic\u00f3 Mar\u00eda Spaventa, delegada Secretaria de G\u00e9neros y Diversidades del Consejo Directivo Provincial. En el marco de la ley \u00f3mnibus, una de las reformas que se propone es sobre la Ley Micaela N\u00b0 27.499, promulgada el 10 de enero de 2019, que ordena la capacitaci\u00f3n [&hellip;]<\/p>\n","protected":false},"author":7,"featured_media":40810,"comment_status":"open","ping_status":"open","sticky":false,"template":"","format":"standard","meta":{"_exactmetrics_skip_tracking":false,"_exactmetrics_sitenote_active":false,"_exactmetrics_sitenote_note":"","_exactmetrics_sitenote_category":0,"jnews-multi-image_gallery":[],"jnews_single_post":{"subtitle":"El proyecto de ley que propone Milei establece que solamente se capaciten \u201clas personas que se desempe\u00f1en en la funci\u00f3n p\u00fablica en los organismos competentes en la materia\u201d, lo cual esto atenta contra el esp\u00edritu de la Ley.","format":"standard","video":"","gallery":"","source_name":"","source_url":"","via_name":"","via_url":"","override_template":"0","override":[{"template":"1","single_blog_custom":"","parallax":"1","fullscreen":"1","layout":"no-sidebar-narrow","sidebar":"default-sidebar","second_sidebar":"default-sidebar","sticky_sidebar":"1","share_position":"bottom","share_float_style":"share-monocrhome","show_share_counter":"1","show_view_counter":"1","show_featured":"0","show_post_meta":"1","show_post_author":"0","show_post_author_image":"1","show_post_date":"1","post_date_format":"default","post_date_format_custom":"Y\/m\/d","show_post_category":"1","show_post_reading_time":"0","post_reading_time_wpm":"300","show_zoom_button":"0","zoom_button_out_step":"2","zoom_button_in_step":"3","show_post_tag":"1","show_prev_next_post":"0","show_popup_post":"0","number_popup_post":"1","show_author_box":"0","show_post_related":"1","show_inline_post_related":"0"}],"override_image_size":"0","image_override":[{"single_post_thumbnail_size":"crop-500","single_post_gallery_size":"crop-500"}],"trending_post":"0","trending_post_position":"meta","trending_post_label":"Trending","sponsored_post":"0","sponsored_post_label":"Sponsored by","sponsored_post_name":"","sponsored_post_url":"","sponsored_post_logo_enable":"0","sponsored_post_logo":"","sponsored_post_desc":"","disable_ad":"0"},"jnews_primary_category":{"id":"","hide":""},"jnews_social_meta":{"fb_title":"","fb_description":"","fb_image":"","twitter_title":"","twitter_description":"","twitter_image":""},"jnews_review":[],"enable_review":"0","type":"percentage","name":"","summary":"","brand":"","sku":"","good":[{"good_text":""}],"bad":[{"bad_text":""}],"score_override":"","override_value":"","rating":[{"rating_text":"","rating_number":"10"}],"price":[{"shop":"","price":"","link":"","icon":""}],"jnews_override_counter":{"override_view_counter":"0","view_counter_number":"0","override_share_counter":"0","share_counter_number":"0","override_like_counter":"0","like_counter_number":"0","override_dislike_counter":"0","dislike_counter_number":"0"},"jnews_post_split":{"enable_post_split":"0","post_split":[{"template":"1","tag":"h2","numbering":"asc","mode":"normal","first":"0","enable_toc":"0","toc_type":"normal"}]},"footnotes":""},"categories":[325],"tags":[],"class_list":["post-40808","post","type-post","status-publish","format-standard","has-post-thumbnail","hentry","category-generos-y-diversidades"],"jetpack_featured_media_url":"https:\/\/atecordoba.org\/wp-content\/uploads\/2023\/12\/chicasmicaela-e1704394049916.jpeg","_links":{"self":[{"href":"https:\/\/atecordoba.org\/index.php?rest_route=\/wp\/v2\/posts\/40808","targetHints":{"allow":["GET"]}}],"collection":[{"href":"https:\/\/atecordoba.org\/index.php?rest_route=\/wp\/v2\/posts"}],"about":[{"href":"https:\/\/atecordoba.org\/index.php?rest_route=\/wp\/v2\/types\/post"}],"author":[{"embeddable":true,"href":"https:\/\/atecordoba.org\/index.php?rest_route=\/wp\/v2\/users\/7"}],"replies":[{"embeddable":true,"href":"https:\/\/atecordoba.org\/index.php?rest_route=%2Fwp%2Fv2%2Fcomments&post=40808"}],"version-history":[{"count":1,"href":"https:\/\/atecordoba.org\/index.php?rest_route=\/wp\/v2\/posts\/40808\/revisions"}],"predecessor-version":[{"id":40811,"href":"https:\/\/atecordoba.org\/index.php?rest_route=\/wp\/v2\/posts\/40808\/revisions\/40811"}],"wp:featuredmedia":[{"embeddable":true,"href":"https:\/\/atecordoba.org\/index.php?rest_route=\/wp\/v2\/media\/40810"}],"wp:attachment":[{"href":"https:\/\/atecordoba.org\/index.php?rest_route=%2Fwp%2Fv2%2Fmedia&parent=40808"}],"wp:term":[{"taxonomy":"category","embeddable":true,"href":"https:\/\/atecordoba.org\/index.php?rest_route=%2Fwp%2Fv2%2Fcategories&post=40808"},{"taxonomy":"post_tag","embeddable":true,"href":"https:\/\/atecordoba.org\/index.php?rest_route=%2Fwp%2Fv2%2Ftags&post=40808"}],"curies":[{"name":"wp","href":"https:\/\/api.w.org\/{rel}","templated":true}]}}