{"id":40801,"date":"2023-12-29T12:09:58","date_gmt":"2023-12-29T15:09:58","guid":{"rendered":"https:\/\/atecordoba.org\/?p=40801"},"modified":"2023-12-29T12:16:00","modified_gmt":"2023-12-29T15:16:00","slug":"federico-giuliani-denuncio-al-ministro-de-seguridad-de-cordoba-y-a-la-sargento-melian-por-violar-la-ley-de-inteligencia","status":"publish","type":"post","link":"https:\/\/atecordoba.org\/?p=40801","title":{"rendered":"Federico Giuliani denunci\u00f3 al ministro de Seguridad de C\u00f3rdoba y a la sargento Melian por violar la ley de Inteligencia"},"content":{"rendered":"<div class=\"wp-block-image\">\n<figure class=\"alignright size-full is-resized\"><img loading=\"lazy\" decoding=\"async\" src=\"https:\/\/atecordoba.org\/wp-content\/uploads\/2023\/12\/WhatsApp-Image-2023-12-29-at-09.13.01-1.jpeg\" alt=\"\" class=\"wp-image-40802\" width=\"384\" height=\"512\" srcset=\"https:\/\/atecordoba.org\/wp-content\/uploads\/2023\/12\/WhatsApp-Image-2023-12-29-at-09.13.01-1.jpeg 768w, https:\/\/atecordoba.org\/wp-content\/uploads\/2023\/12\/WhatsApp-Image-2023-12-29-at-09.13.01-1-225x300.jpeg 225w, https:\/\/atecordoba.org\/wp-content\/uploads\/2023\/12\/WhatsApp-Image-2023-12-29-at-09.13.01-1-750x1000.jpeg 750w\" sizes=\"auto, (max-width: 384px) 100vw, 384px\" \/><\/figure>\n<\/div>\n\n\n<p>El secretario General de ATE, Federico Giuliani, realiz\u00f3 esta ma\u00f1ana una denuncia penal contra el ministro de Seguridad, Juan Pablo Quinteros, y la ya famosa sargento de la polic\u00eda de la provincia, Claudia Melian, por violar la ley de Inteligencia nacional el 20 de diciembre pasado.<\/p>\n\n\n\n<p>Melian se introdujo entre la multitud que protestaba contra el DNU del Presidente Javier Milei, sacando fotos sin estar identificada como personal policial, sino camuflada como &#8220;periodista independiente&#8221; y as\u00ed se identific\u00f3 cuando un periodista la film\u00f3 y le pregunt\u00f3 d\u00f3nde trabajaba. El video de la conversaci\u00f3n se viraliz\u00f3 en todo el pa\u00eds, junto con una foto adjunta donde la sargento esta vestida en otra ocasi\u00f3n como polic\u00eda, y dijo pie para confirmar, una vez m\u00e1s, el el Gobierno de C\u00f3rdoba utiliza a la polic\u00eda para realizar inteligencia sobre las manifestaciones sin orden judicial ni motivo criminal previo, cuando esta conducta est\u00e1 expresamente prohibida por la ley 25520.<\/p>\n\n\n\n<p>Con la patrocinio del abogado Claudio Orosz, el referente de ATE reclam\u00f3 esta ma\u00f1ana en la presentaci\u00f3n judicial que se investigue para establecer responsabilidades sobre qui\u00e9n, c\u00f3mo y por qu\u00e9 estaba la agente sacando fotos en el lugar. M\u00e1xime cuando el propio ministro Quinteros le reconoci\u00f3 a la secretaria General del Cispren, Mariana Mandakovic, que Melian &#8220;estaba haciendo un trabajo de comunicaci\u00f3n institucional en el lugar de la protesta&#8221;. As\u00ed confirm\u00f3 que la sargento actu\u00f3 por \u00f3rdenes emanadas por la jerarqu\u00eda policial.<\/p>\n\n\n\n<p>&#8220;Esto sucede en un contexto de criminalizaci\u00f3n de la protesta social en C\u00f3rdoba, teniendo en cuenta que yo fui imputado por el fiscal (Ernesto) De Arag\u00f3n por cortar calle y en un tr\u00e1mites expr\u00e9s elevado a juicio. Solo por movilizar&#8221;, dijo esta ma\u00f1ana Giuliani a la FM de Radio Universidad. <\/p>\n\n\n\n<p>Y record\u00f3 que la ex jefe de polic\u00eda Lilian Zarate reconoci\u00f3 en reportajes p\u00fablicos que la polic\u00eda hacia inteligencia previa a las redes de las organizaciones y de los dirigentes. La denuncia recae en la fiscal\u00eda de Distrito 4 Turno 3. <\/p>\n\n\n<div class=\"wp-block-image\">\n<figure class=\"alignleft size-large is-resized\"><img loading=\"lazy\" decoding=\"async\" src=\"https:\/\/atecordoba.org\/wp-content\/uploads\/2023\/12\/WhatsApp-Image-2023-12-29-at-09.25.36-768x1024.jpeg\" alt=\"\" class=\"wp-image-40796\" width=\"268\" height=\"357\" \/><\/figure>\n<\/div>\n\n\n<p>&#8220;Hacemos la denuncia para que este tipo de hechos no pasen desapercibidos ni queden impunes. Estamos viviendo tiempos dif\u00edciles y la conflictividad social va a crecer. Sabemos lo que sucedi\u00f3 en Argentina cuando la polic\u00eda hac\u00eda inteligencia sobre los dirigentes sociales, pol\u00edticos y sindicales&#8221;, se\u00f1al\u00f3 el dirigente.<\/p>\n\n\n\n<p><strong>Hostigamiento oficial<\/strong><\/p>\n\n\n\n<p>&#8220;Todos los que estabamos ah\u00ed la vimos tomar fotos, filmar de manera permanente a los dirigentes que est\u00e1bamos en el lugar y no nos cabe dudas que la orden viene del Ministerio de Seguridad. Por eso lo denunciamos a Quinteros, tiene que dar respuestas, teniendo en cuenta que a 40 a\u00f1os de recuperada la democracia lo hacen de manera tan desfachatada e impune. Y no tengo duda que estos actos suceden no solo en las movilizaciones. Yo vivo un hostigamiento permanente de la polic\u00eda en todos los lugares donde voy en C\u00f3rdoba. Tocan el timbre en ATE , preguntan qui\u00e9n est\u00e1 a cargo del sindicato, cuando vamos a hacer alguna asamblea la presencia policial es habitual. El amedrentamiento es constante. Es decir, hay una pol\u00edtica permanentemente de persecuci\u00f3n y judicializaci\u00f3n de los dirigentes sociales y sindicales combativos&#8221;, denunci\u00f3 Giuliani.<\/p>\n\n\n\n<p>Y agreg\u00f3 que los ojos est\u00e1n puestos sobre la Justicia cordobesa, que elev\u00f3 a juicio con rapidez inusitada la causa de un corte de calle, fundamentada en un amparo a todas luces trucho emitido por un juez de control de la capital provincial. &#8220;Esperamos que sea r\u00e1pida tambi\u00e9n para procesar a la sargento y el ministro de Seguridad&#8221;, concluy\u00f3.<\/p>\n\n\n<div class=\"wp-block-image\">\n<figure class=\"alignright size-large is-resized\"><img loading=\"lazy\" decoding=\"async\" src=\"https:\/\/atecordoba.org\/wp-content\/uploads\/2023\/12\/WhatsApp-Image-2023-12-27-at-10.36.49-771x1024.jpeg\" alt=\"\" class=\"wp-image-40771\" width=\"247\" height=\"327\" srcset=\"https:\/\/atecordoba.org\/wp-content\/uploads\/2023\/12\/WhatsApp-Image-2023-12-27-at-10.36.49-771x1024.jpeg 771w, https:\/\/atecordoba.org\/wp-content\/uploads\/2023\/12\/WhatsApp-Image-2023-12-27-at-10.36.49-226x300.jpeg 226w, https:\/\/atecordoba.org\/wp-content\/uploads\/2023\/12\/WhatsApp-Image-2023-12-27-at-10.36.49-768x1021.jpeg 768w, https:\/\/atecordoba.org\/wp-content\/uploads\/2023\/12\/WhatsApp-Image-2023-12-27-at-10.36.49-1156x1536.jpeg 1156w, https:\/\/atecordoba.org\/wp-content\/uploads\/2023\/12\/WhatsApp-Image-2023-12-27-at-10.36.49-750x997.jpeg 750w, https:\/\/atecordoba.org\/wp-content\/uploads\/2023\/12\/WhatsApp-Image-2023-12-27-at-10.36.49-1140x1515.jpeg 1140w, https:\/\/atecordoba.org\/wp-content\/uploads\/2023\/12\/WhatsApp-Image-2023-12-27-at-10.36.49.jpeg 1204w\" sizes=\"auto, (max-width: 247px) 100vw, 247px\" \/><\/figure>\n<\/div>\n\n\n<p>Cabe mencionar que ATE present\u00f3 una denuncia en junio 2022 por<a href=\"https:\/\/atecordoba.org\/?p=33026\"> <\/a><a href=\"https:\/\/atecordoba.org\/?p=32891\">la agresi\u00f3n de una patota del gremio SOELSAC<\/a> que dirige Sergio Fittipaldi. La patota corri\u00f3 a las pi\u00f1as, patadas y palazos a un grupo de trabajadoras de PAICOR que se manifestaban con ATE y reclamaban aumento de sueldo y mejoras en sus condiciones de trabajo. Desde la esquina de Entre R\u00edos y Obispo Salguero los matones agredieron durante media cuadra al grupo de compa\u00f1eras, y a los miembros de ATE que estaban con ellas, hasta obligarla a los golpes a esconderse en la sede de nuestro sindicato. <\/p>\n\n\n\n<p>ATE denunci\u00f3 que la polic\u00eda liber\u00f3 la zona para que Fittipaldi mandara a atacar la columna de ATE y<a href=\"https:\/\/atecordoba.org\/?p=33026\"> se present\u00f3 en la fiscal\u00eda Distrito 1 Turno 4<\/a> a cargo de Rub\u00e9n Caro, pero no hay novedades del caso a un a\u00f1o y medio de sucedidos los hechos. La doble vara del cordobesismo y su influencia sobre la Justicia es clara y evidente. <\/p>\n\n\n\n<p><strong>Fundamentos <\/strong><\/p>\n\n\n\n<p>Por su parte, el abogado Claudio Orosz explic\u00f3 que &#8220;la denuncia se funda en la existencia de una ley nacional que regula la inteligencia criminal, que no puede ser realizada de manera aut\u00f3noma por la polic\u00eda, sino bajo al supervisi\u00f3n y \u00f3rdenes de un fiscal o un juez. Ninguna de estas premisas se cumple, porque ni el fiscal ni el juez intervienen dieron esa orden para que una polic\u00eda, disfrazada de periodista y diciendo que pertenece a un medio independiente, saque fotos y filme a los dirigentes &nbsp;que encabezaban la movilizaci\u00f3n&#8221;. <\/p>\n\n\n\n<figure class=\"wp-block-gallery has-nested-images columns-default is-cropped wp-block-gallery-1 is-layout-flex wp-block-gallery-is-layout-flex\">\n<figure class=\"wp-block-image size-large\"><a href=\"https:\/\/atecordoba.org\/wp-content\/uploads\/2023\/12\/WhatsApp-Image-2023-12-29-at-11.53.26.jpeg\" target=\"_blank\" rel=\"noopener\"><img loading=\"lazy\" decoding=\"async\" width=\"720\" height=\"720\" data-id=\"40798\" src=\"https:\/\/atecordoba.org\/wp-content\/uploads\/2023\/12\/WhatsApp-Image-2023-12-29-at-11.53.26.jpeg\" alt=\"\" class=\"wp-image-40798\" srcset=\"https:\/\/atecordoba.org\/wp-content\/uploads\/2023\/12\/WhatsApp-Image-2023-12-29-at-11.53.26.jpeg 720w, https:\/\/atecordoba.org\/wp-content\/uploads\/2023\/12\/WhatsApp-Image-2023-12-29-at-11.53.26-300x300.jpeg 300w, https:\/\/atecordoba.org\/wp-content\/uploads\/2023\/12\/WhatsApp-Image-2023-12-29-at-11.53.26-150x150.jpeg 150w, https:\/\/atecordoba.org\/wp-content\/uploads\/2023\/12\/WhatsApp-Image-2023-12-29-at-11.53.26-560x560.jpeg 560w, https:\/\/atecordoba.org\/wp-content\/uploads\/2023\/12\/WhatsApp-Image-2023-12-29-at-11.53.26-75x75.jpeg 75w, https:\/\/atecordoba.org\/wp-content\/uploads\/2023\/12\/WhatsApp-Image-2023-12-29-at-11.53.26-350x350.jpeg 350w\" sizes=\"auto, (max-width: 720px) 100vw, 720px\" \/><\/a><\/figure>\n\n\n\n<figure class=\"wp-block-image size-large\"><a href=\"https:\/\/atecordoba.org\/wp-content\/uploads\/2023\/12\/WhatsApp-Image-2023-12-29-at-11.52.54.jpeg\" target=\"_blank\" rel=\"noopener\"><img loading=\"lazy\" decoding=\"async\" width=\"720\" height=\"444\" data-id=\"40797\" src=\"https:\/\/atecordoba.org\/wp-content\/uploads\/2023\/12\/WhatsApp-Image-2023-12-29-at-11.52.54.jpeg\" alt=\"\" class=\"wp-image-40797\" srcset=\"https:\/\/atecordoba.org\/wp-content\/uploads\/2023\/12\/WhatsApp-Image-2023-12-29-at-11.52.54.jpeg 720w, https:\/\/atecordoba.org\/wp-content\/uploads\/2023\/12\/WhatsApp-Image-2023-12-29-at-11.52.54-300x185.jpeg 300w\" sizes=\"auto, (max-width: 720px) 100vw, 720px\" \/><\/a><\/figure>\n<\/figure>\n\n\n\n<p>&#8220;Esto viola claramente el art\u00edculo 4, inc 1,2 y 3 de la ley 25520 y sus reformas y establece una pena en el art\u00edculo 42 que va de tres a 10 a\u00f1os&#8221;, apunt\u00f3 el letrado.<\/p>\n\n\n\n<p>Y a\u00f1adi\u00f3: &#8220;como el accionar de esta polic\u00eda ha sido avalado y explic\u00e1ndolo en el marco de una estructura jer\u00e1rquica y piramidal, en cuya cabeza est\u00e1 el ministro de Seguridad, tambi\u00e9n lo denunciamos a \u00e9l y pedimos la urgente de investigaci\u00f3n porque estas tareas de investigaci\u00f3n son ilegales y deben ser castigadas&#8221;.<\/p>\n","protected":false},"excerpt":{"rendered":"<p>El secretario General de ATE, Federico Giuliani, realiz\u00f3 esta ma\u00f1ana una denuncia penal contra el ministro de Seguridad, Juan Pablo Quinteros, y la ya famosa sargento de la polic\u00eda de la provincia, Claudia Melian, por violar la ley de Inteligencia nacional el 20 de diciembre pasado. Melian se introdujo entre la multitud que protestaba contra [&hellip;]<\/p>\n","protected":false},"author":7,"featured_media":40807,"comment_status":"open","ping_status":"open","sticky":false,"template":"","format":"standard","meta":{"_exactmetrics_skip_tracking":false,"_exactmetrics_sitenote_active":false,"_exactmetrics_sitenote_note":"","_exactmetrics_sitenote_category":0,"jnews-multi-image_gallery":[],"jnews_single_post":{"subtitle":"Con la patrocinio del abogado Claudio Orosz, el referente de ATE reclam\u00f3 esta ma\u00f1ana en la presentaci\u00f3n judicial que se investigue para establecer responsabilidades sobre qui\u00e9n, c\u00f3mo y por qu\u00e9 estaba la agente sacando fotos en el lugar. M\u00e1xime cuando el propio ministro Quinteros le reconoci\u00f3 a la secretaria General del Cispren, Mariana Mandakovic, que Melian \"estaba haciendo un trabajo de comunicaci\u00f3n institucional en el lugar de la protesta\". As\u00ed confirm\u00f3 que la sargento actu\u00f3 por \u00f3rdenes emanadas por la jerarqu\u00eda policial.","format":"standard","video":"","gallery":"","source_name":"","source_url":"","via_name":"","via_url":"","override_template":"0","override":[{"template":"1","single_blog_custom":"","parallax":"1","fullscreen":"1","layout":"no-sidebar-narrow","sidebar":"default-sidebar","second_sidebar":"default-sidebar","sticky_sidebar":"1","share_position":"bottom","share_float_style":"share-monocrhome","show_share_counter":"1","show_view_counter":"1","show_featured":"0","show_post_meta":"1","show_post_author":"0","show_post_author_image":"1","show_post_date":"1","post_date_format":"default","post_date_format_custom":"Y\/m\/d","show_post_category":"1","show_post_reading_time":"0","post_reading_time_wpm":"300","show_zoom_button":"0","zoom_button_out_step":"2","zoom_button_in_step":"3","show_post_tag":"1","show_prev_next_post":"0","show_popup_post":"0","number_popup_post":"1","show_author_box":"0","show_post_related":"1","show_inline_post_related":"0"}],"override_image_size":"0","image_override":[{"single_post_thumbnail_size":"crop-500","single_post_gallery_size":"crop-500"}],"trending_post":"0","trending_post_position":"meta","trending_post_label":"Trending","sponsored_post":"0","sponsored_post_label":"Sponsored by","sponsored_post_name":"","sponsored_post_url":"","sponsored_post_logo_enable":"0","sponsored_post_logo":"","sponsored_post_desc":"","disable_ad":"0"},"jnews_primary_category":{"id":"","hide":""},"jnews_social_meta":{"fb_title":"","fb_description":"","fb_image":"","twitter_title":"","twitter_description":"","twitter_image":""},"jnews_review":[],"enable_review":"0","type":"percentage","name":"","summary":"","brand":"","sku":"","good":[{"good_text":""}],"bad":[{"bad_text":""}],"score_override":"","override_value":"","rating":[{"rating_text":"","rating_number":"10"}],"price":[{"shop":"","price":"","link":"","icon":""}],"jnews_override_counter":{"override_view_counter":"0","view_counter_number":"0","override_share_counter":"0","share_counter_number":"0","override_like_counter":"0","like_counter_number":"0","override_dislike_counter":"0","dislike_counter_number":"0"},"jnews_post_split":{"enable_post_split":"0","post_split":[{"template":"1","tag":"h2","numbering":"asc","mode":"normal","first":"0","enable_toc":"0","toc_type":"normal"}]},"footnotes":""},"categories":[341],"tags":[],"class_list":["post-40801","post","type-post","status-publish","format-standard","has-post-thumbnail","hentry","category-cdp"],"jetpack_featured_media_url":"https:\/\/atecordoba.org\/wp-content\/uploads\/2023\/12\/fedeperfil-e1703862951626.jpeg","_links":{"self":[{"href":"https:\/\/atecordoba.org\/index.php?rest_route=\/wp\/v2\/posts\/40801","targetHints":{"allow":["GET"]}}],"collection":[{"href":"https:\/\/atecordoba.org\/index.php?rest_route=\/wp\/v2\/posts"}],"about":[{"href":"https:\/\/atecordoba.org\/index.php?rest_route=\/wp\/v2\/types\/post"}],"author":[{"embeddable":true,"href":"https:\/\/atecordoba.org\/index.php?rest_route=\/wp\/v2\/users\/7"}],"replies":[{"embeddable":true,"href":"https:\/\/atecordoba.org\/index.php?rest_route=%2Fwp%2Fv2%2Fcomments&post=40801"}],"version-history":[{"count":2,"href":"https:\/\/atecordoba.org\/index.php?rest_route=\/wp\/v2\/posts\/40801\/revisions"}],"predecessor-version":[{"id":40806,"href":"https:\/\/atecordoba.org\/index.php?rest_route=\/wp\/v2\/posts\/40801\/revisions\/40806"}],"wp:featuredmedia":[{"embeddable":true,"href":"https:\/\/atecordoba.org\/index.php?rest_route=\/wp\/v2\/media\/40807"}],"wp:attachment":[{"href":"https:\/\/atecordoba.org\/index.php?rest_route=%2Fwp%2Fv2%2Fmedia&parent=40801"}],"wp:term":[{"taxonomy":"category","embeddable":true,"href":"https:\/\/atecordoba.org\/index.php?rest_route=%2Fwp%2Fv2%2Fcategories&post=40801"},{"taxonomy":"post_tag","embeddable":true,"href":"https:\/\/atecordoba.org\/index.php?rest_route=%2Fwp%2Fv2%2Ftags&post=40801"}],"curies":[{"name":"wp","href":"https:\/\/api.w.org\/{rel}","templated":true}]}}