{"id":40718,"date":"2023-12-26T10:11:45","date_gmt":"2023-12-26T13:11:45","guid":{"rendered":"https:\/\/atecordoba.org\/?p=40718"},"modified":"2023-12-26T10:11:46","modified_gmt":"2023-12-26T13:11:46","slug":"ate-se-moviliza-manana-en-todo-el-pais-contra-el-despido-de-7-000-trabajadores-en-el-estado","status":"publish","type":"post","link":"https:\/\/atecordoba.org\/?p=40718","title":{"rendered":"ATE se moviliza ma\u00f1ana en todo el pa\u00eds contra el despido de 7.000 trabajadores en el Estado"},"content":{"rendered":"<div class=\"wp-block-image\">\n<figure class=\"aligncenter size-large is-resized\"><img loading=\"lazy\" decoding=\"async\" src=\"https:\/\/atecordoba.org\/wp-content\/uploads\/2023\/12\/rodymicro-1024x683.jpg\" alt=\"\" class=\"wp-image-40719\" width=\"768\" height=\"512\" \/><\/figure>\n<\/div>\n\n\n<p>La Asociaci\u00f3n Trabajadores del Estado (ATE-CTAA) se movilizar\u00e1 este mi\u00e9rcoles en una nueva Jornada Nacional de Lucha para reclamar contra el Decreto mediante el cual se pretende despedir a 7.000 trabajadores de la Administraci\u00f3n P\u00fablica Nacional. \u201cQue nadie espere que aceptemos ni un solo despido\u201d, apunt\u00f3 Rodolfo Aguiar, Secretario General del sindicato.<\/p>\n\n\n\n<p>\u201cLos trabajadores en todos los casos desempe\u00f1an tareas que son indispensables para garantizar el funcionamiento de todas las \u00e1reas del Estado, independientemente de cu\u00e1l sea la modalidad de su v\u00ednculo contractual\u201d, asegur\u00f3. La conducci\u00f3n nacional se movilizar\u00e1 a partir de las 11 en Talcahuano y Lavalle de la Ciudad Aut\u00f3noma de Buenos Aires, frente al Palacio de Justicia de la Naci\u00f3n. En el resto de las provincias, la jornada se desarrollar\u00e1 con paros, movilizaciones, asambleas y cortes de ruta.<\/p>\n\n\n\n<p>En este marco, Aguiar se\u00f1al\u00f3: \u201cLos estatales vamos a profundizar nuestro plan de lucha. No se nos podr\u00e1 acusar de atentar contra la gobernabilidad. Est\u00e1 claro que la paz social la est\u00e1 quebrantando un Gobierno que pretende dejar a miles de familias en la calle. Es estando en la calle como vamos a frenar el ajustazo del Gobierno\u201d.<\/p>\n\n\n\n<p>\u201cSi el Gobierno avanza con estas cesant\u00edas, de manera directa se estar\u00e1 afectando a los trabajadores y familias, pero indirectamente la perjudicada ser\u00e1 toda la comunidad. En el Estado cualquier despido se traduce en una p\u00e9rdida de derechos para todo nuestro pueblo\u201d, indic\u00f3 el dirigente.<\/p>\n\n\n\n<p>Adem\u00e1s de los despidos, el Gobierno renovar\u00eda tan solo por 90 d\u00edas los contratados de forma irregular. En este sentido, Aguiar apunt\u00f3:&nbsp;<strong>\u201c<\/strong>La agresi\u00f3n a los estatales es tan grave que hasta quieren poner en disponibilidad a m\u00e1s de 70 mil trabajadores. Renovar los contratos solamente por un plazo de tres meses nos coloca frente a un estado de m\u00e1xima precarizaci\u00f3n. En la Administraci\u00f3n P\u00fablica cuesta encontrar antecedentes de un ataque de tal magnitud a los derechos laborales\u201d.<\/p>\n\n\n\n<p>En el marco de la movilizaci\u00f3n en la que tambi\u00e9n participaron las tres centrales sindicales (la CGT y las dos CTA), ATE tambi\u00e9n exigi\u00f3:<\/p>\n\n\n\n<p>\u2022 Cese de las pol\u00edticas de ajuste;<\/p>\n\n\n\n<p>\u2022 Pago de los salarios y del Sueldo Anual Complementario en tiempo y forma;<\/p>\n\n\n\n<p>\u2022 Urgente reapertura de paritarias y aumento salarial que supere la inflaci\u00f3n;<\/p>\n\n\n\n<p>\u2022 Pase a planta permanente de todos los trabajadores y estabilidad laboral;<\/p>\n\n\n\n<p>\u2022 Rechazo a la aplicaci\u00f3n del Protocolo Antimovilizaciones que intenta cercenar el derecho a peticionar a las autoridades.<\/p>\n\n\n\n<p>\u2022 Dar marcha atr\u00e1s al intento de privatizaci\u00f3n de las empresas p\u00fablicas;<\/p>\n\n\n\n<p>\u2022 Que se mantenga la devoluci\u00f3n del IVA en las compras de productos esenciales;<\/p>\n\n\n\n<p>\u2022 Contra la restituci\u00f3n del Impuesto a las Ganancias.<\/p>\n","protected":false},"excerpt":{"rendered":"<p>La Asociaci\u00f3n Trabajadores del Estado (ATE-CTAA) se movilizar\u00e1 este mi\u00e9rcoles en una nueva Jornada Nacional de Lucha para reclamar contra el Decreto mediante el cual se pretende despedir a 7.000 trabajadores de la Administraci\u00f3n P\u00fablica Nacional. \u201cQue nadie espere que aceptemos ni un solo despido\u201d, apunt\u00f3 Rodolfo Aguiar, Secretario General del sindicato. \u201cLos trabajadores en [&hellip;]<\/p>\n","protected":false},"author":7,"featured_media":40719,"comment_status":"open","ping_status":"open","sticky":false,"template":"","format":"standard","meta":{"_exactmetrics_skip_tracking":false,"_exactmetrics_sitenote_active":false,"_exactmetrics_sitenote_note":"","_exactmetrics_sitenote_category":0,"jnews-multi-image_gallery":[],"jnews_single_post":{"subtitle":"El secretario General de ATE Nacional, Rodolfo 'Rody' Aguiar se\u00f1al\u00f3: \u201cLos estatales vamos a profundizar nuestro plan de lucha. No se nos podr\u00e1 acusar de atentar contra la gobernabilidad. Est\u00e1 claro que la paz social la est\u00e1 quebrantando un Gobierno que pretende dejar a miles de familias en la calle. Es estando en la calle como vamos a frenar el ajustazo del Gobierno\u201d.","format":"standard","video":"","gallery":"","source_name":"","source_url":"","via_name":"","via_url":"","override_template":"0","override":[{"template":"1","single_blog_custom":"","parallax":"1","fullscreen":"1","layout":"no-sidebar-narrow","sidebar":"default-sidebar","second_sidebar":"default-sidebar","sticky_sidebar":"1","share_position":"bottom","share_float_style":"share-monocrhome","show_share_counter":"1","show_view_counter":"1","show_featured":"0","show_post_meta":"1","show_post_author":"0","show_post_author_image":"1","show_post_date":"1","post_date_format":"default","post_date_format_custom":"Y\/m\/d","show_post_category":"1","show_post_reading_time":"0","post_reading_time_wpm":"300","show_zoom_button":"0","zoom_button_out_step":"2","zoom_button_in_step":"3","show_post_tag":"1","show_prev_next_post":"0","show_popup_post":"0","number_popup_post":"1","show_author_box":"0","show_post_related":"1","show_inline_post_related":"0"}],"override_image_size":"0","image_override":[{"single_post_thumbnail_size":"crop-500","single_post_gallery_size":"crop-500"}],"trending_post":"0","trending_post_position":"meta","trending_post_label":"Trending","sponsored_post":"0","sponsored_post_label":"Sponsored by","sponsored_post_name":"","sponsored_post_url":"","sponsored_post_logo_enable":"0","sponsored_post_logo":"","sponsored_post_desc":"","disable_ad":"0"},"jnews_primary_category":{"id":"","hide":""},"jnews_social_meta":{"fb_title":"","fb_description":"","fb_image":"","twitter_title":"","twitter_description":"","twitter_image":""},"jnews_review":[],"enable_review":"0","type":"percentage","name":"","summary":"","brand":"","sku":"","good":[{"good_text":""}],"bad":[{"bad_text":""}],"score_override":"","override_value":"","rating":[{"rating_text":"","rating_number":"10"}],"price":[{"shop":"","price":"","link":"","icon":""}],"jnews_override_counter":{"override_view_counter":"0","view_counter_number":"0","override_share_counter":"0","share_counter_number":"0","override_like_counter":"0","like_counter_number":"0","override_dislike_counter":"0","dislike_counter_number":"0"},"jnews_post_split":{"enable_post_split":"0","post_split":[{"template":"1","tag":"h2","numbering":"asc","mode":"normal","first":"0","enable_toc":"0","toc_type":"normal"}]},"footnotes":""},"categories":[756],"tags":[],"class_list":["post-40718","post","type-post","status-publish","format-standard","has-post-thumbnail","hentry","category-consejo-directivo-nacional-cdn"],"jetpack_featured_media_url":"https:\/\/atecordoba.org\/wp-content\/uploads\/2023\/12\/rodymicro-e1703596299945.jpg","_links":{"self":[{"href":"https:\/\/atecordoba.org\/index.php?rest_route=\/wp\/v2\/posts\/40718","targetHints":{"allow":["GET"]}}],"collection":[{"href":"https:\/\/atecordoba.org\/index.php?rest_route=\/wp\/v2\/posts"}],"about":[{"href":"https:\/\/atecordoba.org\/index.php?rest_route=\/wp\/v2\/types\/post"}],"author":[{"embeddable":true,"href":"https:\/\/atecordoba.org\/index.php?rest_route=\/wp\/v2\/users\/7"}],"replies":[{"embeddable":true,"href":"https:\/\/atecordoba.org\/index.php?rest_route=%2Fwp%2Fv2%2Fcomments&post=40718"}],"version-history":[{"count":1,"href":"https:\/\/atecordoba.org\/index.php?rest_route=\/wp\/v2\/posts\/40718\/revisions"}],"predecessor-version":[{"id":40720,"href":"https:\/\/atecordoba.org\/index.php?rest_route=\/wp\/v2\/posts\/40718\/revisions\/40720"}],"wp:featuredmedia":[{"embeddable":true,"href":"https:\/\/atecordoba.org\/index.php?rest_route=\/wp\/v2\/media\/40719"}],"wp:attachment":[{"href":"https:\/\/atecordoba.org\/index.php?rest_route=%2Fwp%2Fv2%2Fmedia&parent=40718"}],"wp:term":[{"taxonomy":"category","embeddable":true,"href":"https:\/\/atecordoba.org\/index.php?rest_route=%2Fwp%2Fv2%2Fcategories&post=40718"},{"taxonomy":"post_tag","embeddable":true,"href":"https:\/\/atecordoba.org\/index.php?rest_route=%2Fwp%2Fv2%2Ftags&post=40718"}],"curies":[{"name":"wp","href":"https:\/\/api.w.org\/{rel}","templated":true}]}}